{"id":17887,"date":"2023-08-01T07:07:12","date_gmt":"2023-08-01T10:07:12","guid":{"rendered":"https:\/\/radiobitacora.com.ar\/web\/?p=17887"},"modified":"2023-08-01T07:07:12","modified_gmt":"2023-08-01T10:07:12","slug":"municipalidad-de-goya-agosto-llega-con-20-de-aumento-de-haberes","status":"publish","type":"post","link":"https:\/\/radiobitacora.com.ar\/web\/2023\/08\/01\/municipalidad-de-goya-agosto-llega-con-20-de-aumento-de-haberes\/","title":{"rendered":"Municipalidad de Goya: Agosto llega con 20% de aumento de haberes"},"content":{"rendered":"<p class=\"rtejustify\">El 11 de agosto, la Municipalidad de Goya abonar\u00e1 al personal \u201cpor d\u00eda\u201d y \u201cpor expediente\u201d con un aumento promedio del 20% en sus haberes.<\/p>\n<p class=\"rtejustify\">En su cuenta de Twitter, el intendente Mariano Hormaechea anunci\u00f3 la buena noticia para el citado personal que en la fecha antes indicada cobrar\u00e1n sus haberes de julio. Puntualmente, el personal por D\u00eda tendr\u00e1 un aumento de 21,62% en su retribuci\u00f3n, en tanto el personal por Expediente cobrar\u00e1 con un incremento del 20%.<\/p>\n<p class=\"rtejustify\">Una muestra m\u00e1s de las respuestas que la administraci\u00f3n municipal lleva adelante para fortalecer la econom\u00eda del personal municipal ante el deterioro de la econom\u00eda nacional producto de la crisis inflacionaria.<\/p>\n","protected":false},"excerpt":{"rendered":"<p>El 11 de agosto, la Municipalidad de Goya abonar\u00e1 al personal \u201cpor d\u00eda\u201d y \u201cpor expediente\u201d con un aumento promedio del 20% en sus haberes. En su cuenta de Twitter, el intendente Mariano Hormaechea anunci\u00f3 la buena noticia para el citado personal que en la fecha antes indicada cobrar\u00e1n sus haberes de julio. Puntualmente, el [&hellip;]<\/p>\n","protected":false},"author":2,"featured_media":17888,"comment_status":"closed","ping_status":"closed","sticky":false,"template":"","format":"standard","meta":{"footnotes":""},"categories":[56],"tags":[],"class_list":{"0":"post-17887","1":"post","2":"type-post","3":"status-publish","4":"format-standard","5":"has-post-thumbnail","7":"category-locales"},"_links":{"self":[{"href":"https:\/\/radiobitacora.com.ar\/web\/wp-json\/wp\/v2\/posts\/17887","targetHints":{"allow":["GET"]}}],"collection":[{"href":"https:\/\/radiobitacora.com.ar\/web\/wp-json\/wp\/v2\/posts"}],"about":[{"href":"https:\/\/radiobitacora.com.ar\/web\/wp-json\/wp\/v2\/types\/post"}],"author":[{"embeddable":true,"href":"https:\/\/radiobitacora.com.ar\/web\/wp-json\/wp\/v2\/users\/2"}],"replies":[{"embeddable":true,"href":"https:\/\/radiobitacora.com.ar\/web\/wp-json\/wp\/v2\/comments?post=17887"}],"version-history":[{"count":0,"href":"https:\/\/radiobitacora.com.ar\/web\/wp-json\/wp\/v2\/posts\/17887\/revisions"}],"wp:featuredmedia":[{"embeddable":true,"href":"https:\/\/radiobitacora.com.ar\/web\/wp-json\/wp\/v2\/media\/17888"}],"wp:attachment":[{"href":"https:\/\/radiobitacora.com.ar\/web\/wp-json\/wp\/v2\/media?parent=17887"}],"wp:term":[{"taxonomy":"category","embeddable":true,"href":"https:\/\/radiobitacora.com.ar\/web\/wp-json\/wp\/v2\/categories?post=17887"},{"taxonomy":"post_tag","embeddable":true,"href":"https:\/\/radiobitacora.com.ar\/web\/wp-json\/wp\/v2\/tags?post=17887"}],"curies":[{"name":"wp","href":"https:\/\/api.w.org\/{rel}","templated":true}]}}