{"id":17902,"date":"2023-08-01T07:32:30","date_gmt":"2023-08-01T10:32:30","guid":{"rendered":"https:\/\/radiobitacora.com.ar\/web\/?p=17902"},"modified":"2023-08-01T07:32:30","modified_gmt":"2023-08-01T10:32:30","slug":"comenzo-el-despliegue-de-los-ejercitos-de-argentina-y-brasil-en-monte-caseros","status":"publish","type":"post","link":"https:\/\/radiobitacora.com.ar\/web\/2023\/08\/01\/comenzo-el-despliegue-de-los-ejercitos-de-argentina-y-brasil-en-monte-caseros\/","title":{"rendered":"Comenz\u00f3 el despliegue de los ej\u00e9rcitos de Argentina y Brasil en Monte Caseros"},"content":{"rendered":"<p>Los Ej\u00e9rcitos de Brasil y Argentina iniciaron esta semana la Operaci\u00f3n Arand\u00fa, un ejercicio entre las dos fuerzas con el objetivo de consolidar la cooperaci\u00f3n militar entre ambos pa\u00edses y fortalecer los lazos de uni\u00f3n y amistad entre las dos naciones. Los traslados hacia la provincia de Corrientes, el epicentro de esta organizaci\u00f3n, comenzaron el fin de semana y sus actividades se extender\u00e1n hasta el viernes.<\/p>\n<p>Con la participaci\u00f3n de 300 soldados del Ej\u00e9rcito Brasile\u00f1o y 322 del Ej\u00e9rcito Argentino, el operativo se realizar\u00e1 en el Campo de Instrucci\u00f3n General \u00c1valos, en Monte Caseros, Argentina.<\/p>\n<p>El ejercicio incluye actividades sobre el terreno que realizar\u00e1n de forma conjunta ambas fuerzas, como lanzamientos y ataques de paracaidistas, despliegue de veh\u00edculos blindados, ataques a aeronaves y otros de tropas. La operaci\u00f3n tambi\u00e9n contar\u00e1 con el uso de aeronaves y veh\u00edculos blindados de ambos pa\u00edses.<\/p>\n<p>Cronograma<\/p>\n<p>Las ejercitaciones en el terreno comenzaron ayer con la impartici\u00f3n de una orden breve (orden tipo misi\u00f3n), que da inicio al planeamiento de los elementos de ambos pa\u00edses que integran la brigada combinada Arand\u00fa.<\/p>\n<div class=\"container_publi\" data-tipo=\"tipo_desktop \" data-pos=\"AMP_P1_cuerpo\"><\/div>\n<p>Para hoy se tienen previstas, durante la fase de planeamiento, actividades preparatorias y ensayos de elementos de asalto a\u00e9reo, pr\u00e1cticas de lanzamiento e infiltraci\u00f3n de tropas especiales.<\/p>\n<p>Ma\u00f1ana, durante la fase de ejecuci\u00f3n se ejecutar\u00e1 la marcha de los elementos blindados (tanques), el lanzamiento de paracaidistas y el movimiento en helic\u00f3pteros del elemento de asalto a\u00e9reo, las acciones de las tropas de operaciones especiales, el tiro de los tanques y el posterior franqueo del r\u00edo con medios blindados. El jueves, continuando con la fase ejecuci\u00f3n, se reorientar\u00e1 el planeamiento, se har\u00e1n nuevos movimientos a nuevos objetivos y operaciones similares a las actuadas el d\u00eda anterior para finalizar durante la tarde noche con las actividades y se dar\u00e1 un cierre a las ejercitaciones.<\/p>\n<p>Coordinaci\u00f3n<\/p>\n<p>La implementaci\u00f3n del ciclo de ejercicios militares Arand\u00fa qued\u00f3 establecida en la XIV Conferencia Bilateral, en 2020. En tanto que en 2022 se realizaron simulacros en Argentina para capacitar al personal de las tropas de ambos pa\u00edses.<\/p>\n<p>En abril de 2023 se llev\u00f3 a cabo una Reuni\u00f3n Final de Coordinaci\u00f3n en la ciudad de Buenos Aires, Argentina. En junio de este mismo a\u00f1o se realiz\u00f3 una inspecci\u00f3n presencial a los efectivos y materiales que se utilizar\u00e1n en la operaci\u00f3n.<\/p>\n","protected":false},"excerpt":{"rendered":"<p>Los Ej\u00e9rcitos de Brasil y Argentina iniciaron esta semana la Operaci\u00f3n Arand\u00fa, un ejercicio entre las dos fuerzas con el objetivo de consolidar la cooperaci\u00f3n militar entre ambos pa\u00edses y fortalecer los lazos de uni\u00f3n y amistad entre las dos naciones. Los traslados hacia la provincia de Corrientes, el epicentro de esta organizaci\u00f3n, comenzaron el [&hellip;]<\/p>\n","protected":false},"author":2,"featured_media":17903,"comment_status":"closed","ping_status":"closed","sticky":false,"template":"","format":"standard","meta":{"footnotes":""},"categories":[79],"tags":[],"class_list":{"0":"post-17902","1":"post","2":"type-post","3":"status-publish","4":"format-standard","5":"has-post-thumbnail","7":"category-politica"},"_links":{"self":[{"href":"https:\/\/radiobitacora.com.ar\/web\/wp-json\/wp\/v2\/posts\/17902","targetHints":{"allow":["GET"]}}],"collection":[{"href":"https:\/\/radiobitacora.com.ar\/web\/wp-json\/wp\/v2\/posts"}],"about":[{"href":"https:\/\/radiobitacora.com.ar\/web\/wp-json\/wp\/v2\/types\/post"}],"author":[{"embeddable":true,"href":"https:\/\/radiobitacora.com.ar\/web\/wp-json\/wp\/v2\/users\/2"}],"replies":[{"embeddable":true,"href":"https:\/\/radiobitacora.com.ar\/web\/wp-json\/wp\/v2\/comments?post=17902"}],"version-history":[{"count":0,"href":"https:\/\/radiobitacora.com.ar\/web\/wp-json\/wp\/v2\/posts\/17902\/revisions"}],"wp:featuredmedia":[{"embeddable":true,"href":"https:\/\/radiobitacora.com.ar\/web\/wp-json\/wp\/v2\/media\/17903"}],"wp:attachment":[{"href":"https:\/\/radiobitacora.com.ar\/web\/wp-json\/wp\/v2\/media?parent=17902"}],"wp:term":[{"taxonomy":"category","embeddable":true,"href":"https:\/\/radiobitacora.com.ar\/web\/wp-json\/wp\/v2\/categories?post=17902"},{"taxonomy":"post_tag","embeddable":true,"href":"https:\/\/radiobitacora.com.ar\/web\/wp-json\/wp\/v2\/tags?post=17902"}],"curies":[{"name":"wp","href":"https:\/\/api.w.org\/{rel}","templated":true}]}}