{"id":17933,"date":"2023-08-02T07:30:28","date_gmt":"2023-08-02T10:30:28","guid":{"rendered":"https:\/\/radiobitacora.com.ar\/web\/?p=17933"},"modified":"2023-08-02T07:30:28","modified_gmt":"2023-08-02T10:30:28","slug":"luis-miguel-llego-a-buenos-aires-para-iniciar-su-gira-mundial","status":"publish","type":"post","link":"https:\/\/radiobitacora.com.ar\/web\/2023\/08\/02\/luis-miguel-llego-a-buenos-aires-para-iniciar-su-gira-mundial\/","title":{"rendered":"Luis Miguel lleg\u00f3 a Buenos Aires para iniciar su gira mundial"},"content":{"rendered":"<p class=\"paragraph\" data-mrf-recirculation=\"Links inline\">Este martes 1 de agosto,\u00a0<b>Luis Miguel<\/b>\u00a0arrib\u00f3 al aeropuerto de Ezeiza en un avi\u00f3n privado proveniente de Ecuador. De esta manera,\u00a0<b>El Sol de M\u00e9xico<\/b>\u00a0se prepara para dar inicio al tour mundial 2023, con la presentaci\u00f3n de una serie de 10 shows en el Movistar Arena.<\/p>\n<p class=\"paragraph\" data-mrf-recirculation=\"Links inline\">Seg\u00fan pudo saber\u00a0<b>Teleshow<\/b>, el artista y su novia\u00a0<b>Paloma Cuevas<\/b>\u00a0se embarcaron en la noche del lunes desde Cabo San Lucas con destino a Buenos Aires. En el tramo, debieron hacer una escala en Guayaquil para cargar combustible y arribaron a la Argentina con tres horas de demora.<\/p>\n<p class=\"paragraph\" data-mrf-recirculation=\"Links inline\">El avi\u00f3n privado ten\u00eda tres planes de vuelo diferentes para despistar a la prensa: uno con destino\u00a0<b>San Fernando<\/b>, otro rumbo a Aeroparque, a la base a\u00e9rea militar y finalmente el que lo deposit\u00f3 en Ezeiza. Apenas llegaron a Buenos Aires,<i>\u00a0Luismi<\/i>\u00a0y Paloma salieron en una camioneta blindada, en otra viajaba sus seguridad, y fueron escoltados por seis motos de la polic\u00eda hasta el hotel Faena, donde se alojar\u00e1 en su estad\u00eda porte\u00f1a.<\/p>\n<div class=\"visual__image\"><img loading=\"lazy\" decoding=\"async\" class=\" lazyload\" src=\"https:\/\/www.infobae.com\/new-resizer\/xXoWP-hMqAl3tz_N6ECNH5oY_4A=\/arc-anglerfish-arc2-prod-infobae\/public\/6G4NEWEJZBFITAJ5SC7XQVVDAM.jpg\" sizes=\"auto, (min-width: 800px) 50vw, 90vw\" srcset=\"https:\/\/www.infobae.com\/new-resizer\/YYJYTs2mInaO9VRWxHOFZDM4L2k=\/420x236\/filters:format(webp):quality(85)\/cloudfront-us-east-1.images.arcpublishing.com\/infobae\/6G4NEWEJZBFITAJ5SC7XQVVDAM.jpg 420w,https:\/\/www.infobae.com\/new-resizer\/IL1JzvWbP9ysjQgmu8cGWoMVKhQ=\/768x432\/filters:format(webp):quality(85)\/cloudfront-us-east-1.images.arcpublishing.com\/infobae\/6G4NEWEJZBFITAJ5SC7XQVVDAM.jpg 768w,https:\/\/www.infobae.com\/new-resizer\/D595Z993uk7VvFbJu0a_410OA5c=\/992x558\/filters:format(webp):quality(85)\/cloudfront-us-east-1.images.arcpublishing.com\/infobae\/6G4NEWEJZBFITAJ5SC7XQVVDAM.jpg 992w,https:\/\/www.infobae.com\/new-resizer\/u6ieWfcK-OlTciIQfW2hNVQ7ur4=\/1200x675\/filters:format(webp):quality(85)\/cloudfront-us-east-1.images.arcpublishing.com\/infobae\/6G4NEWEJZBFITAJ5SC7XQVVDAM.jpg 1200w,https:\/\/www.infobae.com\/new-resizer\/WMei92jsFKZAwaQ_mO-CwKrqqIU=\/1440x810\/filters:format(webp):quality(85)\/cloudfront-us-east-1.images.arcpublishing.com\/infobae\/6G4NEWEJZBFITAJ5SC7XQVVDAM.jpg 1440w\" alt=\"Luis Miguel lleg\u00f3 a Buenos Aires acompa\u00f1ado por Paloma Cuevas\" width=\"1920\" height=\"1080\" data-src=\"https:\/\/www.infobae.com\/new-resizer\/xXoWP-hMqAl3tz_N6ECNH5oY_4A=\/arc-anglerfish-arc2-prod-infobae\/public\/6G4NEWEJZBFITAJ5SC7XQVVDAM.jpg\" \/>Luis Miguel lleg\u00f3 a Buenos Aires acompa\u00f1ado por Paloma Cuevas<\/div>\n<div class=\"visual__image\"><img loading=\"lazy\" decoding=\"async\" class=\" lazyload\" src=\"https:\/\/www.infobae.com\/new-resizer\/SmAsDkwegSITtvFUSkBZ8ZMNldc=\/arc-anglerfish-arc2-prod-infobae\/public\/J7PL3BL2RBDNRODF2Z3M6FBNTU.jpg\" sizes=\"auto, (min-width: 800px) 50vw, 90vw\" srcset=\"https:\/\/www.infobae.com\/new-resizer\/Mqs6_27HMQNMhazb4KBWIFLvRww=\/420x236\/filters:format(webp):quality(85)\/cloudfront-us-east-1.images.arcpublishing.com\/infobae\/J7PL3BL2RBDNRODF2Z3M6FBNTU.jpg 420w,https:\/\/www.infobae.com\/new-resizer\/3SBN_iVUpoyz9jkAb_yN5AL7lLM=\/768x432\/filters:format(webp):quality(85)\/cloudfront-us-east-1.images.arcpublishing.com\/infobae\/J7PL3BL2RBDNRODF2Z3M6FBNTU.jpg 768w,https:\/\/www.infobae.com\/new-resizer\/WPkgpCGHFVw3cZVAr--xyfrQDWw=\/992x558\/filters:format(webp):quality(85)\/cloudfront-us-east-1.images.arcpublishing.com\/infobae\/J7PL3BL2RBDNRODF2Z3M6FBNTU.jpg 992w,https:\/\/www.infobae.com\/new-resizer\/x3TdtmdcWlRzfh8sSghtRxmeABI=\/1200x675\/filters:format(webp):quality(85)\/cloudfront-us-east-1.images.arcpublishing.com\/infobae\/J7PL3BL2RBDNRODF2Z3M6FBNTU.jpg 1200w,https:\/\/www.infobae.com\/new-resizer\/PhdK07dY0kFCRSLz8VQkLnODxhI=\/1440x810\/filters:format(webp):quality(85)\/cloudfront-us-east-1.images.arcpublishing.com\/infobae\/J7PL3BL2RBDNRODF2Z3M6FBNTU.jpg 1440w\" alt=\"La llegada Luis Miguel a la Argentina (RS Fotos)\" width=\"1920\" height=\"1080\" data-src=\"https:\/\/www.infobae.com\/new-resizer\/SmAsDkwegSITtvFUSkBZ8ZMNldc=\/arc-anglerfish-arc2-prod-infobae\/public\/J7PL3BL2RBDNRODF2Z3M6FBNTU.jpg\" \/>La llegada Luis Miguel a la Argentina (RS Fotos)<\/div>\n<p class=\"paragraph\" data-mrf-recirculation=\"Links inline\">All\u00ed lo esperaba el fans club\u00a0<i><b>Tengo todo excepto a ti<\/b><\/i>, que lleva m\u00e1s de 30 a\u00f1os siguiendo sus pasos y es el \u00fanico del pa\u00eds autorizado por el astro mexicano. El grupo viene palpitando el arribo del cantante desde que se anunci\u00f3 el comienzo de la gira y lanz\u00f3 una convocatoria para que el p\u00fablico que se acerque al Movistar Arena\u00a0<a href=\"https:\/\/www.infobae.com\/teleshow\/2023\/07\/19\/las-fanaticas-de-luis-miguel-lanzaron-una-campana-para-los-shows-en-argentina-la-llamativa-propuesta-y-el-apoyo-de-los-famosos\/\" target=\"_blank\" rel=\"noopener noreferrer\" data-mrf-link=\"https:\/\/www.infobae.com\/teleshow\/2023\/07\/19\/las-fanaticas-de-luis-miguel-lanzaron-una-campana-para-los-shows-en-argentina-la-llamativa-propuesta-y-el-apoyo-de-los-famosos\/\">lo haga con alguna prenda de color celeste<\/a>, con el objetivo de \u201cdarle la bienvenida y homenajearlo con los colores de nuestra bandera\u201d, seg\u00fan detallaron en el comunicado.<\/p>\n<p class=\"paragraph\" data-mrf-recirculation=\"Links inline\">Apenas salieron a la venta los tickets para los shows en nuestro pa\u00eds, se agotaron r\u00e1pidamente. El artista fue sumando algunas presentaciones hasta llegar a diez para que la mayor cantidad de fan\u00e1ticas tuvieran la posibilidad de escucharlo cantar sus cl\u00e1sicos hits y sus nuevos temas sobre el escenario.<\/p>\n<p class=\"paragraph\" data-mrf-recirculation=\"Links inline\">El int\u00e9rprete de 53 a\u00f1os disfruta de su relaci\u00f3n amorosa con la empresaria y dise\u00f1adora espa\u00f1ola. La primera vez que se mostr\u00f3 con su pareja en p\u00fablico fue en abril pasado cuando los fotografiaron en el aeropuerto de\u00a0<b>Madrid<\/b>, a punto\u00a0<a href=\"https:\/\/www.infobae.com\/teleshow\/2023\/04\/13\/luis-miguel-se-mostro-con-su-nueva-novia-y-llamo-la-atencion-por-su-particular-cambio-de-look\/\" rel=\"noopener noreferrer\" data-mrf-link=\"https:\/\/www.infobae.com\/teleshow\/2023\/04\/13\/luis-miguel-se-mostro-con-su-nueva-novia-y-llamo-la-atencion-por-su-particular-cambio-de-look\/\">de tomar un vuelo privado hacia sus primeras vacaciones<\/a>.<\/p>\n<p class=\"paragraph\" data-mrf-recirculation=\"Links inline\">A principios de junio,\u00a0<a href=\"https:\/\/www.infobae.com\/teleshow\/2023\/06\/09\/la-escapada-romantica-de-luis-miguel-y-su-nueva-novia-paloma-cuevas-a-paris\/\" target=\"_blank\" rel=\"noopener noreferrer\" data-mrf-link=\"https:\/\/www.infobae.com\/teleshow\/2023\/06\/09\/la-escapada-romantica-de-luis-miguel-y-su-nueva-novia-paloma-cuevas-a-paris\/\">ambos viajaron a Par\u00eds para asistir a la boda del hijo de la dise\u00f1adora\u00a0<b>Rosa Clar\u00e1<\/b>,<b>\u00a0Daniel,<\/b><\/a>\u00a0con la economista\u00a0<b>Anne-Marie Colling<\/b>. Paloma es amiga \u00edntima de la familia de la mencionada modista ya que mantienen un v\u00ednculo laboral desde hace a\u00f1os. En aquella oportunidad, la pareja fue captada por los fot\u00f3grafos mientras caminaba por las calles de Par\u00eds luego de asistir a la fiesta preboda. Lo llamativo es que el mismo Luis Miguel comparti\u00f3 en sus redes estas im\u00e1genes.<\/p>\n<div class=\"visual__image\"><img loading=\"lazy\" decoding=\"async\" class=\" lazyload\" src=\"https:\/\/www.infobae.com\/new-resizer\/vw9_cbFnmwNgftAUBmUIkdw4PGY=\/arc-anglerfish-arc2-prod-infobae\/public\/L3WSUSXFSNC37OP6AFAWZVGF54.jpg\" sizes=\"auto, (min-width: 800px) 50vw, 90vw\" srcset=\"https:\/\/www.infobae.com\/new-resizer\/YmRWvLFqXGIRyBNGr84ohe3OFsw=\/420x236\/filters:format(webp):quality(85)\/cloudfront-us-east-1.images.arcpublishing.com\/infobae\/L3WSUSXFSNC37OP6AFAWZVGF54.jpg 420w,https:\/\/www.infobae.com\/new-resizer\/fMMaAE7plhy8xOPku-JfgIQkZqY=\/768x432\/filters:format(webp):quality(85)\/cloudfront-us-east-1.images.arcpublishing.com\/infobae\/L3WSUSXFSNC37OP6AFAWZVGF54.jpg 768w,https:\/\/www.infobae.com\/new-resizer\/mMLWYGMAGWMYOUHFtonmBFMXIHE=\/992x558\/filters:format(webp):quality(85)\/cloudfront-us-east-1.images.arcpublishing.com\/infobae\/L3WSUSXFSNC37OP6AFAWZVGF54.jpg 992w,https:\/\/www.infobae.com\/new-resizer\/QnKiWxMO5Fd53j7dSocAhv2kz8I=\/1200x675\/filters:format(webp):quality(85)\/cloudfront-us-east-1.images.arcpublishing.com\/infobae\/L3WSUSXFSNC37OP6AFAWZVGF54.jpg 1200w,https:\/\/www.infobae.com\/new-resizer\/GGJR9iY_GkB0HmIa-9UU5--EsJE=\/1440x810\/filters:format(webp):quality(85)\/cloudfront-us-east-1.images.arcpublishing.com\/infobae\/L3WSUSXFSNC37OP6AFAWZVGF54.jpg 1440w\" alt=\"Los fans esperaron a Luis Miguel en el Hotel Faena\" width=\"1920\" height=\"1080\" data-src=\"https:\/\/www.infobae.com\/new-resizer\/vw9_cbFnmwNgftAUBmUIkdw4PGY=\/arc-anglerfish-arc2-prod-infobae\/public\/L3WSUSXFSNC37OP6AFAWZVGF54.jpg\" \/>Los fans esperaron a Luis Miguel en el Hotel Faena<\/div>\n<div class=\"visual__image\"><img loading=\"lazy\" decoding=\"async\" class=\" lazyload\" src=\"https:\/\/www.infobae.com\/new-resizer\/Jsp2xMP2GW1-SNr-a6GKwoY2Oks=\/arc-anglerfish-arc2-prod-infobae\/public\/WWUZB25AHVFRZJ2EFTHSSC5F5M.jpg\" sizes=\"auto, (min-width: 800px) 50vw, 90vw\" srcset=\"https:\/\/www.infobae.com\/new-resizer\/-Sz1tkUleEePFZPI_2GWuv_FiTA=\/420x236\/filters:format(webp):quality(85)\/cloudfront-us-east-1.images.arcpublishing.com\/infobae\/WWUZB25AHVFRZJ2EFTHSSC5F5M.jpg 420w,https:\/\/www.infobae.com\/new-resizer\/K2MXva11cAGIX872uzc-NJGuCHM=\/768x432\/filters:format(webp):quality(85)\/cloudfront-us-east-1.images.arcpublishing.com\/infobae\/WWUZB25AHVFRZJ2EFTHSSC5F5M.jpg 768w,https:\/\/www.infobae.com\/new-resizer\/PgXAcMuJgH-_kiHqQPvoY_Syti8=\/992x558\/filters:format(webp):quality(85)\/cloudfront-us-east-1.images.arcpublishing.com\/infobae\/WWUZB25AHVFRZJ2EFTHSSC5F5M.jpg 992w,https:\/\/www.infobae.com\/new-resizer\/FamtxBOD7MqKxpx3y4-XjrcLmK8=\/1200x675\/filters:format(webp):quality(85)\/cloudfront-us-east-1.images.arcpublishing.com\/infobae\/WWUZB25AHVFRZJ2EFTHSSC5F5M.jpg 1200w,https:\/\/www.infobae.com\/new-resizer\/NS5TFA_qqCoBnOab3GhMr84Znm0=\/1440x810\/filters:format(webp):quality(85)\/cloudfront-us-east-1.images.arcpublishing.com\/infobae\/WWUZB25AHVFRZJ2EFTHSSC5F5M.jpg 1440w\" alt=\"La llegada de la camioneta con Luis Miguel\" width=\"1920\" height=\"1080\" data-src=\"https:\/\/www.infobae.com\/new-resizer\/Jsp2xMP2GW1-SNr-a6GKwoY2Oks=\/arc-anglerfish-arc2-prod-infobae\/public\/WWUZB25AHVFRZJ2EFTHSSC5F5M.jpg\" \/>La llegada de la camioneta con Luis Miguel<\/div>\n<p class=\"paragraph\" data-mrf-recirculation=\"Links inline\">Hay una enorme expectativa por su regreso a los escenarios, ya que el cantante hab\u00eda realizado su \u00faltima gira mundial \u201c<i>M\u00e9xico por Siempre\u201d<\/i>\u00a0entre 2018 y 2019, donde tambi\u00e9n visit\u00f3 Estados Unidos, Espa\u00f1a, M\u00e9xico y el resto de Am\u00e9rica Latina, la cual fue premiada por la revista Billboard como \u201cGira del A\u00f1o\u201d.<\/p>\n<p class=\"paragraph\" data-mrf-recirculation=\"Links inline\"><a href=\"https:\/\/www.infobae.com\/teleshow\/2023\/05\/11\/arraso-luis-miguel-agoto-nueve-funciones-en-argentina-y-agrego-una-nueva-fecha-donde-comprar-las-entradas\/\" rel=\"noopener noreferrer\" data-mrf-link=\"https:\/\/www.infobae.com\/teleshow\/2023\/05\/11\/arraso-luis-miguel-agoto-nueve-funciones-en-argentina-y-agrego-una-nueva-fecha-donde-comprar-las-entradas\/\">Luis Miguel presentar\u00e1 shows el 3, 4, 6, 8, 9, 12, 15, 16, 17 y 18 de agosto en el Movistar Arena.\u00a0<\/a>Tras su paso por Buenos Aires, el artista seguir\u00e1 en Santiago de Chile el 21, 22 y 23 de agosto, para despu\u00e9s continuar a Estados Unidos. El tour lo tendr\u00e1 varios meses por el mundo, diferentes pa\u00edses y culturas para finalizar el 17 de diciembre en M\u00e9xico, en la ciudad de Guadalajara.<\/p>\n<div class=\"jwplayer-ctn\">Los fans aclaman a Luis Miguel en el Hotel Faena (Instagram)<\/div>\n<p class=\"paragraph\" data-mrf-recirculation=\"Links inline\">Cabe destacar que el artista ha roto r\u00e9cords de asistencia en cada una de sus giras mundiales y ha recibido numerosos premios. En el Auditorio Nacional, el foro m\u00e1s importante de M\u00e9xico, estableci\u00f3 r\u00e9cords de asistencia con 226 presentaciones en este escenario. Tambi\u00e9n ha sido reconocido por tener la gira m\u00e1s larga y taquillera que un artista latino ha realizado,<i>\u00a0Luis Miguel Tour,\u00a0<\/i>iniciada en el 2010, la cual dur\u00f3 tres a\u00f1os y present\u00f3 223 shows en todo el mundo.<\/p>\n","protected":false},"excerpt":{"rendered":"<p>Este martes 1 de agosto,\u00a0Luis Miguel\u00a0arrib\u00f3 al aeropuerto de Ezeiza en un avi\u00f3n privado proveniente de Ecuador. De esta manera,\u00a0El Sol de M\u00e9xico\u00a0se prepara para dar inicio al tour mundial 2023, con la presentaci\u00f3n de una serie de 10 shows en el Movistar Arena. Seg\u00fan pudo saber\u00a0Teleshow, el artista y su novia\u00a0Paloma Cuevas\u00a0se embarcaron en [&hellip;]<\/p>\n","protected":false},"author":2,"featured_media":17934,"comment_status":"closed","ping_status":"closed","sticky":false,"template":"","format":"standard","meta":{"footnotes":""},"categories":[67],"tags":[],"class_list":{"0":"post-17933","1":"post","2":"type-post","3":"status-publish","4":"format-standard","5":"has-post-thumbnail","7":"category-espectaculo"},"_links":{"self":[{"href":"https:\/\/radiobitacora.com.ar\/web\/wp-json\/wp\/v2\/posts\/17933","targetHints":{"allow":["GET"]}}],"collection":[{"href":"https:\/\/radiobitacora.com.ar\/web\/wp-json\/wp\/v2\/posts"}],"about":[{"href":"https:\/\/radiobitacora.com.ar\/web\/wp-json\/wp\/v2\/types\/post"}],"author":[{"embeddable":true,"href":"https:\/\/radiobitacora.com.ar\/web\/wp-json\/wp\/v2\/users\/2"}],"replies":[{"embeddable":true,"href":"https:\/\/radiobitacora.com.ar\/web\/wp-json\/wp\/v2\/comments?post=17933"}],"version-history":[{"count":0,"href":"https:\/\/radiobitacora.com.ar\/web\/wp-json\/wp\/v2\/posts\/17933\/revisions"}],"wp:featuredmedia":[{"embeddable":true,"href":"https:\/\/radiobitacora.com.ar\/web\/wp-json\/wp\/v2\/media\/17934"}],"wp:attachment":[{"href":"https:\/\/radiobitacora.com.ar\/web\/wp-json\/wp\/v2\/media?parent=17933"}],"wp:term":[{"taxonomy":"category","embeddable":true,"href":"https:\/\/radiobitacora.com.ar\/web\/wp-json\/wp\/v2\/categories?post=17933"},{"taxonomy":"post_tag","embeddable":true,"href":"https:\/\/radiobitacora.com.ar\/web\/wp-json\/wp\/v2\/tags?post=17933"}],"curies":[{"name":"wp","href":"https:\/\/api.w.org\/{rel}","templated":true}]}}