{"id":17954,"date":"2023-08-02T08:00:12","date_gmt":"2023-08-02T11:00:12","guid":{"rendered":"https:\/\/radiobitacora.com.ar\/web\/?p=17954"},"modified":"2023-08-02T08:00:12","modified_gmt":"2023-08-02T11:00:12","slug":"paso-de-la-patria-se-prepara-para-su-58a-fiesta-nacional-del-dorado","status":"publish","type":"post","link":"https:\/\/radiobitacora.com.ar\/web\/2023\/08\/02\/paso-de-la-patria-se-prepara-para-su-58a-fiesta-nacional-del-dorado\/","title":{"rendered":"Paso de la Patria se prepara para su 58\u00aa Fiesta Nacional del Dorado"},"content":{"rendered":"<p>El sal\u00f3n Verde de Casa de Gobierno fue el escenario elegido para la presentaci\u00f3n oficial de la 58\u00aa Fiesta Nacional de la Pesca del Dorado. Con la presencia de la ministra, Alejandro Eliciri, el intendente de la villa tur\u00edstica, Guillermo Osnaghi, y dem\u00e1s autoridades de dicha comuna. El evento se llevar\u00e1 a cabo del 16 al 20 de agosto, en Paso de la Patria.<\/p>\n<p>&nbsp;<\/p>\n<p>En contacto con la prensa, la Ministra de Turismo se\u00f1al\u00f3: &#8220;Sabemos que la pesca deportiva, como se hace en esta provincia donde se cuida mucho el tema de los recursos naturales, es algo que nos caracteriza y sobre todo en el tema de turismo, ya que es un producto muy importante para ese sector. Por eso no solamente acompa\u00f1amos, sino que tratamos de participar activamente y, por supuesto, tener ese d\u00eda un estand ene l que podamos aprovechar para seguir promocionando todas las actividades tur\u00edsticas que tiene Corrientes&#8221;.<\/p>\n<p>&nbsp;<\/p>\n<p>&#8220;Este es un producto que identifica a la provincia a nivel nacional e internacional&#8221;, remarc\u00f3 la representante de la cartera de Turismo.<\/p>\n<p>&nbsp;<\/p>\n<p>El intendente de &#8220;El Paso&#8221;, Guillermo Osnaghi, inform\u00f3 que en esta edici\u00f3n se espera una participaci\u00f3n importante de pescadoras, a la vez que coment\u00f3: &#8220;Pr\u00e1cticamente est\u00e1 todo ocupado o reservado&#8221;, en lo que respecta a capacidad hotelera, enfatizando que, una vez m\u00e1s, la fiesta tendr\u00e1 una gran convocatoria.<\/p>\n<p>&nbsp;<\/p>\n<p>Adem\u00e1s de la competencia deportiva de pesca, los encargados de la organizaci\u00f3n del enorme evento remarcaron que habr\u00e1 una amplia variedad de actividades para toda la familia, como shows musicales, ferias artesanales y gastron\u00f3micas, entre otras propuestas que habr\u00e1 en la villa tur\u00edstica.<\/p>\n<p>&nbsp;<\/p>\n<p>A diferencia de ediciones anteriores, este a\u00f1o la fiesta se renueva con la inauguraci\u00f3n de su predio Expo Dorado, en el que se concentrar\u00e1n todas las actividades conjuntas al torneo y al festival. Tambi\u00e9n suma dos d\u00edas a su calendario para disfrutar de cinco jornadas exclusivas.<\/p>\n<div class=\"center medium m_image\">\n<figure><picture><source srcset=\"https:\/\/www.diarioepoca.com\/content\/bucket\/0\/1311710w380h178c.jpg.webp\" type=\"image\/webp\" media=\"(min-width: 640px)\" \/><source srcset=\"https:\/\/www.diarioepoca.com\/content\/bucket\/0\/1311710w440h206c.jpg.webp\" type=\"image\/webp\" media=\"(min-width: 300px)\" \/><source srcset=\"https:\/\/www.diarioepoca.com\/content\/bucket\/0\/1311710w380h178c.jpg\" media=\"(min-width: 300px)\" \/><img loading=\"lazy\" decoding=\"async\" class=\"pic\" src=\"https:\/\/www.diarioepoca.com\/content\/bucket\/0\/1311710w380h178c.jpg.webp\" alt=\"\" width=\"380\" height=\"178\" \/><\/picture><\/figure>\n<\/div>\n<p>&nbsp;<\/p>\n<p>Las autoridades de la comuna pase\u00f1a esperan una gran concurrencia de m\u00e1s de 200 mil personas, entre pescadores, familiares, amigos y turistas que se dan cita en este torneo de pesca con devoluci\u00f3n que consta de dos costumbres: Torneo de Costa y Torneo de Embarcado.<\/p>\n<p>&nbsp;<\/p>\n<p>La competencia propiamente dicha se realizar\u00e1 el s\u00e1bado 19. La entrega de premios y sorteos ser\u00e1 el d\u00eda domingo 20, durante el tradicional &#8220;Almuerzo de los Pescadores&#8221;. La grilla art\u00edstica cuenta con una amplia variedad de estilos musicales. En tanto que el s\u00e1bado 19, se llevar\u00e1 a cabo la elecci\u00f3n de la Embajadora de la Fiesta Nacional del Dorado.<\/p>\n<p>&nbsp;<\/p>\n<p>En lo que respecta al torneo deportivo de pesca, es de destacar el gran trabajo que se realiz\u00f3 en el \u00e1rea de pesca deportiva, haciendo enfoque en la transparencia de la fiscalizaci\u00f3n, a trav\u00e9s de la incorporaci\u00f3n de personal id\u00f3neo, capacitaci\u00f3n de fiscales y la incorporaci\u00f3n de software y herramientas tecnol\u00f3gicas, haciendo de la fiscalizaci\u00f3n de este torneo uno de los m\u00e1s modernos y profesionales del pa\u00eds.<\/p>\n<p>&nbsp;<\/p>\n<p>&nbsp;<\/p>\n<h2>Premios<\/h2>\n<p>&nbsp;<\/p>\n<p>En lo que respecta a los premios, se clasificar\u00e1n y premiar\u00e1n las siguientes categor\u00edas: equipo mejor clasificado, pieza mayor, dama mejor clasificada y pescador for\u00e1neo de m\u00e1s de 400 kil\u00f3metros (nacional o extranjero) mejor clasificado.<\/p>\n<p>&nbsp;<\/p>\n<p>Ser\u00e1n sorteados entre todos los equipos inscriptos y que participen del 58\u00aa Torneo Embarcado de la Pesca del Dorado con Devoluci\u00f3n 2023:<\/p>\n<p>&nbsp;<\/p>\n<p>&#8211; Una lancha Pac\u00fa 550 con motor Yamaha 50 HP 4t con trailer.<\/p>\n<p>&nbsp;<\/p>\n<p>&#8211; Una lancha Pampa Marine 520 con motor Yamaha 40 HP 2t con trailer.<\/p>\n<p>&nbsp;<\/p>\n<p>&#8211; Una lancha Tecno 520 con motor Yamaha 40 HP 2t con trailer.<\/p>\n<p>&nbsp;<\/p>\n<p>&#8211; Un piragu\u00f3n safari con motor Yamaha 4hp 2t.<\/p>\n<p>&nbsp;<\/p>\n<p>&nbsp;<\/p>\n<h2>Precio de la entrada<\/h2>\n<p>&nbsp;<\/p>\n<p>El acceso al predio Expo Dorado los d\u00edas mi\u00e9rcoles 16 y jueves 17, ser\u00e1 con entrada libre y gratuita. Los d\u00edas viernes 18, s\u00e1bado 19 y domingo 20, se cobrar\u00e1 un precinto v\u00e1lido por los tres d\u00edas, con un \u00fanico pago de $1.000.<\/p>\n<p>&nbsp;<\/p>\n<p>Los menores de 12 a\u00f1os, jubilados, personas con discapacidad y veteranos de la Guerra de Malvinas no abonar\u00e1n ingreso.<\/p>\n<p>&nbsp;<\/p>\n<p>Para acceso VIP a la zona de escenario, se abona un adicional de $1.000 cada d\u00eda de espect\u00e1culo.<\/p>\n<p>&nbsp;<\/p>\n<p>A su vez, quienes deseen acceder al espacio de estacionamiento en el predio deber\u00e1n abonar $1.000 en el caso de tener autos y $500 en la situaci\u00f3n de tener motocicletas.<\/p>\n<p>&nbsp;<\/p>\n<p>&nbsp;<\/p>\n<h2>Promoci\u00f3n especial para pescadoras<\/h2>\n<p>&nbsp;<\/p>\n<p>La organizaci\u00f3n de la Fiesta lanz\u00f3 una promoci\u00f3n especial para fomentar la participaci\u00f3n de equipos de damas en la competencia de pesca. Consiste en que equipos de tres integrantes, formados totalmente por damas (el timonel podr\u00e1 ser var\u00f3n), podr\u00e1n inscribirse y participar abonando solamente $100.000.<\/p>\n","protected":false},"excerpt":{"rendered":"<p>El sal\u00f3n Verde de Casa de Gobierno fue el escenario elegido para la presentaci\u00f3n oficial de la 58\u00aa Fiesta Nacional de la Pesca del Dorado. Con la presencia de la ministra, Alejandro Eliciri, el intendente de la villa tur\u00edstica, Guillermo Osnaghi, y dem\u00e1s autoridades de dicha comuna. El evento se llevar\u00e1 a cabo del 16 [&hellip;]<\/p>\n","protected":false},"author":2,"featured_media":17955,"comment_status":"closed","ping_status":"closed","sticky":false,"template":"","format":"standard","meta":{"footnotes":""},"categories":[72,73],"tags":[],"class_list":{"0":"post-17954","1":"post","2":"type-post","3":"status-publish","4":"format-standard","5":"has-post-thumbnail","7":"category-provinciales","8":"category-turismo"},"_links":{"self":[{"href":"https:\/\/radiobitacora.com.ar\/web\/wp-json\/wp\/v2\/posts\/17954","targetHints":{"allow":["GET"]}}],"collection":[{"href":"https:\/\/radiobitacora.com.ar\/web\/wp-json\/wp\/v2\/posts"}],"about":[{"href":"https:\/\/radiobitacora.com.ar\/web\/wp-json\/wp\/v2\/types\/post"}],"author":[{"embeddable":true,"href":"https:\/\/radiobitacora.com.ar\/web\/wp-json\/wp\/v2\/users\/2"}],"replies":[{"embeddable":true,"href":"https:\/\/radiobitacora.com.ar\/web\/wp-json\/wp\/v2\/comments?post=17954"}],"version-history":[{"count":0,"href":"https:\/\/radiobitacora.com.ar\/web\/wp-json\/wp\/v2\/posts\/17954\/revisions"}],"wp:featuredmedia":[{"embeddable":true,"href":"https:\/\/radiobitacora.com.ar\/web\/wp-json\/wp\/v2\/media\/17955"}],"wp:attachment":[{"href":"https:\/\/radiobitacora.com.ar\/web\/wp-json\/wp\/v2\/media?parent=17954"}],"wp:term":[{"taxonomy":"category","embeddable":true,"href":"https:\/\/radiobitacora.com.ar\/web\/wp-json\/wp\/v2\/categories?post=17954"},{"taxonomy":"post_tag","embeddable":true,"href":"https:\/\/radiobitacora.com.ar\/web\/wp-json\/wp\/v2\/tags?post=17954"}],"curies":[{"name":"wp","href":"https:\/\/api.w.org\/{rel}","templated":true}]}}