{"id":17972,"date":"2023-08-03T07:39:24","date_gmt":"2023-08-03T10:39:24","guid":{"rendered":"https:\/\/radiobitacora.com.ar\/web\/?p=17972"},"modified":"2023-08-03T07:39:24","modified_gmt":"2023-08-03T10:39:24","slug":"reunion-de-intendentes-de-la-micro-region-rio-santa-lucia","status":"publish","type":"post","link":"https:\/\/radiobitacora.com.ar\/web\/2023\/08\/03\/reunion-de-intendentes-de-la-micro-region-rio-santa-lucia\/","title":{"rendered":"Reuni\u00f3n de Intendentes de la Micro Regi\u00f3n R\u00edo Santa Luc\u00eda"},"content":{"rendered":"<p class=\"rtejustify\">En la tarde del mi\u00e9rcoles en la sede de la AGENPRO se desarroll\u00f3 el encuentro de los Intendentes de la Micro Regi\u00f3n \u201cR\u00edo Santa Luc\u00eda\u201d, para proseguir con la modalidad de esta mesa de trabajo y a fin de tratar los temas establecidos en las reuniones anteriores.<\/p>\n<p class=\"rtejustify\">Participaron los intendentes de las localidades de Goya; Santa Luc\u00eda; Lavalle; Carolina; San Isidro y funcionarios de la localidad de Gobernador Mart\u00ednez.<\/p>\n<p class=\"rtejustify\">Este c\u00f3nclave de intendentes lo presidi\u00f3 el Intendente de Goya Mariano Hormaechea, quien en la convocatoria destac\u00f3 la necesidad de retomar los temas establecidos en la agenda com\u00fan con cada jefe comunal.<\/p>\n<p class=\"rtejustify\">Mariano Hormaechea se\u00f1al\u00f3 en el saludo a los intendentes y funcionarios municipales presentes \u201cla intenci\u00f3n de darle continuidad a esta mesa de trabajo, de manera conjunta y articulada en los temas que hemos puesto para la consideraci\u00f3n, como&#8221;puerto &#8220;,&#8221;turismo &#8220;. Dada la importancia de los municipios que integramos, nos propusimos metas, de all\u00ed la oportunidad de ir trabajando para avanzar en los temas propuestos\u201d.<\/p>\n<p class=\"rtejustify\">Por \u00faltimo indic\u00f3: \u201cMe parece que es oportuno volver a convocarnos para ir esbozando los temas de nuestra agenda y a partir de all\u00ed generar las oportunidades para el logro de los objetivos establecidos\u201d.<\/p>\n<p class=\"rtejustify\">Adem\u00e1s del Intendente de Goya Mariano Hormaechea, formaron parte de la Mesa de Trabajo, el Intendente de Lavalle Hugo Perrotta; de Santa Luc\u00eda Norberto Villordo; de Carolina Elvio Sanabria; de San Isidro Carlos Mart\u00ednez; por Gobernador Mart\u00ednez lo hizo la Secretaria de Gobierno Valeria P\u00e9rez; el Presidente de AGENPRO Fernando Mart\u00ednez; el Presidente de la C\u00e1mara Empresarial de Goya Miguel Galarza; el Secretario de Turismo de Goya Sebasti\u00e1n Candia De Biasio y la Gerente de AGENPRO Bel\u00e9n Goetze, adem\u00e1s de Guillermo Quintana.<\/p>\n<p class=\"rtejustify\">Dentro de los temas planteados en el Orden del D\u00eda se trat\u00f3 el relacionado al Puerto de Lavalle, donde se resolvi\u00f3 solicitar una entrevista con las autoridades correspondientes para interiorizarse de la situaci\u00f3n actual.<\/p>\n<p class=\"rtejustify\">En otro orden, se analiz\u00f3 invitar para su incorporaci\u00f3n a la Micro Regi\u00f3n \u201cR\u00edo Santa Luc\u00eda\u201d al Municipio de Bella Vista, con el acompa\u00f1amiento correspondiente de las instituciones de esa localidad.<\/p>\n<p class=\"rtejustify\">Finalmente, se estableci\u00f3 la pr\u00f3xima reuni\u00f3n fij\u00e1ndose fecha y lugar: martes 26 de septiembre en la ciudad de Goya.<\/p>\n<p class=\"rtejustify\">\n<p class=\"rtejustify\"><strong>TURISMO DE LA MICRO REGI\u00d3N<\/strong><\/p>\n<p class=\"rtejustify\">\n<p class=\"rtejustify\">Otros de los temas en com\u00fan, la cuesti\u00f3n de la oferta tur\u00edstica de la Micro Regi\u00f3n, la encargada de brindar detalles fue la T.T. Leticia Pezzelato Ginocchi. Plante\u00f3 el turismo \u201ccomo un eje de desarrollo de este corredor, agregando valor al servicio que se brinda en esta materia, basado en elementos atractivos comunes a la zona como es la naturaleza, los paisajes, el ruralismo como una propuesta a desarrollar en la oferta tur\u00edstica\u201d.<\/p>\n<p class=\"rtejustify\">Tres propuestas se plantearon en el marco de los municipios integrantes de este bloque:<\/p>\n<p class=\"rtejustify\">1)\u00a0\u00a0\u00a0\u00a0\u00a0\u00a0Goya &#8211; San Isidro: tour Realidad Naturaleza. Itinerario que ofrece avistaje de aves, cabalgatas y almuerzo campestre.<\/p>\n<p class=\"rtejustify\">2)\u00a0\u00a0\u00a0\u00a0\u00a0\u00a0Yatay ti Calle \u2013 Carolina: tour Naturaleza, Cultura e Inmigrantes. Itinerario de 11 horas de recorrido.<\/p>\n<p class=\"rtejustify\">3)\u00a0\u00a0\u00a0\u00a0\u00a0\u00a0Lavalle &#8211; Gobernador Mart\u00ednez &#8211; Santa Luc\u00eda &#8211; Cecilio Echavarr\u00eda &#8211; Cruz de los Milagros: tour Paran\u00e1 Norte M\u00e1gico. Oferta: servicios de cabalgatas, visita a templos religiosos, establecimientos productivos, Bike Tour y Experience. Duraci\u00f3n: dos d\u00edas.<\/p>\n<p class=\"rtejustify\">Estas iniciativas presentadas est\u00e1n basadas en un an\u00e1lisis para ofrecer recorridos en las distintas rutas de la Microrregi\u00f3n. Tambi\u00e9n se presentaron datos en base a una estad\u00edstica reciente de turistas que durante las vacaciones de invierno expresaron sus diferentes demandas. Qued\u00f3 reflejado que la mayor atracci\u00f3n para los turistas constituy\u00f3 la reserva Natural Isla \u201cLas Damas\u201d y que la procedencia mayoritaria de visitantes fue de CABA.<\/p>\n<p class=\"rtejustify\">En esta etapa del proyecto, la importancia desde los Municipios es hacer conocer el mismo con sus diferentes propuestas, fortaleciendo el v\u00ednculo con quienes son los referentes de este programa tur\u00edstico.<\/p>\n","protected":false},"excerpt":{"rendered":"<p>En la tarde del mi\u00e9rcoles en la sede de la AGENPRO se desarroll\u00f3 el encuentro de los Intendentes de la Micro Regi\u00f3n \u201cR\u00edo Santa Luc\u00eda\u201d, para proseguir con la modalidad de esta mesa de trabajo y a fin de tratar los temas establecidos en las reuniones anteriores. Participaron los intendentes de las localidades de Goya; [&hellip;]<\/p>\n","protected":false},"author":2,"featured_media":17973,"comment_status":"closed","ping_status":"closed","sticky":false,"template":"","format":"standard","meta":{"footnotes":""},"categories":[56],"tags":[],"class_list":{"0":"post-17972","1":"post","2":"type-post","3":"status-publish","4":"format-standard","5":"has-post-thumbnail","7":"category-locales"},"_links":{"self":[{"href":"https:\/\/radiobitacora.com.ar\/web\/wp-json\/wp\/v2\/posts\/17972","targetHints":{"allow":["GET"]}}],"collection":[{"href":"https:\/\/radiobitacora.com.ar\/web\/wp-json\/wp\/v2\/posts"}],"about":[{"href":"https:\/\/radiobitacora.com.ar\/web\/wp-json\/wp\/v2\/types\/post"}],"author":[{"embeddable":true,"href":"https:\/\/radiobitacora.com.ar\/web\/wp-json\/wp\/v2\/users\/2"}],"replies":[{"embeddable":true,"href":"https:\/\/radiobitacora.com.ar\/web\/wp-json\/wp\/v2\/comments?post=17972"}],"version-history":[{"count":0,"href":"https:\/\/radiobitacora.com.ar\/web\/wp-json\/wp\/v2\/posts\/17972\/revisions"}],"wp:featuredmedia":[{"embeddable":true,"href":"https:\/\/radiobitacora.com.ar\/web\/wp-json\/wp\/v2\/media\/17973"}],"wp:attachment":[{"href":"https:\/\/radiobitacora.com.ar\/web\/wp-json\/wp\/v2\/media?parent=17972"}],"wp:term":[{"taxonomy":"category","embeddable":true,"href":"https:\/\/radiobitacora.com.ar\/web\/wp-json\/wp\/v2\/categories?post=17972"},{"taxonomy":"post_tag","embeddable":true,"href":"https:\/\/radiobitacora.com.ar\/web\/wp-json\/wp\/v2\/tags?post=17972"}],"curies":[{"name":"wp","href":"https:\/\/api.w.org\/{rel}","templated":true}]}}