{"id":17993,"date":"2023-08-03T08:26:17","date_gmt":"2023-08-03T11:26:17","guid":{"rendered":"https:\/\/radiobitacora.com.ar\/web\/?p=17993"},"modified":"2023-08-03T08:26:17","modified_gmt":"2023-08-03T11:26:17","slug":"el-enojo-de-macri-con-vidal-por-apoyar-a-larreta-dejo-a-juntos-por-el-cambio-sin-un-garante-de-la-unidad-post-paso","status":"publish","type":"post","link":"https:\/\/radiobitacora.com.ar\/web\/2023\/08\/03\/el-enojo-de-macri-con-vidal-por-apoyar-a-larreta-dejo-a-juntos-por-el-cambio-sin-un-garante-de-la-unidad-post-paso\/","title":{"rendered":"El enojo de Macri con Vidal por apoyar a Larreta dej\u00f3 a Juntos por el Cambio sin un garante de la unidad post PASO"},"content":{"rendered":"<p class=\"paragraph\" data-mrf-recirculation=\"Links inline\">Fue este mi\u00e9rcoles de verano en pleno invierno un d\u00eda largo y movido en el PRO. El ex presidente\u00a0<b>Mauricio Macri\u00a0<\/b>critic\u00f3 la decisi\u00f3n de<b>\u00a0Mar\u00eda Eugenia Vidal\u00a0<\/b>de apoyar p\u00fablicamente la precandidatura de<b>\u00a0Horacio Rodr\u00edguez Larreta<\/b>, sacudi\u00f3 la interna de Juntos por el Cambio, y dej\u00f3 con sus declaraciones un lugar vacante que puede ser decisivo para el d\u00eda despu\u00e9s de las PASO: el rol de garante de la unidad opositora, reconocido por los sectores en pugna.<\/p>\n<p class=\"paragraph\" data-mrf-recirculation=\"Links inline\">A menos dos semanas de las primarias, en las que se enfrentar\u00e1n Larreta y Patricia Bullrich, el anuncio de Vidal que hizo a la ma\u00f1ana impact\u00f3 con fuerza en las distintas filas opositoras y reaviv\u00f3 las diferencias y los enconos que hab\u00edan quedado aletargados despu\u00e9s de la victoria frente al peronismo en Chubut y las negociaciones sigilosas para que la noche del 13 de agosto todos confluyan en un b\u00fanker com\u00fan.<\/p>\n<p class=\"paragraph\" data-mrf-recirculation=\"Links inline\">\u201cFaltando pocos d\u00edas para las PASO y con la convicci\u00f3n de que el 14 de agosto vamos a estar todos juntos, unidos, quiero contarles que en las pr\u00f3ximas elecciones, voy a votar por Horacio\u201d, fue el p\u00e1rrafo central del mensaje que public\u00f3 Vidal, y que gener\u00f3 elogios del larretismo y una \u00e1cida andanada de cr\u00edticas, incluso del propio jefe de campa\u00f1a de Bullrich, el legislador\u00a0<b>Juan Pablo Arenaza<\/b>. Trascart\u00f3n, aparecieron las declaraciones inusualmente duras del propio Macri.<\/p>\n<div class=\"jwplayer-ctn\">\n<div>\n<div id=\"BWADI2THPVDVVCE373V5O674EE\" class=\"jwplayer jw-reset jw-state-idle jw-stretch-uniform jw-flag-aspect-mode jw-breakpoint-4 jw-floating-dismissible jw-flag-user-inactive\" tabindex=\"0\" role=\"application\" aria-label=\"Reproductor de Video\" aria-describedby=\"jw-BWADI2THPVDVVCE373V5O674EE-shortcuts-tooltip-explanation\" data-compass-listening=\"true\">\n<div class=\"jw-wrapper jw-reset\">\n<div class=\"jw-controls jw-reset\">\n<div class=\"jw-nextup-container jw-reset\">\n<div class=\"jw-nextup jw-background-color jw-reset jw-nextup-thumbnail-visible\"><\/div>\n<\/div>\n<\/div>\n<\/div>\n<\/div>\n<\/div>\n<\/div>\n<p class=\"paragraph\" data-mrf-recirculation=\"Links inline\">El ex presidente habl\u00f3 en medio de una recorrida de campa\u00f1a en el partido bonaerense de San Nicol\u00e1s, junto al intendente Manuel Passaglia, y su hermano Santiago, que competir\u00e1 por la sucesi\u00f3n. En una improvisada conferencia de prensa en un bar nicole\u00f1o fue consultado por el posteo de Vidal y su reacci\u00f3n descoloc\u00f3 a muchos en Juntos por el Cambio, tanto en las filas de Bullrich como de Larreta.<\/p>\n<p class=\"paragraph\" data-mrf-recirculation=\"Links inline\">\u201cCreo en la competencia. No lo veo como una sorpresa, dada la relaci\u00f3n de tanto tiempo que tienen Larreta y Vidal, que se apoyen rec\u00edprocamente. Pero tambi\u00e9n lo escuch\u00e9 a Ritondo. Tiene raz\u00f3n en estar desilusionado porque lo mejor en la vida es hacer lo que uno dice. Y no hacer una cosa distinta de lo que uno dice. Lamentablemente, siento que Mar\u00eda Eugenia ha tomado varias decisiones sucesivas en las cuales ha desdibujado su perfil\u201d, fue la frase incisiva del ex mandatario.<\/p>\n<p class=\"paragraph\" data-mrf-recirculation=\"Links inline\">\u201cMar\u00eda Eugenia ha tomado varias decisiones sucesivas que desdibujaron su perfil y eso es lo que le duele a la gente que est\u00e1 con ella, que se hab\u00edan comprometido con Patricia (Bullrich) y con RItondo a la cabeza, como uno de los l\u00edderes m\u00e1s importantes que ella ten\u00eda dentro de su grupo\u201d, agreg\u00f3 Macri, quien hasta este mi\u00e9rcoles manten\u00eda una aparente prescindencia y cumpl\u00eda con su palabra de no inclinar la balanza en la interna opositora.<\/p>\n<p class=\"paragraph\" data-mrf-recirculation=\"Links inline\">Pero las palabras de ayer por la tarde mostraron un cambio de sinton\u00eda que remite a un anuncio que hab\u00eda hecho en privado y en algunas de las escasas entrevistas que concedi\u00f3 de que no ser\u00eda neutral y que se iba expresar si ve\u00eda que algunos de los contendientes se alejaban de lo que \u00e9l considera que deb\u00eda hacer el futuro gobierno.<\/p>\n<p class=\"paragraph\" data-mrf-recirculation=\"Links inline\">La cr\u00edtica contra Vidal -que moriger\u00f3 en un posteo que, igual, reiter\u00f3 lo principal de la entrevista- fue el primer movimiento de un posible giro m\u00e1s activo en favor de la precandidatura de Patricia Bullrich, a quien Macri viene apoyando de manera discreta, con recursos, contactos pol\u00edticos, equipos de campa\u00f1a y dirigentes y cuadros t\u00e9cnicos que nutren su campa\u00f1a electoral. Por fuentes cercanas al ex presidente trascendi\u00f3 incluso que podr\u00eda confirmar el apoyo a quien fuera su ministra de Seguridad en entrevistas period\u00edsticas.<\/p>\n<p class=\"paragraph\" data-mrf-recirculation=\"Links inline\">Sobre esta versi\u00f3n hubo una declaraci\u00f3n m\u00e1s en San Nicol\u00e1s que va en esa sinton\u00eda y que la brind\u00f3 Macri cuando le preguntaron a qui\u00e9n apoyaba \u00e9l de los dos: \u201cLo importante es que entendamos que la Argentina necesita un cambio profundo. Si seguimos como ahora lo \u00fanico que vamos a tener es m\u00e1s pobreza y exclusi\u00f3n. Argentina necesita un cambio profundo, r\u00e1pido, claro y firme, porque necesitamos sacar a la gente de la desesperanza en la que ha ca\u00eddo. Este es el camino y, como lo dije hace mucho tiempo cuando present\u00e9 \u201cPrimer Tiempo\u201d, somos el cambio o no somos nada. La gente tiene que elegir a quien representa eso\u201d. Uno de los lemas con los que arenga Bullrich recoge lo central de esa idea: \u201cSi no es todo, es nada\u201d.<\/p>\n<div class=\"visual__image\"><img loading=\"lazy\" decoding=\"async\" class=\" lazyload\" src=\"https:\/\/www.infobae.com\/new-resizer\/yDBidau_Q0V3fdKO-epKrJw9sx0=\/arc-anglerfish-arc2-prod-infobae\/public\/CGBVNI4UK5ERDIDZ4TJU6MEQPA.jfif\" sizes=\"auto, (min-width: 800px) 50vw, 90vw\" srcset=\"https:\/\/www.infobae.com\/new-resizer\/Zthg0M6asKnizv3z7MXBFXBd0Ig=\/420x315\/filters:format(webp):quality(85)\/cloudfront-us-east-1.images.arcpublishing.com\/infobae\/CGBVNI4UK5ERDIDZ4TJU6MEQPA.jfif 420w,https:\/\/www.infobae.com\/new-resizer\/wm0oMzs_dGB7q5YMhMq3t1hm5Kc=\/768x576\/filters:format(webp):quality(85)\/cloudfront-us-east-1.images.arcpublishing.com\/infobae\/CGBVNI4UK5ERDIDZ4TJU6MEQPA.jfif 768w,https:\/\/www.infobae.com\/new-resizer\/O0_oKWvimcq-xd_8Ahgh4EZDyH0=\/992x744\/filters:format(webp):quality(85)\/cloudfront-us-east-1.images.arcpublishing.com\/infobae\/CGBVNI4UK5ERDIDZ4TJU6MEQPA.jfif 992w,https:\/\/www.infobae.com\/new-resizer\/DOz1j05v168XC4RYem1ydbCF4f4=\/1200x900\/filters:format(webp):quality(85)\/cloudfront-us-east-1.images.arcpublishing.com\/infobae\/CGBVNI4UK5ERDIDZ4TJU6MEQPA.jfif 1200w,https:\/\/www.infobae.com\/new-resizer\/suxo_gXMiB-E7bmUhH0oIKxIbpo=\/1440x1080\/filters:format(webp):quality(85)\/cloudfront-us-east-1.images.arcpublishing.com\/infobae\/CGBVNI4UK5ERDIDZ4TJU6MEQPA.jfif 1440w\" alt=\"Otros tiempos. Cuando Macri visitaba en febrero a Vidal y la promov\u00eda como candidata a presidenta \" width=\"2048\" height=\"1648\" data-src=\"https:\/\/www.infobae.com\/new-resizer\/yDBidau_Q0V3fdKO-epKrJw9sx0=\/arc-anglerfish-arc2-prod-infobae\/public\/CGBVNI4UK5ERDIDZ4TJU6MEQPA.jfif\" \/>Otros tiempos. Cuando Macri visitaba en febrero a Vidal y la promov\u00eda como candidata a presidenta<\/div>\n<h2 class=\"header headline-class-h2\">Desmentida a medias<\/h2>\n<p class=\"paragraph\" data-mrf-recirculation=\"Links inline\">Las duras declaraciones que trascendieron a primera hora de la tarde del mi\u00e9rcoles generaron un fuerte impacto pol\u00edtico en Juntos por el Cambio y en las redes sociales se multiplicaban las reacciones en contra de Vidal. Por la andanada de cuestionamientos que inici\u00f3 el bullrichismo, en las redes sociales se impusieron como tendencia descalificaciones contra la ex gobernadora.<\/p>\n<p class=\"paragraph\" data-mrf-recirculation=\"Links inline\">En medio de todo ese ruido, Macri us\u00f3 sus redes sociales para relativizar -a medias- sus palabras. \u201cQuiero dejar en claro que en ning\u00fan momento cuestion\u00e9 a Mar\u00eda Eugenia por su decisi\u00f3n de apoyar p\u00fablicamente a Horacio. Mi posici\u00f3n hist\u00f3ricamente siempre fue la misma, cada uno es due\u00f1o de sus decisiones y estas no deben ser cuestionadas. De esa libertad surge tambi\u00e9n la responsabilidad individual\u201d, afirm\u00f3.<\/p>\n<p class=\"paragraph\" data-mrf-recirculation=\"Links inline\">Y agreg\u00f3 Macri: \u201c\u00bfQu\u00e9 m\u00e9rito o culpa tendr\u00eda alguien si no puede hacer lo que quiere o decir lo que piensa? Yo creo en eso, para bien o para mal todos debemos ser autores de nuestro destino\u201d. Pero sin embargo, reiter\u00f3 la cr\u00edtica que hab\u00eda pronunciado en la improvisada conferencia con los medios de San Nicol\u00e1s: \u201cPor otro lado, tambi\u00e9n entiendo el desencanto de Cristian Ritondo, que sinti\u00f3 que no se hab\u00eda cumplido con la palabra empe\u00f1ada porque tambi\u00e9n, como dije otras veces, creo que hay que cuidar la palabra\u201d.<\/p>\n<div class=\"visual__image\"><img loading=\"lazy\" decoding=\"async\" class=\" lazyload\" src=\"https:\/\/www.infobae.com\/new-resizer\/153xrGiTTCMCDbtjLGi1pImBmkg=\/arc-anglerfish-arc2-prod-infobae\/public\/HPCBFYC3R5FQ3DWKR3PPUZNIHI.jpg\" sizes=\"auto, (min-width: 800px) 50vw, 90vw\" srcset=\"https:\/\/www.infobae.com\/new-resizer\/tQh3ifn_l7J3-Q4NQI5CiCdqdQ0=\/992x606\/filters:format(webp):quality(85)\/cloudfront-us-east-1.images.arcpublishing.com\/infobae\/HPCBFYC3R5FQ3DWKR3PPUZNIHI.jpg 992w\" alt=\"El tuit de Mauricio Macri que moder\u00f3 en parte las cr\u00edticas a Vidal\" width=\"1920\" height=\"1099\" data-src=\"https:\/\/www.infobae.com\/new-resizer\/153xrGiTTCMCDbtjLGi1pImBmkg=\/arc-anglerfish-arc2-prod-infobae\/public\/HPCBFYC3R5FQ3DWKR3PPUZNIHI.jpg\" \/>El tuit de Mauricio Macri que moder\u00f3 en parte las cr\u00edticas a Vidal<\/div>\n<p class=\"paragraph\" data-mrf-recirculation=\"Links inline\">\u00bfPor qu\u00e9 la menci\u00f3n permanente a Ritondo? Es que el diputado nacional, que intent\u00f3 competir por la precandidatura a gobernador bonaerense, que finalmente Bullrich le dio a N\u00e9stor Grindetti, expres\u00f3 en sus redes sociales y en entrevistas period\u00edsticas su desacuerdo con la decisi\u00f3n.<\/p>\n<p class=\"paragraph\" data-mrf-recirculation=\"Links inline\">\u201cMe decepciona la decisi\u00f3n de Mar\u00eda Eugenia y se lo dije personalmente. Me dijo que iba a mantenerse neutral. Yo trabaj\u00e9 con ella durante a\u00f1os y dimos batallas importantes en la provincia de Buenos Aires que nunca se hab\u00edan dado. La persona con car\u00e1cter para seguir ese cambio es Patricia Bullrich\u201d, asegur\u00f3 el legislador en comunicaci\u00f3n con CNN Radio. \u201cNo vale todo por un voto y no me gusta cuando se critica la propuesta de Patricia\u201d, ampli\u00f3.<\/p>\n<p class=\"paragraph\" data-mrf-recirculation=\"Links inline\">Hoy Ritondo es cabeza de lista de Bullrich para diputados nacionales por la provincia de Buenos Aires y tiene la promesa de que ser\u00e1 -si ganan la interna y luego Juntos por el Cambio se impone en las presidenciales- el futuro presidente de la C\u00e1mara baja. Pero as\u00ed como \u00e9l est\u00e1 con Bullrich, otras dos \u201cespadas\u201d del vidalismo militan y trabajan junto a Larreta: Federico Salvai y Federico Su\u00e1rez, que la acompa\u00f1aron durante la gobernaci\u00f3n bonaerense, est\u00e1n en el larretismo. \u201cFui clara con mi equipo. No soy due\u00f1a de las decisiones de nadie. A todos les respet\u00e9 su decisi\u00f3n de elegir y yo eleg\u00ed en libertad. Cumpl\u00ed con la palabra, dije en entrevistas que iba a anunciar d\u00edas antes a qui\u00e9n iba a apoyar\u201d, record\u00f3 Vidal anoche.<\/p>\n<p class=\"paragraph\" data-mrf-recirculation=\"Links inline\">En medio de esas idas y vueltas, y despu\u00e9s de conocerse la publicaci\u00f3n de Macri que moder\u00f3 las primeras cr\u00edticas, trascendi\u00f3 que hab\u00eda existido una comunicaci\u00f3n entre ambos. \u201cNo hubo nada\u201d, le dijeron a Infobae fuentes inobjetables. Esa aclaraci\u00f3n expone el nivel de deterioro que hay en ese v\u00ednculo.<\/p>\n<h2 class=\"header headline-class-h2\">Causas y s\u00edntomas<\/h2>\n<p class=\"paragraph\" data-mrf-recirculation=\"Links inline\">Fuentes del bullrichismo y del larretismo ten\u00edan, claro, miradas divergentes sobre lo que ocurri\u00f3 este mi\u00e9rcoles. Los primeros bramaban que Vidal les hab\u00eda dado la palabra de que se mantendr\u00eda neutral y no dir\u00eda su preferencia. Mientras que los segundos entend\u00edan que todo se origin\u00f3 en un error no forzado frente a cierta inquietud por una recuperaci\u00f3n en las encuestas de Larreta.<\/p>\n<p class=\"paragraph\" data-mrf-recirculation=\"Links inline\">Cerca de Bullrich hab\u00eda posiciones ambiguas sobre Macri. Si bien reconocen el peso espec\u00edfico que tiene en la militancia y el electorado de Juntos por el Cambio, reconoc\u00edan incomodidad porque una excesiva cercan\u00eda podr\u00eda instalar el temor a que se repita el \u201cdoble comando\u201d que con Cristina Kirchner y Alberto Fern\u00e1ndez lleg\u00f3 al paroxismo.<\/p>\n<p class=\"paragraph\" data-mrf-recirculation=\"Links inline\">\u201cLa voz de Mauricio en los votantes duros del PRO es clave. En las PASO hay que ganar el n\u00facleo duro del voto macrista. Despu\u00e9s es otra campa\u00f1a y otra elecci\u00f3n. Ahora, habr\u00e1 que medir bien lo que va a decir, porque ninguno quiere que se piense que se va a repetir la dupla Alberto-Cristina, aunque nadie puede imaginar siquiera que Patricia sea igual que Alberto\u201d, dijeron en el entorno del bullrichismo.<\/p>\n<p class=\"paragraph\" data-mrf-recirculation=\"Links inline\">Otra perspectiva hab\u00eda entre los estrategas electorales del larretismo. All\u00ed hab\u00eda algarab\u00eda contenida. Se interpret\u00f3 las declaraciones de Macri como una mera boutade, alentada por un incipiente nerviosismo debido a dos tendencias contrapuestas: una recuperaci\u00f3n de Larreta y un estancamiento de Bullrich.<\/p>\n<p class=\"paragraph\" data-mrf-recirculation=\"Links inline\">\u201cLo que hubo de parte de Macri con esas declaraciones tan agresivas fue un error grave, estrat\u00e9gico. Se corri\u00f3 del lugar de gran elector, de \u00e1rbitro o garante de la unidad. \u00c9l sabe que ya no es candidato y que su lugar ser\u00e1 cada vez m\u00e1s declinante, por eso deb\u00eda ser reconocido por todas las partes como equidistante para cumplir una funci\u00f3n que puede ser muy importante a partir del 13 de agosto. Se alej\u00f3 de ese rol y se embander\u00f3 contra Horacio y a favor de Patricia\u201d, reconoc\u00eda un analista pol\u00edtico que asesora a Juntos por el Cambio.<\/p>\n<p class=\"paragraph\" data-mrf-recirculation=\"Links inline\">A la interna m\u00e1s competitiva que tendr\u00e1n las PASO le quedan 10 d\u00edas.<\/p>\n","protected":false},"excerpt":{"rendered":"<p>Fue este mi\u00e9rcoles de verano en pleno invierno un d\u00eda largo y movido en el PRO. El ex presidente\u00a0Mauricio Macri\u00a0critic\u00f3 la decisi\u00f3n de\u00a0Mar\u00eda Eugenia Vidal\u00a0de apoyar p\u00fablicamente la precandidatura de\u00a0Horacio Rodr\u00edguez Larreta, sacudi\u00f3 la interna de Juntos por el Cambio, y dej\u00f3 con sus declaraciones un lugar vacante que puede ser decisivo para el d\u00eda [&hellip;]<\/p>\n","protected":false},"author":2,"featured_media":17994,"comment_status":"closed","ping_status":"closed","sticky":false,"template":"","format":"standard","meta":{"footnotes":""},"categories":[79],"tags":[],"class_list":{"0":"post-17993","1":"post","2":"type-post","3":"status-publish","4":"format-standard","5":"has-post-thumbnail","7":"category-politica"},"_links":{"self":[{"href":"https:\/\/radiobitacora.com.ar\/web\/wp-json\/wp\/v2\/posts\/17993","targetHints":{"allow":["GET"]}}],"collection":[{"href":"https:\/\/radiobitacora.com.ar\/web\/wp-json\/wp\/v2\/posts"}],"about":[{"href":"https:\/\/radiobitacora.com.ar\/web\/wp-json\/wp\/v2\/types\/post"}],"author":[{"embeddable":true,"href":"https:\/\/radiobitacora.com.ar\/web\/wp-json\/wp\/v2\/users\/2"}],"replies":[{"embeddable":true,"href":"https:\/\/radiobitacora.com.ar\/web\/wp-json\/wp\/v2\/comments?post=17993"}],"version-history":[{"count":0,"href":"https:\/\/radiobitacora.com.ar\/web\/wp-json\/wp\/v2\/posts\/17993\/revisions"}],"wp:featuredmedia":[{"embeddable":true,"href":"https:\/\/radiobitacora.com.ar\/web\/wp-json\/wp\/v2\/media\/17994"}],"wp:attachment":[{"href":"https:\/\/radiobitacora.com.ar\/web\/wp-json\/wp\/v2\/media?parent=17993"}],"wp:term":[{"taxonomy":"category","embeddable":true,"href":"https:\/\/radiobitacora.com.ar\/web\/wp-json\/wp\/v2\/categories?post=17993"},{"taxonomy":"post_tag","embeddable":true,"href":"https:\/\/radiobitacora.com.ar\/web\/wp-json\/wp\/v2\/tags?post=17993"}],"curies":[{"name":"wp","href":"https:\/\/api.w.org\/{rel}","templated":true}]}}