{"id":18025,"date":"2023-08-04T08:32:08","date_gmt":"2023-08-04T11:32:08","guid":{"rendered":"https:\/\/radiobitacora.com.ar\/web\/?p=18025"},"modified":"2023-08-04T08:32:08","modified_gmt":"2023-08-04T11:32:08","slug":"prestamo-con-qatar-que-dice-el-decreto-sobre-los-fondos-para-pagar-al-fmi","status":"publish","type":"post","link":"https:\/\/radiobitacora.com.ar\/web\/2023\/08\/04\/prestamo-con-qatar-que-dice-el-decreto-sobre-los-fondos-para-pagar-al-fmi\/","title":{"rendered":"Pr\u00e9stamo con Qatar: qu\u00e9 dice el decreto sobre los fondos para pagar al FMI"},"content":{"rendered":"<article class=\"article-body article-body--first-paragraph content-protected-false\" data-td-script-src=\"https:\/\/www.ambito.com\/td\/modulos\/encuestas\/js\/function-embeds-min-version-1660312110.js\">El\u00a0<strong><a href=\"https:\/\/www.ambito.com\/economia\/vencimiento-del-fmi-argentina-paga-usar-reservas-un-acuerdo-sergio-massa-qatar-n5787048\" target=\"_blank\" rel=\"follow noopener\">Gobierno\u00a0<\/a><\/strong>enfrenta este viernes\u00a0<strong>4 de agosto el \u00faltimo compromiso<\/strong>\u00a0de intereses de la deuda externa con el\u00a0<strong><a href=\"https:\/\/www.ambito.com\/contenidos\/dolar.html\" target=\"_blank\" rel=\"follow noopener\">Fondo Monetario Internacional\u00a0<\/a><\/strong>(FMI) antes de las elecciones primarias (PASO). En absoluto hermetismo,\u00a0<strong>el ministro de Econom\u00eda, Sergio Massa,<\/strong>\u00a0acord\u00f3 un pr\u00e9stamo puente con Qatar por u$s775 millones (<strong>580 millones de DEGs<\/strong>) para pagar al organismo sin utilizar las reservas.<\/p>\n<\/article>\n<article class=\"article-body article-body--second-paragraph content-protected-false\">\n<p class=\"p1\">El pasado lunes, el Gobierno pag\u00f3 la suma m\u00e1s gruesa de dinero de esta serie de compromisos al cancelar u$s2.7000 millones, que se cubrieron con un pr\u00e9stamo de u$s1.000 millones del B<strong>anco de Desarrollo de Am\u00e9rica Latina y el Caribe (CAF)<\/strong> y con ayuda del swap con China.<\/p>\n<\/article>\n<article class=\"article-body article-body--fourth-paragraph content-protected-false\"><\/article>\n<article class=\"article-body article-body--remaining-paragraph content-protected-false\"><\/article>\n","protected":false},"excerpt":{"rendered":"<p>El\u00a0Gobierno\u00a0enfrenta este viernes\u00a04 de agosto el \u00faltimo compromiso\u00a0de intereses de la deuda externa con el\u00a0Fondo Monetario Internacional\u00a0(FMI) antes de las elecciones primarias (PASO). En absoluto hermetismo,\u00a0el ministro de Econom\u00eda, Sergio Massa,\u00a0acord\u00f3 un pr\u00e9stamo puente con Qatar por u$s775 millones (580 millones de DEGs) para pagar al organismo sin utilizar las reservas. El pasado lunes, el [&hellip;]<\/p>\n","protected":false},"author":2,"featured_media":18026,"comment_status":"closed","ping_status":"closed","sticky":false,"template":"","format":"standard","meta":{"footnotes":""},"categories":[65],"tags":[],"class_list":{"0":"post-18025","1":"post","2":"type-post","3":"status-publish","4":"format-standard","5":"has-post-thumbnail","7":"category-economia"},"_links":{"self":[{"href":"https:\/\/radiobitacora.com.ar\/web\/wp-json\/wp\/v2\/posts\/18025","targetHints":{"allow":["GET"]}}],"collection":[{"href":"https:\/\/radiobitacora.com.ar\/web\/wp-json\/wp\/v2\/posts"}],"about":[{"href":"https:\/\/radiobitacora.com.ar\/web\/wp-json\/wp\/v2\/types\/post"}],"author":[{"embeddable":true,"href":"https:\/\/radiobitacora.com.ar\/web\/wp-json\/wp\/v2\/users\/2"}],"replies":[{"embeddable":true,"href":"https:\/\/radiobitacora.com.ar\/web\/wp-json\/wp\/v2\/comments?post=18025"}],"version-history":[{"count":0,"href":"https:\/\/radiobitacora.com.ar\/web\/wp-json\/wp\/v2\/posts\/18025\/revisions"}],"wp:featuredmedia":[{"embeddable":true,"href":"https:\/\/radiobitacora.com.ar\/web\/wp-json\/wp\/v2\/media\/18026"}],"wp:attachment":[{"href":"https:\/\/radiobitacora.com.ar\/web\/wp-json\/wp\/v2\/media?parent=18025"}],"wp:term":[{"taxonomy":"category","embeddable":true,"href":"https:\/\/radiobitacora.com.ar\/web\/wp-json\/wp\/v2\/categories?post=18025"},{"taxonomy":"post_tag","embeddable":true,"href":"https:\/\/radiobitacora.com.ar\/web\/wp-json\/wp\/v2\/tags?post=18025"}],"curies":[{"name":"wp","href":"https:\/\/api.w.org\/{rel}","templated":true}]}}