{"id":18035,"date":"2023-08-07T07:35:08","date_gmt":"2023-08-07T10:35:08","guid":{"rendered":"https:\/\/radiobitacora.com.ar\/web\/?p=18035"},"modified":"2023-08-07T07:35:08","modified_gmt":"2023-08-07T10:35:08","slug":"como-llego-la-devocion-de-san-cayetano-a-la-argentina-y-su-milagro-de-la-lluvia-que-salvo-una-cosecha-de-la-sequia","status":"publish","type":"post","link":"https:\/\/radiobitacora.com.ar\/web\/2023\/08\/07\/como-llego-la-devocion-de-san-cayetano-a-la-argentina-y-su-milagro-de-la-lluvia-que-salvo-una-cosecha-de-la-sequia\/","title":{"rendered":"C\u00f3mo lleg\u00f3 la devoci\u00f3n de San Cayetano a la Argentina y su \u201cmilagro de la lluvia\u201d que salv\u00f3 una cosecha de la sequ\u00eda"},"content":{"rendered":"<p class=\"paragraph\" data-mrf-recirculation=\"Links inline\">San Cayetano es, sin dudas,\u00a0<b>el santo m\u00e1s argentino.<\/b>\u00a0Pero su vida es desconocida para la mayor parte de los fieles que cada 7 de agosto acuden a su templo en el barrio porte\u00f1o de Liniers -y en muchos a lo largo y ancho del pa\u00eds- para pedir por\u00a0<b>pan y trabajo.<\/b>\u00a0Es curioso: en casi todo el mundo, el santo patrono del trabajo es San Jos\u00e9 Obrero, y ac\u00e1 nom\u00e1s, en Uruguay, es San Pancracio al igual que en Espa\u00f1a. Cayetano naci\u00f3 lejos de esta tierra, hace 543 a\u00f1os. Los autores no se ponen de acuerdo sobre su tierra natal. Algunos la ubican en Vicenza, una ciudad del se\u00f1or\u00edo de Venecia. Otros, en Gaeta. Y es que\u00a0<b>su nombre, Cayetano significa \u201coriundo de Caieta\u201d,\u00a0<\/b>como se denominaba a la ciudad en la \u00e9poca de los romanos. De familia noble y cristiana, estudi\u00f3 en la Universidad de Padua, donde se doctor\u00f3 en derecho y teolog\u00eda. Hacia 1507 viaj\u00f3 a Roma, y all\u00ed vivi\u00f3 una de las mejores etapas de su vida.\u00a0<b>Fue parte de la corte del papa Julio II,<\/b>\u00a0en la que ejerci\u00f3 el oficio de escritor de \u201cLetras Apost\u00f3licas\u201d, que lo convirti\u00f3 en protonotario apost\u00f3lico. A trav\u00e9s de sus buenas gestiones, la Santa Sede se reconcili\u00f3 con la Seren\u00edsima Rep\u00fablica de Venecia. Seis a\u00f1os despu\u00e9s dej\u00f3 la vida cortesana y fund\u00f3 el \u201cOratorio del Amor Divino\u201d, una sociedad de sacerdotes y prelados. A la edad de 35 a\u00f1os, en 1515, fue ordenado sacerdote. En 1522 regres\u00f3 a Vicenza, donde\u00a0<b>fund\u00f3 el Ospedale degli Incurabili, un hospital para enfermos incurables.<\/b><\/p>\n<p class=\"paragraph\" data-mrf-recirculation=\"Links inline\">En el a\u00f1o 1524\u00a0<b>fund\u00f3 la orden de los Cl\u00e9rigos Regulare<\/b>s junto con el obispo Juan Pedro Caraffa (1476-1559), que m\u00e1s tarde ser\u00eda elegido papa con el nombre de Pablo IV. Ten\u00edan como regla no poseer ni pedir nada. Deb\u00edan vivir \u00fanicamente de las limosnas que los fieles les ofrecieran espont\u00e1neamente y con el fin de promover el apostolado y la renovaci\u00f3n espiritual del clero imitar\u00edan la vida de los ap\u00f3stoles con su austeridad y desprendimiento de los bienes. \u00bfPor qu\u00e9? Porque experiment\u00f3 en su vida el desgano y la lejan\u00eda de las cosas de Dios en la que viv\u00eda la corte papal, m\u00e1s preocupada de t\u00edtulos y honores y conseguir poder y riquezas que de buscar al gloria de Dios y de predicar el mensaje del evangelio. As\u00ed lo hace notar en una carta dirigida a Laura Mignani el 13 de junio de 1537 en al cual le solicita rezar por Roma: \u201cTe recomiendo que ores por \u00e9sta ciudad de Roma\u00a0<b>que fuera alguna vez ciudad santa y ahora es Babilonia<\/b>, llena de reliquias\u201d.<\/p>\n<p class=\"paragraph\" data-mrf-recirculation=\"Links inline\">En mayo de 1527 las tropas imperiales de Carlos V invadieron Roma y realizaron el recordado \u201cSaco di Roma\u201d, el saqueo de la ciudad. Antes de ese evento los cardenales y el alto clero hab\u00edan huido de la ciudad y el Papa se hab\u00eda escondido en el Castel Sant\u00b4Angelo escapando por el corredor que une esa fortaleza a la bas\u00edlica de san Pedro disfrazado de sirviente. La ciudad hab\u00eda quedado abandonada, excepto por\u00a0<b>un grupo de sacerdotes que afrontaron con valor la invasi\u00f3n, los Teatinos y su fundador, Cayetano.\u00a0<\/b>Maltratados y hechos prisioneros, fueron encerrados en la torre del reloj (ahora inexistente) en el Vaticano. Cuando fueron liberados por un oficial espa\u00f1ol, pasaron a Civitavechia y despu\u00e9s a Venecia. Durante los seis a\u00f1os siguientes, Cayetano y su comunidad se consagraron a la asistencia de los pobres y de los enfermos, sobre todo en la peste que asol\u00f3 la ciudad entre el 1527 y 1528. Tambi\u00e9n trabaj\u00f3 en la reforma religiosa y se opone a las infiltraciones her\u00e9ticas.<\/p>\n<div class=\"visual__image\"><img loading=\"lazy\" decoding=\"async\" class=\" lazyload\" src=\"https:\/\/www.infobae.com\/new-resizer\/dL8oZfy-Rduk5UvbkVmY6Q3mE6c=\/arc-anglerfish-arc2-prod-infobae\/public\/DP23SVBVQFH7BACAOTGAINROVY.jpg\" sizes=\"auto, (min-width: 800px) 50vw, 90vw\" srcset=\"https:\/\/www.infobae.com\/new-resizer\/Nr8W9Cj1KIxaXAEO8R81M3vndG0=\/420x630\/filters:format(webp):quality(85)\/cloudfront-us-east-1.images.arcpublishing.com\/infobae\/DP23SVBVQFH7BACAOTGAINROVY.jpg 420w,https:\/\/www.infobae.com\/new-resizer\/i8hm_a1Oaa3Y70BdMjHN9sBqHuc=\/768x1152\/filters:format(webp):quality(85)\/cloudfront-us-east-1.images.arcpublishing.com\/infobae\/DP23SVBVQFH7BACAOTGAINROVY.jpg 768w,https:\/\/www.infobae.com\/new-resizer\/r98g2Ln-Ec0fcRrn8igsHVvL0Z4=\/992x1488\/filters:format(webp):quality(85)\/cloudfront-us-east-1.images.arcpublishing.com\/infobae\/DP23SVBVQFH7BACAOTGAINROVY.jpg 992w,https:\/\/www.infobae.com\/new-resizer\/tDO5QADHmXLw0VOJnzvERdHCs9U=\/1200x1800\/filters:format(webp):quality(85)\/cloudfront-us-east-1.images.arcpublishing.com\/infobae\/DP23SVBVQFH7BACAOTGAINROVY.jpg 1200w\" alt=\"San Cayetano de joven consolando a un moribundo. En Vicenza, Italia, fund\u00f3 un hospital para enfermos terminales\" width=\"1920\" height=\"3116\" data-src=\"https:\/\/www.infobae.com\/new-resizer\/dL8oZfy-Rduk5UvbkVmY6Q3mE6c=\/arc-anglerfish-arc2-prod-infobae\/public\/DP23SVBVQFH7BACAOTGAINROVY.jpg\" \/>San Cayetano de joven consolando a un moribundo. En Vicenza, Italia, fund\u00f3 un hospital para enfermos terminales<\/div>\n<p class=\"paragraph\" data-mrf-recirculation=\"Links inline\">Luego se trasladar\u00e1n a la ciudad de N\u00e1poles, La ciudad estaba gobernada por un Virrey, don Pedro de Toledo, en representaci\u00f3n de Carlos V y pertenec\u00eda al Reino de las dos Sicilias. Los espa\u00f1oles, a fin de mantener la estabilidad pol\u00edtica y econ\u00f3mica, hab\u00edan otorgado a la nobleza napolitana grandes beneficios. Pero el pueblo soportaba graves penas y miserias. El Conde de Oppido recibi\u00f3 a Cayetano y a sus sacerdotes teatinos con grandes lujos, pero\u00a0<b>ellos se negaron a aceptarlos terminantemente, solo aceptaron una casa casi en ruinas.\u00a0<\/b>Con vehemencia el conde insiste que acepte los regalos alegando que los napolitanos no eran tan ricos y generosos como los venecianos a los que Cayetano le responde: \u201cTal vez tenga usted raz\u00f3n, pero Dios es el mismo en ambas ciudades, en N\u00e1poles y en Venecia\u201d.<\/p>\n<p class=\"paragraph\" data-mrf-recirculation=\"Links inline\">Viendo la usura de los prestamistas,\u00a0<b>fund\u00f3 el \u201cMonte de Piedad\u201d que ser\u00e1 el predecesor del actual \u201cBanco de N\u00e1poles\u201d<\/b>\u00a0en el cual no exist\u00eda la usura. Tambi\u00e9n instaur\u00f3 la tradici\u00f3n de los pesebres de \u201cestilo Napolitano\u201d es decir que con pedagog\u00eda ense\u00f1o que Cristo nac\u00eda tambi\u00e9n en su momento de actualidad, de all\u00ed que los pesebres napolitanos est\u00e9n ambientados en la N\u00e1poles del S. XVI y ese estilo contin\u00faa hasta hoy en d\u00eda, sobre todo en una calle frente a la iglesia en donde est\u00e1 sepultado Cayetano en V\u00eda san Gregorio Armeno. Cuando la Inquisici\u00f3n Espa\u00f1ola lleg\u00f3 a la ciudad, esta se levant\u00f3 en armas contra el virrey lo que provoc\u00f3 grandes luchas callejeras y las muertes se contaban por cientos todos los d\u00edas. Cayetano se ofreci\u00f3 en cuerpo y alma por la salvaci\u00f3n de su pueblo. Con gran angustia por no ser escuchado, cay\u00f3 gravemente enfermo y\u00a0<b>muri\u00f3 el domingo 7 de agosto de 1547.<\/b>\u00a0Al d\u00eda siguiente, milagrosamente, cesaron las hostilidades y todos interpretaron que Cayetano hab\u00eda intercedido por la ciudad y sus habitantes desde el cielo.<\/p>\n<p class=\"paragraph\" data-mrf-recirculation=\"Links inline\">Al santo se lo representa con el ni\u00f1o Dios en los brazos porque celebrando misa el altar del pesebre de la bas\u00edlica romana de santa Mar\u00eda la Mayor, un d\u00eda de Navidad\u00a0<b>la Virgen se le aparece y le ofrece tener a su hijo en brazos<\/b>, como \u00e9l mismo lo relata a Sor Laura Mignani, monja agustina de Brescia y podr\u00edamos decir que su \u201cmadre Espiritual\u201d.<\/p>\n<div class=\"visual__image\"><img loading=\"lazy\" decoding=\"async\" class=\" lazyload\" src=\"https:\/\/www.infobae.com\/new-resizer\/BqeHzae_UNSOOvhSYbDqWqpZ9lA=\/arc-anglerfish-arc2-prod-infobae\/public\/HOIWRCRBJFFRRJHBSKCRJL2OUI.jpg\" sizes=\"auto, (min-width: 800px) 50vw, 90vw\" srcset=\"https:\/\/www.infobae.com\/new-resizer\/jC2F-PMWcHheBb-Eur4c7EkD7FI=\/992x606\/filters:format(webp):quality(85)\/cloudfront-us-east-1.images.arcpublishing.com\/infobae\/HOIWRCRBJFFRRJHBSKCRJL2OUI.jpg 992w\" alt=\"El sepulcro de San Cayetano en N\u00e1poles\" width=\"1920\" height=\"1176\" data-src=\"https:\/\/www.infobae.com\/new-resizer\/BqeHzae_UNSOOvhSYbDqWqpZ9lA=\/arc-anglerfish-arc2-prod-infobae\/public\/HOIWRCRBJFFRRJHBSKCRJL2OUI.jpg\" \/>El sepulcro de San Cayetano en N\u00e1poles<\/div>\n<p class=\"paragraph\" data-mrf-recirculation=\"Links inline\">Sabemos que la devoci\u00f3n a san Cayetano en la actual Argentina proviene de la\u00a0<b>Beata Madre Mar\u00eda Antonia de San Jos\u00e9, (La mama Antula)<\/b>\u00a0la fundadora de la santa casa de ejercicios espirituales de Buenos Aires. Pero, \u00bfc\u00f3mo llega esta devoci\u00f3n hasta el virreinato del Per\u00fa y luego al Rio de la Plata? Recordemos que\u00a0<b>Cayetano no muere \u201citaliano\u201d sino s\u00fabdito de la corona de Espa\u00f1a,<\/b>\u00a0y cuando fue canonizado lo rodearon de santos espa\u00f1oles: Rosa de Lima, Luis Beltr\u00e1n y Francisco de Borja. Su devoci\u00f3n llegar\u00e1 a Am\u00e9rica junto con la de Rosa de Lima. Al punto tal que en Lima el P. Gregorio Casa\u00f1as, que pertenec\u00eda al orden de los Oratorianos, fundados por san Felipe Neri querr\u00e1 fundar un monasterio de monjas teatinas: \u201cel monasterio comenz\u00f3 a organizarse desde 1688 gastando 70.000 pesos y entraron en clausura diecis\u00e9is doncellas con h\u00e1bito con la reglas de San Cayetano, pero ni el Virrey, Arzobispo ni el Cabildo favorecieron la fundaci\u00f3n por lo que se extingui\u00f3 en 1709\u201d. En M\u00e9xico ocurre lo mismo, la devoci\u00f3n se extendi\u00f3 muy r\u00e1pidamente.<\/p>\n<p class=\"paragraph\" data-mrf-recirculation=\"Links inline\">Lo mismo ocurri\u00f3 con Brasil donde est\u00e1 documentada la devoci\u00f3n a San Cayetano desde 1631 al punto tal que en la regi\u00f3n de San Pablo existen 12 calles que llevan el nombre de San Cayetano.<\/p>\n<p class=\"paragraph\" data-mrf-recirculation=\"Links inline\">Y la devoci\u00f3n llega al virreinato del Rio de la Plata. Pero ac\u00e1 surge un tema de historicidad muy interesante. Como dijimos m\u00e1s arriba el conocimiento de san Cayetano llega a la ciudad de la Sant\u00edsima Trinidad (recordemos que la ciudad de Buenos Aires adoptar\u00e1 el nombre de su puerto unos siglos despu\u00e9s) de manos de la Beata Mar\u00eda Antonia de san Jos\u00e9 (la mama Antula). Ella, siendo laica, seguir\u00e1 la obra de los jesuitas expulsados por orden de Carlos II en 1767. Cuando los miembros de la Compa\u00f1\u00eda de Jes\u00fas son desterrados de toda Espa\u00f1a, por error, en muchos lugares tambi\u00e9n ser\u00edan expulsados los Teatinos. La confusi\u00f3n era l\u00f3gica dado que tanto en el caso de Cayetano de Thiene, como en los de Ignacio de Loyola y Felipe Neri, no solo sus conventos est\u00e1n cercanos por pocos metros uno del otro en Roma; sino que sus h\u00e1bitos talares y espiritualidades eran muy similares.<b>\u00a0Son reconocidos los tres como los \u201creformadores del clero\u201d\u00a0<\/b>y es as\u00ed que en varios lugares de Am\u00e9rica a los Jesuitas le dec\u00edan los Teatinos. Por tanto no es de extra\u00f1ar que la Beata Mar\u00eda Antonia haya pensado que Cayetano era Jesuita, porque ella pone todas sus obras bajo la advocaci\u00f3n de santos de la Compa\u00f1\u00eda de Jes\u00fas con gran especificidad y cuando los nombra en sus innumerables cartas menciona a Cayetano en el listado de los santos Jesuitas.<\/p>\n<div class=\"visual__image\"><img loading=\"lazy\" decoding=\"async\" class=\" lazyload\" src=\"https:\/\/www.infobae.com\/new-resizer\/5rdhpcMED7E4h5uxUj1u6HUz7QQ=\/arc-anglerfish-arc2-prod-infobae\/public\/QDUBSX5KTFF4NAMVYUUVSY7B3Y.jpg\" sizes=\"auto, (min-width: 800px) 50vw, 90vw\" srcset=\"https:\/\/www.infobae.com\/new-resizer\/jn2d-W5FAgBIzOhHUsofIbRAYRo=\/420x420\/filters:format(webp):quality(85)\/cloudfront-us-east-1.images.arcpublishing.com\/infobae\/QDUBSX5KTFF4NAMVYUUVSY7B3Y.jpg 420w,https:\/\/www.infobae.com\/new-resizer\/ZoTFd947xOWGb7XwVLY3TMuy7VY=\/768x768\/filters:format(webp):quality(85)\/cloudfront-us-east-1.images.arcpublishing.com\/infobae\/QDUBSX5KTFF4NAMVYUUVSY7B3Y.jpg 768w,https:\/\/www.infobae.com\/new-resizer\/Nd2aCn4eYcUBejOyLPCO82tHWq0=\/992x992\/filters:format(webp):quality(85)\/cloudfront-us-east-1.images.arcpublishing.com\/infobae\/QDUBSX5KTFF4NAMVYUUVSY7B3Y.jpg 992w,https:\/\/www.infobae.com\/new-resizer\/abGPiyju-Z24E1wkx3UT7V2yWho=\/1200x1200\/filters:format(webp):quality(85)\/cloudfront-us-east-1.images.arcpublishing.com\/infobae\/QDUBSX5KTFF4NAMVYUUVSY7B3Y.jpg 1200w,https:\/\/www.infobae.com\/new-resizer\/bUwR2Ayyi4SVft2qWuxTfABhXSE=\/1440x1440\/filters:format(webp):quality(85)\/cloudfront-us-east-1.images.arcpublishing.com\/infobae\/QDUBSX5KTFF4NAMVYUUVSY7B3Y.jpg 1440w\" alt=\"La Beata Mar\u00eda Antonia de san Jos\u00e9 (la mama Antula) trajo la devoci\u00f3n de San Cayetano al virreinato del R\u00edo de la Plata\" width=\"1920\" height=\"1968\" data-src=\"https:\/\/www.infobae.com\/new-resizer\/5rdhpcMED7E4h5uxUj1u6HUz7QQ=\/arc-anglerfish-arc2-prod-infobae\/public\/QDUBSX5KTFF4NAMVYUUVSY7B3Y.jpg\" \/>La Beata Mar\u00eda Antonia de san Jos\u00e9 (la mama Antula) trajo la devoci\u00f3n de San Cayetano al virreinato del R\u00edo de la Plata<\/div>\n<p class=\"paragraph\" data-mrf-recirculation=\"Links inline\">Hasta en su testamento nos refiere: &#8221; \u2026 al gran patriarca san Ignacio, a los bienaventurados san Francisco Xavier, san Francisco de Borja, san Luis Gonzaga, san Estanislao y san Cayetano\u2026\u201d. Nunca hace un aparte como s\u00ed lo hace refiri\u00e9ndose a san Jos\u00e9. Aunque s\u00ed\u00a0<b>lo menciona como \u201csanto patrono de la providencia Divina\u201d.<\/b>\u00a0Esta hip\u00f3tesis del \u201cerror de piedad\u201d surgi\u00f3 en el equipo de peritos de historia nombrados durante la preparaci\u00f3n del proceso \u201csuper virtutibus\u201d con el cual se realiz\u00f3 la possitio para la beatificaci\u00f3n de la Mama Antula.<\/p>\n<p class=\"paragraph\" data-mrf-recirculation=\"Links inline\">Como fuere, la devoci\u00f3n del santo llega a estas costas de mano de la Beata y de la Congregaci\u00f3n de las Hijas del Divino Salvador. Instituto religioso fundado luego que el Beaterio de la santa Casa fuera clausurado y las beatas se transformaran en religiosas.<\/p>\n<p class=\"paragraph\" data-mrf-recirculation=\"Links inline\">Las religiosas construyeron una capilla en donde era el antiguo refectorio de la Santa Casa de Ejercicios dado que la capilla dom\u00e9stica era insuficiente. Para ello trajeron una retablo adquirido en Barcelona, el cual posee tres calles con una importe calle central en el cual hay un calvario, a la izquierda una imagen de san Ignacio de Loyola con guion y aureola de plata y\u00a0<b>a la derecha san Cayetano vestido con sotana, sin sobrepelliz y con el Ni\u00f1o Jes\u00fas en sus brazos.\u00a0<\/b>\u00bfPor qu\u00e9 no tiene las espigas ni el pan? Porque todav\u00eda no se hab\u00eda realizado la fundaci\u00f3n de la capilla de san Cayetano en el actual barrio de Liniers y no se hab\u00eda realizado\u00a0<b>el \u201cmilagro de la lluvia\u201d.<\/b><\/p>\n<div class=\"visual__image\"><img loading=\"lazy\" decoding=\"async\" class=\" lazyload\" src=\"https:\/\/www.infobae.com\/new-resizer\/LcWuSONPjZ6VeRsBxoiokCo_mgI=\/arc-anglerfish-arc2-prod-infobae\/public\/CV3P57HTCBAFLGSESQ75UE4UFQ.jpg\" sizes=\"auto, (min-width: 800px) 50vw, 90vw\" srcset=\"https:\/\/www.infobae.com\/new-resizer\/zlHL6u7fTM0kQA9ptb-pHSqxwNk=\/420x236\/filters:format(webp):quality(85)\/cloudfront-us-east-1.images.arcpublishing.com\/infobae\/CV3P57HTCBAFLGSESQ75UE4UFQ.jpg 420w,https:\/\/www.infobae.com\/new-resizer\/nrhfqtOCQhlRS-3p-AfxG8aI15s=\/768x432\/filters:format(webp):quality(85)\/cloudfront-us-east-1.images.arcpublishing.com\/infobae\/CV3P57HTCBAFLGSESQ75UE4UFQ.jpg 768w,https:\/\/www.infobae.com\/new-resizer\/IIrM3200Lpphle2EnuQRiPJqfyk=\/992x558\/filters:format(webp):quality(85)\/cloudfront-us-east-1.images.arcpublishing.com\/infobae\/CV3P57HTCBAFLGSESQ75UE4UFQ.jpg 992w,https:\/\/www.infobae.com\/new-resizer\/tmcfb69PIMg7NsCrmf8gUVzSZAs=\/1200x675\/filters:format(webp):quality(85)\/cloudfront-us-east-1.images.arcpublishing.com\/infobae\/CV3P57HTCBAFLGSESQ75UE4UFQ.jpg 1200w,https:\/\/www.infobae.com\/new-resizer\/Sx8UGROKLTyHLCUBueHidvrOJg8=\/1440x810\/filters:format(webp):quality(85)\/cloudfront-us-east-1.images.arcpublishing.com\/infobae\/CV3P57HTCBAFLGSESQ75UE4UFQ.jpg 1440w\" alt=\"Una imagen de San Cayetano en la peregrinaci\u00f3n del 7 de agosto de 2022 (Cr\u00e9dito: Gustavo Gavotti)\" width=\"1920\" height=\"1080\" data-src=\"https:\/\/www.infobae.com\/new-resizer\/LcWuSONPjZ6VeRsBxoiokCo_mgI=\/arc-anglerfish-arc2-prod-infobae\/public\/CV3P57HTCBAFLGSESQ75UE4UFQ.jpg\" \/>Una imagen de San Cayetano en la peregrinaci\u00f3n del 7 de agosto de 2022 (Cr\u00e9dito: Gustavo Gavotti)<\/div>\n<p class=\"paragraph\" data-mrf-recirculation=\"Links inline\">En 1875, gracias a la donaci\u00f3n de do\u00f1a Mar\u00eda Mercedes C\u00f3rdova a las Hnas. Hijas del Divino Salvador de muchas leguas de sus campos entre lo que hoy es hoy Ciudadela y Liniers, las religiosas construir\u00e1n una capilla y un colegio, en pleno campo. Dice la tradici\u00f3n que\u00a0<b>arrib\u00f3 una terrible sequ\u00eda que hac\u00eda peligrar las cosechas y un paisano fue a solicitar al santo ayuda celestial<\/b>\u00a0para que pronto llegue la lluvia, dejando ante sus pies un ramo de espigas. A los pocos d\u00edas llovi\u00f3 copiosamente salvando as\u00ed la cosecha y generando mucho trabajo.<\/p>\n<p class=\"paragraph\" data-mrf-recirculation=\"Links inline\">El lugar se fue poblando, lleg\u00f3 el ferrocarril y el arzobispado solicit\u00f3 a la Hnas. del Divino Salvador que presten su capilla como sede de una nueva parroquia; y as\u00ed lo hicieron. Ac\u00e1 es donde aparecen las espigas en la imagen de san Cayetano. La crisis del 1930 tambi\u00e9n asol\u00f3 la regi\u00f3n y el padre p\u00e1rroco de ese entonces Pbro. Domingo Falgioni\u00a0<b>envi\u00f3 por correo a cada persona de la gu\u00eda telef\u00f3nica de aquel entonces una estampa en la cual incorpor\u00f3 a San Cayetano la espiga de trigo\u00a0<\/b>y tambi\u00e9n esa imagen con la espiga junto al santo era publicada muy asiduamente desde el peri\u00f3dico \u201cel Pueblo\u201d. Asimismo el padre Falgioni era asesor del C\u00edrculo Cat\u00f3lico de Obreros y\u00a0<b>no tard\u00f3 en extenderse que san Cayetano era el patrono del \u201cpan y del trabajo\u201d<\/b>. En las otras partes del mundo que se venera a san Cayetano, no figura con espigas, sino con un Lirio, por la par\u00e1bola de Jes\u00fas sobre la providencia de Dios cuando se refiera a los Lirios del campo y las aves del cielo y con el Ni\u00f1o Dios en sus brazos.<\/p>\n<p class=\"paragraph\" data-mrf-recirculation=\"Links inline\">La figura de san Cayetano\u00a0<b>se ha convertido para el pueblo argentino en parte de su iconograf\u00eda<\/b>\u00a0sean cat\u00f3licos o no. Solo nos resta decir aquella antigua jaculatoria que se dec\u00eda del santo en Espa\u00f1a: \u201cCayetano providente: intercede por pan, salud y paz a nuestra gente\u201d.<\/p>\n","protected":false},"excerpt":{"rendered":"<p>San Cayetano es, sin dudas,\u00a0el santo m\u00e1s argentino.\u00a0Pero su vida es desconocida para la mayor parte de los fieles que cada 7 de agosto acuden a su templo en el barrio porte\u00f1o de Liniers -y en muchos a lo largo y ancho del pa\u00eds- para pedir por\u00a0pan y trabajo.\u00a0Es curioso: en casi todo el mundo, [&hellip;]<\/p>\n","protected":false},"author":2,"featured_media":18036,"comment_status":"closed","ping_status":"closed","sticky":false,"template":"","format":"standard","meta":{"footnotes":""},"categories":[86],"tags":[],"class_list":{"0":"post-18035","1":"post","2":"type-post","3":"status-publish","4":"format-standard","5":"has-post-thumbnail","7":"category-sociedad"},"_links":{"self":[{"href":"https:\/\/radiobitacora.com.ar\/web\/wp-json\/wp\/v2\/posts\/18035","targetHints":{"allow":["GET"]}}],"collection":[{"href":"https:\/\/radiobitacora.com.ar\/web\/wp-json\/wp\/v2\/posts"}],"about":[{"href":"https:\/\/radiobitacora.com.ar\/web\/wp-json\/wp\/v2\/types\/post"}],"author":[{"embeddable":true,"href":"https:\/\/radiobitacora.com.ar\/web\/wp-json\/wp\/v2\/users\/2"}],"replies":[{"embeddable":true,"href":"https:\/\/radiobitacora.com.ar\/web\/wp-json\/wp\/v2\/comments?post=18035"}],"version-history":[{"count":0,"href":"https:\/\/radiobitacora.com.ar\/web\/wp-json\/wp\/v2\/posts\/18035\/revisions"}],"wp:featuredmedia":[{"embeddable":true,"href":"https:\/\/radiobitacora.com.ar\/web\/wp-json\/wp\/v2\/media\/18036"}],"wp:attachment":[{"href":"https:\/\/radiobitacora.com.ar\/web\/wp-json\/wp\/v2\/media?parent=18035"}],"wp:term":[{"taxonomy":"category","embeddable":true,"href":"https:\/\/radiobitacora.com.ar\/web\/wp-json\/wp\/v2\/categories?post=18035"},{"taxonomy":"post_tag","embeddable":true,"href":"https:\/\/radiobitacora.com.ar\/web\/wp-json\/wp\/v2\/tags?post=18035"}],"curies":[{"name":"wp","href":"https:\/\/api.w.org\/{rel}","templated":true}]}}