{"id":18061,"date":"2023-08-08T07:45:22","date_gmt":"2023-08-08T10:45:22","guid":{"rendered":"https:\/\/radiobitacora.com.ar\/web\/?p=18061"},"modified":"2023-08-08T07:45:22","modified_gmt":"2023-08-08T10:45:22","slug":"goya-suma-nuevo-espacio-turistico-de-interes-historico-y-religioso","status":"publish","type":"post","link":"https:\/\/radiobitacora.com.ar\/web\/2023\/08\/08\/goya-suma-nuevo-espacio-turistico-de-interes-historico-y-religioso\/","title":{"rendered":"GOYA SUMA NUEVO ESPACIO TUR\u00cdSTICO DE INTER\u00c9S HIST\u00d3RICO Y RELIGIOSO"},"content":{"rendered":"<h3><strong>El abanico de ofertas para el turismo sigue sumando espacios hist\u00f3ricos, culturales y recreativos en Goya.<\/strong><\/h3>\n<h3><strong><picture><source srcset=\"https:\/\/883radiociudad.gob.ar\/wp-content\/uploads\/2023\/08\/MUSEO-4-300x200.jpeg.webp 300w, https:\/\/883radiociudad.gob.ar\/wp-content\/uploads\/2023\/08\/MUSEO-4-1024x682.jpeg.webp 1024w, https:\/\/883radiociudad.gob.ar\/wp-content\/uploads\/2023\/08\/MUSEO-4-768x512.jpeg.webp 768w, https:\/\/883radiociudad.gob.ar\/wp-content\/uploads\/2023\/08\/MUSEO-4-1536x1023.jpeg.webp 1536w, https:\/\/883radiociudad.gob.ar\/wp-content\/uploads\/2023\/08\/MUSEO-4.jpeg.webp 1600w\" type=\"image\/webp\" sizes=\"300px\" data-srcset=\"https:\/\/883radiociudad.gob.ar\/wp-content\/uploads\/2023\/08\/MUSEO-4-300x200.jpeg.webp 300w, https:\/\/883radiociudad.gob.ar\/wp-content\/uploads\/2023\/08\/MUSEO-4-1024x682.jpeg.webp 1024w, https:\/\/883radiociudad.gob.ar\/wp-content\/uploads\/2023\/08\/MUSEO-4-768x512.jpeg.webp 768w, https:\/\/883radiociudad.gob.ar\/wp-content\/uploads\/2023\/08\/MUSEO-4-1536x1023.jpeg.webp 1536w, https:\/\/883radiociudad.gob.ar\/wp-content\/uploads\/2023\/08\/MUSEO-4.jpeg.webp 1600w\" \/><img loading=\"lazy\" decoding=\"async\" class=\"size-medium wp-image-44052 alignleft lazyautosizes lazyloaded\" src=\"https:\/\/883radiociudad.gob.ar\/wp-content\/uploads\/2023\/08\/MUSEO-4-300x200.jpeg\" sizes=\"auto, 300px\" srcset=\"https:\/\/883radiociudad.gob.ar\/wp-content\/uploads\/2023\/08\/MUSEO-4-300x200.jpeg 300w, https:\/\/883radiociudad.gob.ar\/wp-content\/uploads\/2023\/08\/MUSEO-4-1024x682.jpeg 1024w, https:\/\/883radiociudad.gob.ar\/wp-content\/uploads\/2023\/08\/MUSEO-4-768x512.jpeg 768w, https:\/\/883radiociudad.gob.ar\/wp-content\/uploads\/2023\/08\/MUSEO-4-1536x1023.jpeg 1536w, https:\/\/883radiociudad.gob.ar\/wp-content\/uploads\/2023\/08\/MUSEO-4.jpeg 1600w\" alt=\"\" width=\"300\" height=\"200\" data-eio=\"p\" data-src=\"https:\/\/883radiociudad.gob.ar\/wp-content\/uploads\/2023\/08\/MUSEO-4-300x200.jpeg\" data-srcset=\"https:\/\/883radiociudad.gob.ar\/wp-content\/uploads\/2023\/08\/MUSEO-4-300x200.jpeg 300w, https:\/\/883radiociudad.gob.ar\/wp-content\/uploads\/2023\/08\/MUSEO-4-1024x682.jpeg 1024w, https:\/\/883radiociudad.gob.ar\/wp-content\/uploads\/2023\/08\/MUSEO-4-768x512.jpeg 768w, https:\/\/883radiociudad.gob.ar\/wp-content\/uploads\/2023\/08\/MUSEO-4-1536x1023.jpeg 1536w, https:\/\/883radiociudad.gob.ar\/wp-content\/uploads\/2023\/08\/MUSEO-4.jpeg 1600w\" data-sizes=\"auto\" data-eio-rwidth=\"300\" data-eio-rheight=\"200\" \/><\/picture><\/strong><\/h3>\n<p>Este domingo, el Municipio de Goya a trav\u00e9s de distintas dependencias hizo posible la reapertura del museo Monse\u00f1or Alberto Devoto. Funcionarios municipales, eclesi\u00e1sticos, de instituciones y vecinos participaron de un sencillo acto. Sus dependencias interiores fueron restauradas y puesta a disposici\u00f3n de la visita tur\u00edstica por calle Tucum\u00e1n 280.<\/p>\n<p>El acto dio inicio con una invocaci\u00f3n religiosa, rezo del Padre Nuestro y la reflexi\u00f3n del padre Juan Carlos L\u00f3pez, quien brind\u00f3 emotivas palabras para retratar al hombre de Dios, hermano y gu\u00eda de su pueblo.<\/p>\n<p>&nbsp;<\/p>\n<picture><source srcset=\"https:\/\/883radiociudad.gob.ar\/wp-content\/uploads\/2023\/08\/MUSEO-300x200.jpeg.webp 300w, https:\/\/883radiociudad.gob.ar\/wp-content\/uploads\/2023\/08\/MUSEO-1024x682.jpeg.webp 1024w, https:\/\/883radiociudad.gob.ar\/wp-content\/uploads\/2023\/08\/MUSEO-768x512.jpeg.webp 768w, https:\/\/883radiociudad.gob.ar\/wp-content\/uploads\/2023\/08\/MUSEO-1536x1023.jpeg.webp 1536w, https:\/\/883radiociudad.gob.ar\/wp-content\/uploads\/2023\/08\/MUSEO.jpeg.webp 1600w\" type=\"image\/webp\" sizes=\"300px\" data-srcset=\"https:\/\/883radiociudad.gob.ar\/wp-content\/uploads\/2023\/08\/MUSEO-300x200.jpeg.webp 300w, https:\/\/883radiociudad.gob.ar\/wp-content\/uploads\/2023\/08\/MUSEO-1024x682.jpeg.webp 1024w, https:\/\/883radiociudad.gob.ar\/wp-content\/uploads\/2023\/08\/MUSEO-768x512.jpeg.webp 768w, https:\/\/883radiociudad.gob.ar\/wp-content\/uploads\/2023\/08\/MUSEO-1536x1023.jpeg.webp 1536w, https:\/\/883radiociudad.gob.ar\/wp-content\/uploads\/2023\/08\/MUSEO.jpeg.webp 1600w\" \/><img loading=\"lazy\" decoding=\"async\" class=\"size-medium wp-image-44051 alignright lazyautosizes ls-is-cached lazyloaded\" src=\"https:\/\/883radiociudad.gob.ar\/wp-content\/uploads\/2023\/08\/MUSEO-300x200.jpeg\" sizes=\"auto, 300px\" srcset=\"https:\/\/883radiociudad.gob.ar\/wp-content\/uploads\/2023\/08\/MUSEO-300x200.jpeg 300w, https:\/\/883radiociudad.gob.ar\/wp-content\/uploads\/2023\/08\/MUSEO-1024x682.jpeg 1024w, https:\/\/883radiociudad.gob.ar\/wp-content\/uploads\/2023\/08\/MUSEO-768x512.jpeg 768w, https:\/\/883radiociudad.gob.ar\/wp-content\/uploads\/2023\/08\/MUSEO-1536x1023.jpeg 1536w, https:\/\/883radiociudad.gob.ar\/wp-content\/uploads\/2023\/08\/MUSEO.jpeg 1600w\" alt=\"\" width=\"300\" height=\"200\" data-eio=\"p\" data-src=\"https:\/\/883radiociudad.gob.ar\/wp-content\/uploads\/2023\/08\/MUSEO-300x200.jpeg\" data-srcset=\"https:\/\/883radiociudad.gob.ar\/wp-content\/uploads\/2023\/08\/MUSEO-300x200.jpeg 300w, https:\/\/883radiociudad.gob.ar\/wp-content\/uploads\/2023\/08\/MUSEO-1024x682.jpeg 1024w, https:\/\/883radiociudad.gob.ar\/wp-content\/uploads\/2023\/08\/MUSEO-768x512.jpeg 768w, https:\/\/883radiociudad.gob.ar\/wp-content\/uploads\/2023\/08\/MUSEO-1536x1023.jpeg 1536w, https:\/\/883radiociudad.gob.ar\/wp-content\/uploads\/2023\/08\/MUSEO.jpeg 1600w\" data-sizes=\"auto\" data-eio-rwidth=\"300\" data-eio-rheight=\"200\" \/><\/picture>\n<p>\u201cQuer\u00edamos dar gracias por el don de su ministerio, invocar la bendici\u00f3n del Se\u00f1or, justamente estos d\u00edas celebramos 38 a\u00f1os de la Pascua de monse\u00f1or Devoto, en \u00e9l tenemos las ra\u00edces, los fundamentos e inicios de la di\u00f3cesis de Goya\u201d, dijo.<\/p>\n<p>\u201cFue impulsor de una catequesis renovada, de una inquietud nueva y desafiante de la iglesia\u201d.<\/p>\n<p>\u201cYo conociendo algo de sus cartas y testimonios sobre \u00e9l veo tres aspectos: un hombre pobre, que eligi\u00f3 ser pobre, \u00e9l hizo una opci\u00f3n, vivi\u00f3 el desapego, la pobreza, la austeridad de vida, era hermano de todos, el hombre de la justicia social y el lema de \u00e9l: \u201cYo siempre estar\u00e9 contigo\u201d sigue vigente, su memoria es perpet\u00faa entre nosotros, referente por el testimonio de su vida porque as\u00ed son los hombres de Dios: dejan huellas\u201d, consider\u00f3.<picture><source srcset=\"https:\/\/883radiociudad.gob.ar\/wp-content\/uploads\/2023\/08\/MUSEO-1-300x200.jpeg.webp 300w, https:\/\/883radiociudad.gob.ar\/wp-content\/uploads\/2023\/08\/MUSEO-1-1024x682.jpeg.webp 1024w, https:\/\/883radiociudad.gob.ar\/wp-content\/uploads\/2023\/08\/MUSEO-1-768x512.jpeg.webp 768w, https:\/\/883radiociudad.gob.ar\/wp-content\/uploads\/2023\/08\/MUSEO-1-1536x1023.jpeg.webp 1536w, https:\/\/883radiociudad.gob.ar\/wp-content\/uploads\/2023\/08\/MUSEO-1.jpeg.webp 1600w\" type=\"image\/webp\" sizes=\"300px\" data-srcset=\"https:\/\/883radiociudad.gob.ar\/wp-content\/uploads\/2023\/08\/MUSEO-1-300x200.jpeg.webp 300w, https:\/\/883radiociudad.gob.ar\/wp-content\/uploads\/2023\/08\/MUSEO-1-1024x682.jpeg.webp 1024w, https:\/\/883radiociudad.gob.ar\/wp-content\/uploads\/2023\/08\/MUSEO-1-768x512.jpeg.webp 768w, https:\/\/883radiociudad.gob.ar\/wp-content\/uploads\/2023\/08\/MUSEO-1-1536x1023.jpeg.webp 1536w, https:\/\/883radiociudad.gob.ar\/wp-content\/uploads\/2023\/08\/MUSEO-1.jpeg.webp 1600w\" \/><img loading=\"lazy\" decoding=\"async\" class=\"size-medium wp-image-44056 alignright lazyautosizes ls-is-cached lazyloaded\" src=\"https:\/\/883radiociudad.gob.ar\/wp-content\/uploads\/2023\/08\/MUSEO-1-300x200.jpeg\" sizes=\"auto, 300px\" srcset=\"https:\/\/883radiociudad.gob.ar\/wp-content\/uploads\/2023\/08\/MUSEO-1-300x200.jpeg 300w, https:\/\/883radiociudad.gob.ar\/wp-content\/uploads\/2023\/08\/MUSEO-1-1024x682.jpeg 1024w, https:\/\/883radiociudad.gob.ar\/wp-content\/uploads\/2023\/08\/MUSEO-1-768x512.jpeg 768w, https:\/\/883radiociudad.gob.ar\/wp-content\/uploads\/2023\/08\/MUSEO-1-1536x1023.jpeg 1536w, https:\/\/883radiociudad.gob.ar\/wp-content\/uploads\/2023\/08\/MUSEO-1.jpeg 1600w\" alt=\"\" width=\"300\" height=\"200\" data-eio=\"p\" data-src=\"https:\/\/883radiociudad.gob.ar\/wp-content\/uploads\/2023\/08\/MUSEO-1-300x200.jpeg\" data-srcset=\"https:\/\/883radiociudad.gob.ar\/wp-content\/uploads\/2023\/08\/MUSEO-1-300x200.jpeg 300w, https:\/\/883radiociudad.gob.ar\/wp-content\/uploads\/2023\/08\/MUSEO-1-1024x682.jpeg 1024w, https:\/\/883radiociudad.gob.ar\/wp-content\/uploads\/2023\/08\/MUSEO-1-768x512.jpeg 768w, https:\/\/883radiociudad.gob.ar\/wp-content\/uploads\/2023\/08\/MUSEO-1-1536x1023.jpeg 1536w, https:\/\/883radiociudad.gob.ar\/wp-content\/uploads\/2023\/08\/MUSEO-1.jpeg 1600w\" data-sizes=\"auto\" data-eio-rwidth=\"300\" data-eio-rheight=\"200\" \/><\/picture>\n<p><strong>CARLOS GINOCCHI<\/strong><\/p>\n<p>El ex director de Cultura y uno de los ide\u00f3logos de este proyecto ponder\u00f3 el trabajo desde lo cultural para rescatar, no solamente los valores religiosos, sino el valor hist\u00f3rico personal de su digno propietario.<\/p>\n<p>\u201cMuseo, casa de reflexi\u00f3n, casa de memoria, casa de tener presente, vivir el hoy sin olvidar las ra\u00edces\u2026este es un museo que refleja un retazo de la historia de nuestro pueblo, lleva el nombre de nuestro obispo Alberto Devoto, un hombre que estuvo presente desde el primer d\u00eda del Concilio, profeta por momentos amado y criticado, ese hombre que lleg\u00f3 con todas las ideas reformadas de la iglesia, esas necesarias para nuestra Iglesia\u201d, dijo.<\/p>\n<p>\u201cLa Iglesia segu\u00eda como en la Edad Media, ah\u00ed estuvo el Concilio (Vaticano II\u00b0) con la visi\u00f3n de Juan XXIII continuada por Pablo VI de reformar, transformar, modernizar, sacarle la telara\u00f1a y el polvo m\u00e1s cerca de la gente m\u00e1s cerca del pueblo, Devoto estuvo siempre al lado de la gente\u201d.<\/p>\n<p>Agradeci\u00f3 a personalidades que oficiaron de fil\u00e1ntropos para ayudar a sostener el lugar, as\u00ed como a vecinos notables de la ciudad, que nunca dejaron que muera este espacio que de ahora en m\u00e1s quedar\u00e1 como legado del entramado hist\u00f3rico de nuestra ciudad.<picture><source srcset=\"https:\/\/883radiociudad.gob.ar\/wp-content\/uploads\/2023\/08\/MUSEO-5-300x173.jpeg.webp 300w, https:\/\/883radiociudad.gob.ar\/wp-content\/uploads\/2023\/08\/MUSEO-5-1024x591.jpeg.webp 1024w, https:\/\/883radiociudad.gob.ar\/wp-content\/uploads\/2023\/08\/MUSEO-5-768x443.jpeg.webp 768w, https:\/\/883radiociudad.gob.ar\/wp-content\/uploads\/2023\/08\/MUSEO-5.jpeg.webp 1380w\" type=\"image\/webp\" sizes=\"300px\" data-srcset=\"https:\/\/883radiociudad.gob.ar\/wp-content\/uploads\/2023\/08\/MUSEO-5-300x173.jpeg.webp 300w, https:\/\/883radiociudad.gob.ar\/wp-content\/uploads\/2023\/08\/MUSEO-5-1024x591.jpeg.webp 1024w, https:\/\/883radiociudad.gob.ar\/wp-content\/uploads\/2023\/08\/MUSEO-5-768x443.jpeg.webp 768w, https:\/\/883radiociudad.gob.ar\/wp-content\/uploads\/2023\/08\/MUSEO-5.jpeg.webp 1380w\" \/><img loading=\"lazy\" decoding=\"async\" class=\"size-medium wp-image-44054 alignright lazyautosizes lazyloaded\" src=\"https:\/\/883radiociudad.gob.ar\/wp-content\/uploads\/2023\/08\/MUSEO-5-300x173.jpeg\" sizes=\"auto, 300px\" srcset=\"https:\/\/883radiociudad.gob.ar\/wp-content\/uploads\/2023\/08\/MUSEO-5-300x173.jpeg 300w, https:\/\/883radiociudad.gob.ar\/wp-content\/uploads\/2023\/08\/MUSEO-5-1024x591.jpeg 1024w, https:\/\/883radiociudad.gob.ar\/wp-content\/uploads\/2023\/08\/MUSEO-5-768x443.jpeg 768w, https:\/\/883radiociudad.gob.ar\/wp-content\/uploads\/2023\/08\/MUSEO-5.jpeg 1380w\" alt=\"\" width=\"300\" height=\"173\" data-eio=\"p\" data-src=\"https:\/\/883radiociudad.gob.ar\/wp-content\/uploads\/2023\/08\/MUSEO-5-300x173.jpeg\" data-srcset=\"https:\/\/883radiociudad.gob.ar\/wp-content\/uploads\/2023\/08\/MUSEO-5-300x173.jpeg 300w, https:\/\/883radiociudad.gob.ar\/wp-content\/uploads\/2023\/08\/MUSEO-5-1024x591.jpeg 1024w, https:\/\/883radiociudad.gob.ar\/wp-content\/uploads\/2023\/08\/MUSEO-5-768x443.jpeg 768w, https:\/\/883radiociudad.gob.ar\/wp-content\/uploads\/2023\/08\/MUSEO-5.jpeg 1380w\" data-sizes=\"auto\" data-eio-rwidth=\"300\" data-eio-rheight=\"173\" \/><\/picture>\n<p><strong>INTENDENTE HORMAECHEA<\/strong><\/p>\n<p>El jefe comunal goyano reflexion\u00f3 acerca de esta importante concreci\u00f3n para la vida espiritual de la comunidad, idea que naci\u00f3 del doctor Carlos Ginocchi y del director de Cultura Manuel Zampar para reflotar este espacio hist\u00f3rico.<\/p>\n<p>\u201cEs parte de nuestra ciudad, evaluamos y tomamos la decisi\u00f3n de avanzar en esto que nosotros venimos planteando de que Goya tiene su historia, y nosotros tenemos que conocer muchos m\u00e1s de esta historia para conocerla hay que empezar a juntarla para aprender, es lo que venimos haciendo desde la Secretar\u00eda de Turismo, los paseos hist\u00f3ricos de la ciudad y esto no pod\u00eda quedar afuera, es un lugar muy emblem\u00e1tico, es un lugar que hace a los sentimientos de la ciudad , que transmite valores, opiniones encontradas y este es el desaf\u00edo de las nuevas generaciones, el hecho de que a pesar de tener opiniones diferentes empezar a tener cuestiones en comunes\u201d, enfatiz\u00f3.<\/p>\n<p>\u201cEste va a ser un paso para todos los vecinos de Goya que quieran venir a conocerlo, pero tambi\u00e9n para que entre en ese esquema que venimos planteando de poner sobre la mesa la historia de la ciudad, as\u00ed que much\u00edsimas gracias a todos\u201d, cerr\u00f3.<picture><source srcset=\"https:\/\/883radiociudad.gob.ar\/wp-content\/uploads\/2023\/08\/MUSEO-3-300x200.jpeg.webp 300w, https:\/\/883radiociudad.gob.ar\/wp-content\/uploads\/2023\/08\/MUSEO-3-1024x682.jpeg.webp 1024w, https:\/\/883radiociudad.gob.ar\/wp-content\/uploads\/2023\/08\/MUSEO-3-768x512.jpeg.webp 768w, https:\/\/883radiociudad.gob.ar\/wp-content\/uploads\/2023\/08\/MUSEO-3-1536x1023.jpeg.webp 1536w, https:\/\/883radiociudad.gob.ar\/wp-content\/uploads\/2023\/08\/MUSEO-3.jpeg.webp 1600w\" type=\"image\/webp\" sizes=\"300px\" data-srcset=\"https:\/\/883radiociudad.gob.ar\/wp-content\/uploads\/2023\/08\/MUSEO-3-300x200.jpeg.webp 300w, https:\/\/883radiociudad.gob.ar\/wp-content\/uploads\/2023\/08\/MUSEO-3-1024x682.jpeg.webp 1024w, https:\/\/883radiociudad.gob.ar\/wp-content\/uploads\/2023\/08\/MUSEO-3-768x512.jpeg.webp 768w, https:\/\/883radiociudad.gob.ar\/wp-content\/uploads\/2023\/08\/MUSEO-3-1536x1023.jpeg.webp 1536w, https:\/\/883radiociudad.gob.ar\/wp-content\/uploads\/2023\/08\/MUSEO-3.jpeg.webp 1600w\" \/><img loading=\"lazy\" decoding=\"async\" class=\"size-medium wp-image-44055 alignleft lazyautosizes ls-is-cached lazyloaded\" src=\"https:\/\/883radiociudad.gob.ar\/wp-content\/uploads\/2023\/08\/MUSEO-3-300x200.jpeg\" sizes=\"auto, 300px\" srcset=\"https:\/\/883radiociudad.gob.ar\/wp-content\/uploads\/2023\/08\/MUSEO-3-300x200.jpeg 300w, https:\/\/883radiociudad.gob.ar\/wp-content\/uploads\/2023\/08\/MUSEO-3-1024x682.jpeg 1024w, https:\/\/883radiociudad.gob.ar\/wp-content\/uploads\/2023\/08\/MUSEO-3-768x512.jpeg 768w, https:\/\/883radiociudad.gob.ar\/wp-content\/uploads\/2023\/08\/MUSEO-3-1536x1023.jpeg 1536w, https:\/\/883radiociudad.gob.ar\/wp-content\/uploads\/2023\/08\/MUSEO-3.jpeg 1600w\" alt=\"\" width=\"300\" height=\"200\" data-eio=\"p\" data-src=\"https:\/\/883radiociudad.gob.ar\/wp-content\/uploads\/2023\/08\/MUSEO-3-300x200.jpeg\" data-srcset=\"https:\/\/883radiociudad.gob.ar\/wp-content\/uploads\/2023\/08\/MUSEO-3-300x200.jpeg 300w, https:\/\/883radiociudad.gob.ar\/wp-content\/uploads\/2023\/08\/MUSEO-3-1024x682.jpeg 1024w, https:\/\/883radiociudad.gob.ar\/wp-content\/uploads\/2023\/08\/MUSEO-3-768x512.jpeg 768w, https:\/\/883radiociudad.gob.ar\/wp-content\/uploads\/2023\/08\/MUSEO-3-1536x1023.jpeg 1536w, https:\/\/883radiociudad.gob.ar\/wp-content\/uploads\/2023\/08\/MUSEO-3.jpeg 1600w\" data-sizes=\"auto\" data-eio-rwidth=\"300\" data-eio-rheight=\"200\" \/><\/picture>\n<p><strong>PRESENTES<\/strong><\/p>\n<p>Luego de las emotivas palabras y semblanzas de Devoto, el ambiente se llen\u00f3 de m\u00fasica y danza con la actuaci\u00f3n del Coro Infanto juvenil, el Grupo Chamamecero Municipal, el Ballet de Danzas Nativas y cierre con la recorrida guiada por el museo.<\/p>\n<p>El intendente estuvo acompa\u00f1ado por el vicepresidente 2do del HCD, Jes\u00fas M\u00e9ndez Vernengo; el Director de Consejos Vecinales, Jos\u00e9 Casco, de Cultura Manuel Lito Zampar; el presidente de Asociaci\u00f3n Civil MEDHES, Osmar Bello.<\/p>\n","protected":false},"excerpt":{"rendered":"<p>El abanico de ofertas para el turismo sigue sumando espacios hist\u00f3ricos, culturales y recreativos en Goya. Este domingo, el Municipio de Goya a trav\u00e9s de distintas dependencias hizo posible la reapertura del museo Monse\u00f1or Alberto Devoto. Funcionarios municipales, eclesi\u00e1sticos, de instituciones y vecinos participaron de un sencillo acto. Sus dependencias interiores fueron restauradas y puesta [&hellip;]<\/p>\n","protected":false},"author":2,"featured_media":18062,"comment_status":"closed","ping_status":"closed","sticky":false,"template":"","format":"standard","meta":{"footnotes":""},"categories":[56],"tags":[],"class_list":{"0":"post-18061","1":"post","2":"type-post","3":"status-publish","4":"format-standard","5":"has-post-thumbnail","7":"category-locales"},"_links":{"self":[{"href":"https:\/\/radiobitacora.com.ar\/web\/wp-json\/wp\/v2\/posts\/18061","targetHints":{"allow":["GET"]}}],"collection":[{"href":"https:\/\/radiobitacora.com.ar\/web\/wp-json\/wp\/v2\/posts"}],"about":[{"href":"https:\/\/radiobitacora.com.ar\/web\/wp-json\/wp\/v2\/types\/post"}],"author":[{"embeddable":true,"href":"https:\/\/radiobitacora.com.ar\/web\/wp-json\/wp\/v2\/users\/2"}],"replies":[{"embeddable":true,"href":"https:\/\/radiobitacora.com.ar\/web\/wp-json\/wp\/v2\/comments?post=18061"}],"version-history":[{"count":0,"href":"https:\/\/radiobitacora.com.ar\/web\/wp-json\/wp\/v2\/posts\/18061\/revisions"}],"wp:featuredmedia":[{"embeddable":true,"href":"https:\/\/radiobitacora.com.ar\/web\/wp-json\/wp\/v2\/media\/18062"}],"wp:attachment":[{"href":"https:\/\/radiobitacora.com.ar\/web\/wp-json\/wp\/v2\/media?parent=18061"}],"wp:term":[{"taxonomy":"category","embeddable":true,"href":"https:\/\/radiobitacora.com.ar\/web\/wp-json\/wp\/v2\/categories?post=18061"},{"taxonomy":"post_tag","embeddable":true,"href":"https:\/\/radiobitacora.com.ar\/web\/wp-json\/wp\/v2\/tags?post=18061"}],"curies":[{"name":"wp","href":"https:\/\/api.w.org\/{rel}","templated":true}]}}