{"id":18067,"date":"2023-08-08T08:08:58","date_gmt":"2023-08-08T11:08:58","guid":{"rendered":"https:\/\/radiobitacora.com.ar\/web\/?p=18067"},"modified":"2023-08-08T08:08:58","modified_gmt":"2023-08-08T11:08:58","slug":"se-derritio-un-glaciar-y-genero-un-nuevo-lago-en-bariloche","status":"publish","type":"post","link":"https:\/\/radiobitacora.com.ar\/web\/2023\/08\/08\/se-derritio-un-glaciar-y-genero-un-nuevo-lago-en-bariloche\/","title":{"rendered":"Se derriti\u00f3 un glaciar y gener\u00f3 un nuevo lago en Bariloche"},"content":{"rendered":"<p>\u201c<strong>En las regiones monta\u00f1osas, el signo m\u00e1s evidente del acelere que tiene el cambio clim\u00e1tico, es la p\u00e9rdida alarmante de glaciares que lleva, a su vez, a la p\u00e9rdida de un ecosistema particular<\/strong>\u201d, asegur\u00f3 Beatriz Modenutti, investigadora del Instituto de Investigaciones en Biodiversidad y Medioambiente (Inibioma) que depende del Conicet y la Universidad Nacional del Comahue.<\/p>\n<p>M\u00e1s all\u00e1 de la aparici\u00f3n de nuevos lagos, otra de las consecuencias es el cambio de temperatura en estos espejos de agua. Esto altera a los organismos que all\u00ed viven y el hecho de que\u00a0<strong>la temperatura aumente un grado \u00abrepresenta un cambio dr\u00e1stico en la reproducci\u00f3n de las especies, lo que da como resultado un desequilibrio en el ecosistema acu\u00e1tico<\/strong>\u00ab. Modenutti consider\u00f3 que \u201cesos peque\u00f1os cambios representan un trastorno enorme\u201d.<\/p>\n<p>En relaci\u00f3n al glaciar Ventisquero Negro, los investigadores observan una retracci\u00f3n importante durante los \u00faltimos a\u00f1os y la formaci\u00f3n de un lago cada vez m\u00e1s grande que ya alcanza\u00a0<strong>los 70 metros de profundidad.<\/strong><\/p>\n<p>Por otro lado, originalmente, el agua del lago es oscura. Pero ahora se detectan cambios en el r\u00edo Manso y en el lago Mascardi, donde el agua\u00a0<strong>\u00abse est\u00e1 aclarando ya que recibe mucha menos arcilla de los glaciares\u00bb.<\/strong><\/p>\n<p>Desde la universidad, recalcaron que el clima de la Tierra ha variado a lo largo de su historia debido a cambios naturales, como las erupciones volc\u00e1nicas, cambios en la \u00f3rbita de traslaci\u00f3n de la tierra y las variaciones en la composici\u00f3n de la atm\u00f3sfera, entre otros.\u00a0<strong>Desde los \u00faltimos a\u00f1os del siglo XIX, la temperatura media de la superficie terrestre ha aumentado m\u00e1s de 0,6 grados.<\/strong><\/p>\n<p>\u00abEste aumento est\u00e1 vinculado al proceso de industrializaci\u00f3n iniciado hace m\u00e1s de un siglo y, en particular, a la combusti\u00f3n de cantidades cada vez mayores de petr\u00f3leo y carb\u00f3n, la tala de bosques y algunos m\u00e9todos de explotaci\u00f3n agr\u00edcola\u00bb, advirtieron y destacaron que \u201chay un cambio clim\u00e1tico que puede llegar a ser cr\u00edtico\u201d.<\/p>\n<p>Modenutti plante\u00f3 que a lo largo de las eras geol\u00f3gicas, hubo cambios clim\u00e1ticos; por ende, no es la primera vez que el planeta sufre calentamiento y enfriamiento.<\/p>\n<p>\u201cLo que sucede en este momento -agreg\u00f3- es que, por efecto del hombre y particularmente de algunos pa\u00edses como Estados Unidos y China,\u00a0<strong>emiten gases de tipo invernadero que provocan este calentamiento que actualmente sufre el planeta<\/strong>. Estamos en un per\u00edodo donde el cambio se ha acelerado y realmente es muy alarmante\u201d.<\/p>\n<p>La recomendaci\u00f3n para los grandes pa\u00edses emisores es que tomen conciencia de la situaci\u00f3n a fin de avanzar en la disminuci\u00f3n de esas emisiones, cambiando la utilizaci\u00f3n de la energ\u00eda y no utilizando combustibles f\u00f3siles, por ejemplo. \u00abSi bien todos los pa\u00edses emiten gases de efecto invernadero y hay cuestiones personales que cada ser humano puede tener en cuenta para reducir el impacto, como el uso indebido e innecesario de veh\u00edculos para trasladarse de un lado a otro, sin duda son los gobiernos los que tienen que tomar las medidas m\u00e1s importantes a nivel global\u201d, afirm\u00f3 la docente universitaria.<\/p>\n","protected":false},"excerpt":{"rendered":"<p>\u201cEn las regiones monta\u00f1osas, el signo m\u00e1s evidente del acelere que tiene el cambio clim\u00e1tico, es la p\u00e9rdida alarmante de glaciares que lleva, a su vez, a la p\u00e9rdida de un ecosistema particular\u201d, asegur\u00f3 Beatriz Modenutti, investigadora del Instituto de Investigaciones en Biodiversidad y Medioambiente (Inibioma) que depende del Conicet y la Universidad Nacional del [&hellip;]<\/p>\n","protected":false},"author":2,"featured_media":18068,"comment_status":"closed","ping_status":"closed","sticky":false,"template":"","format":"standard","meta":{"footnotes":""},"categories":[72],"tags":[],"class_list":{"0":"post-18067","1":"post","2":"type-post","3":"status-publish","4":"format-standard","5":"has-post-thumbnail","7":"category-provinciales"},"_links":{"self":[{"href":"https:\/\/radiobitacora.com.ar\/web\/wp-json\/wp\/v2\/posts\/18067","targetHints":{"allow":["GET"]}}],"collection":[{"href":"https:\/\/radiobitacora.com.ar\/web\/wp-json\/wp\/v2\/posts"}],"about":[{"href":"https:\/\/radiobitacora.com.ar\/web\/wp-json\/wp\/v2\/types\/post"}],"author":[{"embeddable":true,"href":"https:\/\/radiobitacora.com.ar\/web\/wp-json\/wp\/v2\/users\/2"}],"replies":[{"embeddable":true,"href":"https:\/\/radiobitacora.com.ar\/web\/wp-json\/wp\/v2\/comments?post=18067"}],"version-history":[{"count":0,"href":"https:\/\/radiobitacora.com.ar\/web\/wp-json\/wp\/v2\/posts\/18067\/revisions"}],"wp:featuredmedia":[{"embeddable":true,"href":"https:\/\/radiobitacora.com.ar\/web\/wp-json\/wp\/v2\/media\/18068"}],"wp:attachment":[{"href":"https:\/\/radiobitacora.com.ar\/web\/wp-json\/wp\/v2\/media?parent=18067"}],"wp:term":[{"taxonomy":"category","embeddable":true,"href":"https:\/\/radiobitacora.com.ar\/web\/wp-json\/wp\/v2\/categories?post=18067"},{"taxonomy":"post_tag","embeddable":true,"href":"https:\/\/radiobitacora.com.ar\/web\/wp-json\/wp\/v2\/tags?post=18067"}],"curies":[{"name":"wp","href":"https:\/\/api.w.org\/{rel}","templated":true}]}}