{"id":18089,"date":"2023-08-09T08:07:06","date_gmt":"2023-08-09T11:07:06","guid":{"rendered":"https:\/\/radiobitacora.com.ar\/web\/?p=18089"},"modified":"2023-08-09T08:07:06","modified_gmt":"2023-08-09T11:07:06","slug":"curso-de-conductor-motorista-ofrece-rapida-salida-laboral","status":"publish","type":"post","link":"https:\/\/radiobitacora.com.ar\/web\/2023\/08\/09\/curso-de-conductor-motorista-ofrece-rapida-salida-laboral\/","title":{"rendered":"CURSO DE  CONDUCTOR MOTORISTA OFRECE R\u00c1PIDA SALIDA LABORAL"},"content":{"rendered":"<h3><strong>La capacitaci\u00f3n promovida por la Municipalidad de Goya se dicta y tiene varios m\u00f3dulos. Otorga a quien lo haga la posibilidad de insertarse r\u00e1pidamente en un empleo con mucha demanda.<\/strong><\/h3>\n<p>El Director de Empleo, de la Municipalidad, Dami\u00e1n Pini hizo una evaluaci\u00f3n acerca del curso de Auxiliar de Conductor Motorista (operaci\u00f3n de camiones y maquinaria pesada) que se dicta en las instalaciones del Batall\u00f3n de Ingenieros de Monte 12.<\/p>\n<p>Este tipo de capacitaciones tiene una gran demanda en la poblaci\u00f3n aunque su implementaci\u00f3n es compleja. Por eso fue importante la asociaci\u00f3n de esfuerzos de la Municipalidad y el Ej\u00e9rcito para dictar el curso.<\/p>\n<p>La capacitaci\u00f3n tiene varios m\u00f3dulos. El primer m\u00f3dulo es el desarrollo del manual del conductor para el curso de seguridad vial. En el segundo m\u00f3dulo, se abordan los temas: el veh\u00edculo; La V\u00eda; la Prevenci\u00f3n del riesgo laboral en la conducci\u00f3n. Causas m\u00e1s comunes de accidentes. En el tercer m\u00f3dulo se toca el tema T\u00e9cnicas de Conducci\u00f3n (tres horas de conducci\u00f3n efectiva por cada cursante). El cuarto m\u00f3dulo habla de conocimientos b\u00e1sicos de mec\u00e1nica ligera (seis horas). En el quinto m\u00f3dulo: primeros Auxilios y Prevenci\u00f3n de Incendios (dos horas). Sexto m\u00f3dulo: atenci\u00f3n al cliente (tres horas).<picture><source srcset=\"https:\/\/883radiociudad.gob.ar\/wp-content\/uploads\/2023\/08\/NOTA-DAMIAN-PINI-300x169.jpeg.webp 300w, https:\/\/883radiociudad.gob.ar\/wp-content\/uploads\/2023\/08\/NOTA-DAMIAN-PINI-1024x576.jpeg.webp 1024w, https:\/\/883radiociudad.gob.ar\/wp-content\/uploads\/2023\/08\/NOTA-DAMIAN-PINI-768x432.jpeg.webp 768w, https:\/\/883radiociudad.gob.ar\/wp-content\/uploads\/2023\/08\/NOTA-DAMIAN-PINI-1536x864.jpeg.webp 1536w, https:\/\/883radiociudad.gob.ar\/wp-content\/uploads\/2023\/08\/NOTA-DAMIAN-PINI.jpeg.webp 1599w\" type=\"image\/webp\" sizes=\"300px\" data-srcset=\"https:\/\/883radiociudad.gob.ar\/wp-content\/uploads\/2023\/08\/NOTA-DAMIAN-PINI-300x169.jpeg.webp 300w, https:\/\/883radiociudad.gob.ar\/wp-content\/uploads\/2023\/08\/NOTA-DAMIAN-PINI-1024x576.jpeg.webp 1024w, https:\/\/883radiociudad.gob.ar\/wp-content\/uploads\/2023\/08\/NOTA-DAMIAN-PINI-768x432.jpeg.webp 768w, https:\/\/883radiociudad.gob.ar\/wp-content\/uploads\/2023\/08\/NOTA-DAMIAN-PINI-1536x864.jpeg.webp 1536w, https:\/\/883radiociudad.gob.ar\/wp-content\/uploads\/2023\/08\/NOTA-DAMIAN-PINI.jpeg.webp 1599w\" \/><img loading=\"lazy\" decoding=\"async\" class=\"size-medium wp-image-44107 alignright lazyautosizes lazyloaded\" src=\"https:\/\/883radiociudad.gob.ar\/wp-content\/uploads\/2023\/08\/NOTA-DAMIAN-PINI-300x169.jpeg\" sizes=\"auto, 300px\" srcset=\"https:\/\/883radiociudad.gob.ar\/wp-content\/uploads\/2023\/08\/NOTA-DAMIAN-PINI-300x169.jpeg 300w, https:\/\/883radiociudad.gob.ar\/wp-content\/uploads\/2023\/08\/NOTA-DAMIAN-PINI-1024x576.jpeg 1024w, https:\/\/883radiociudad.gob.ar\/wp-content\/uploads\/2023\/08\/NOTA-DAMIAN-PINI-768x432.jpeg 768w, https:\/\/883radiociudad.gob.ar\/wp-content\/uploads\/2023\/08\/NOTA-DAMIAN-PINI-1536x864.jpeg 1536w, https:\/\/883radiociudad.gob.ar\/wp-content\/uploads\/2023\/08\/NOTA-DAMIAN-PINI.jpeg 1599w\" alt=\"\" width=\"300\" height=\"169\" data-eio=\"p\" data-src=\"https:\/\/883radiociudad.gob.ar\/wp-content\/uploads\/2023\/08\/NOTA-DAMIAN-PINI-300x169.jpeg\" data-srcset=\"https:\/\/883radiociudad.gob.ar\/wp-content\/uploads\/2023\/08\/NOTA-DAMIAN-PINI-300x169.jpeg 300w, https:\/\/883radiociudad.gob.ar\/wp-content\/uploads\/2023\/08\/NOTA-DAMIAN-PINI-1024x576.jpeg 1024w, https:\/\/883radiociudad.gob.ar\/wp-content\/uploads\/2023\/08\/NOTA-DAMIAN-PINI-768x432.jpeg 768w, https:\/\/883radiociudad.gob.ar\/wp-content\/uploads\/2023\/08\/NOTA-DAMIAN-PINI-1536x864.jpeg 1536w, https:\/\/883radiociudad.gob.ar\/wp-content\/uploads\/2023\/08\/NOTA-DAMIAN-PINI.jpeg 1599w\" data-sizes=\"auto\" data-eio-rwidth=\"300\" data-eio-rheight=\"169\" \/><\/picture>\n<p>Estas capacitaciones ser\u00e1n los d\u00edas lunes, mi\u00e9rcoles y viernes de 14 a 17 horas, estar\u00e1n a cargo de personal del Ej\u00e9rcito, las primeras clases ser\u00e1n dictadas por personal de la Direcci\u00f3n de Tr\u00e1nsito, de APS y Elizalde Seguros.<\/p>\n<p>Dami\u00e1n Pini detall\u00f3 en Radio Ciudad que \u201ces una capacitaci\u00f3n sumamente importante para todos aquellos que quieran acercarse al mundo del trabajo, o perfeccionar lo que ya vienen realizando como conductor motorista. Se podr\u00e1n insertar laboralmente en poco tiempo\u201d.<\/p>\n<p>\u201cEsto es la materializaci\u00f3n de un convenio que se implement\u00f3 hace un tiempo atr\u00e1s con el ej\u00e9rcito. Esta no es la \u00fanica capacitaci\u00f3n sino que vamos a estar haciendo otras capacitaciones m\u00e1s relacionada al mundo del oficio\u201d, dijo el director de Empleo.<\/p>\n<p><strong>ORIENTACI\u00d3N LABORAL<\/strong><\/p>\n<p>La Direcci\u00f3n de Empleo dicta talleres de Orientaci\u00f3n Laboral destinados a alumnos de los \u00faltimos a\u00f1os de la Escuela Secundaria. Dami\u00e1n Pini precis\u00f3: \u201cEs un curso de orientaci\u00f3n laboral que se est\u00e1 realizando con la Secretar\u00eda de Trabajo de la provincia. La cual es una herramienta muy importante para los chicos que est\u00e1n por culminar la secundaria. Estamos hablando del \u00faltimo a\u00f1o de la carrera del secundario. Se van a encontrar con un mundo totalmente distinto.\u00a0 Los que quieran insertarse laboralmente, les ofrecemos informarles acerca de todas las herramientas con las que contamos para que esos chicos puedan lograrlo\u201d.<\/p>\n","protected":false},"excerpt":{"rendered":"<p>La capacitaci\u00f3n promovida por la Municipalidad de Goya se dicta y tiene varios m\u00f3dulos. Otorga a quien lo haga la posibilidad de insertarse r\u00e1pidamente en un empleo con mucha demanda. El Director de Empleo, de la Municipalidad, Dami\u00e1n Pini hizo una evaluaci\u00f3n acerca del curso de Auxiliar de Conductor Motorista (operaci\u00f3n de camiones y maquinaria [&hellip;]<\/p>\n","protected":false},"author":2,"featured_media":18090,"comment_status":"closed","ping_status":"closed","sticky":false,"template":"","format":"standard","meta":{"footnotes":""},"categories":[56],"tags":[],"class_list":{"0":"post-18089","1":"post","2":"type-post","3":"status-publish","4":"format-standard","5":"has-post-thumbnail","7":"category-locales"},"_links":{"self":[{"href":"https:\/\/radiobitacora.com.ar\/web\/wp-json\/wp\/v2\/posts\/18089","targetHints":{"allow":["GET"]}}],"collection":[{"href":"https:\/\/radiobitacora.com.ar\/web\/wp-json\/wp\/v2\/posts"}],"about":[{"href":"https:\/\/radiobitacora.com.ar\/web\/wp-json\/wp\/v2\/types\/post"}],"author":[{"embeddable":true,"href":"https:\/\/radiobitacora.com.ar\/web\/wp-json\/wp\/v2\/users\/2"}],"replies":[{"embeddable":true,"href":"https:\/\/radiobitacora.com.ar\/web\/wp-json\/wp\/v2\/comments?post=18089"}],"version-history":[{"count":0,"href":"https:\/\/radiobitacora.com.ar\/web\/wp-json\/wp\/v2\/posts\/18089\/revisions"}],"wp:featuredmedia":[{"embeddable":true,"href":"https:\/\/radiobitacora.com.ar\/web\/wp-json\/wp\/v2\/media\/18090"}],"wp:attachment":[{"href":"https:\/\/radiobitacora.com.ar\/web\/wp-json\/wp\/v2\/media?parent=18089"}],"wp:term":[{"taxonomy":"category","embeddable":true,"href":"https:\/\/radiobitacora.com.ar\/web\/wp-json\/wp\/v2\/categories?post=18089"},{"taxonomy":"post_tag","embeddable":true,"href":"https:\/\/radiobitacora.com.ar\/web\/wp-json\/wp\/v2\/tags?post=18089"}],"curies":[{"name":"wp","href":"https:\/\/api.w.org\/{rel}","templated":true}]}}