{"id":18107,"date":"2023-08-09T08:23:14","date_gmt":"2023-08-09T11:23:14","guid":{"rendered":"https:\/\/radiobitacora.com.ar\/web\/?p=18107"},"modified":"2023-08-09T08:23:14","modified_gmt":"2023-08-09T11:23:14","slug":"programa-mita-y-mita-inauguracion-de-calle-en-barrio-scofano","status":"publish","type":"post","link":"https:\/\/radiobitacora.com.ar\/web\/2023\/08\/09\/programa-mita-y-mita-inauguracion-de-calle-en-barrio-scofano\/","title":{"rendered":"Programa Mita y Mita: INAUGURACI\u00d3N DE CALLE EN BARRIO SCOFANO"},"content":{"rendered":"<p class=\"rtejustify\">El intendente municipal, Mariano Hormaechea, ha anunciado a trav\u00e9s de sus redes sociales la \u00a0inauguraci\u00f3n del asfaltado de la cortada Merceditas, ubicada entre las calles Juan XXIII y Blas Lucioni, en el pintoresco Barrio Scofano. Este evento tendr\u00e1 lugar este jueves 10 de agosto a las 20 horas.<\/p>\n<p class=\"rtejustify\">Esta obra significativa forma parte del Programa \u00a0&#8220;Mita y Mita&#8221;, el cual ha demostrado su compromiso con la mejora constante de la infraestructura vial y, en \u00faltima instancia, con la calidad de vida de los habitantes de nuestra comunidad.<\/p>\n<p class=\"rtejustify\">El mensaje del intendente Municipal, Mariano Hormaechea, dice: \u201cQueridos vecinos, quiero invitarlos el jueves 10 de Agosto a una nueva inauguraci\u00f3n del Programa &#8216;Mita y Mita&#8217;. Cortada Merceditas, entre Juan XXIII y Blas Lucioni, B\u00b0 Scofano. Horario 20 horas. Los esperamos\u201d.<\/p>\n<p class=\"rtejustify\">Los vecinos est\u00e1n invitados a asistir a esta celebraci\u00f3n, que seguramente ser\u00e1 un momento memorable para el barrio.<\/p>\n<p class=\"rtejustify\">\u00a1Te esperamos!<\/p>\n","protected":false},"excerpt":{"rendered":"<p>El intendente municipal, Mariano Hormaechea, ha anunciado a trav\u00e9s de sus redes sociales la \u00a0inauguraci\u00f3n del asfaltado de la cortada Merceditas, ubicada entre las calles Juan XXIII y Blas Lucioni, en el pintoresco Barrio Scofano. Este evento tendr\u00e1 lugar este jueves 10 de agosto a las 20 horas. Esta obra significativa forma parte del Programa [&hellip;]<\/p>\n","protected":false},"author":2,"featured_media":18108,"comment_status":"closed","ping_status":"closed","sticky":false,"template":"","format":"standard","meta":{"footnotes":""},"categories":[1],"tags":[],"class_list":{"0":"post-18107","1":"post","2":"type-post","3":"status-publish","4":"format-standard","5":"has-post-thumbnail","7":"category-sin-categoria"},"_links":{"self":[{"href":"https:\/\/radiobitacora.com.ar\/web\/wp-json\/wp\/v2\/posts\/18107","targetHints":{"allow":["GET"]}}],"collection":[{"href":"https:\/\/radiobitacora.com.ar\/web\/wp-json\/wp\/v2\/posts"}],"about":[{"href":"https:\/\/radiobitacora.com.ar\/web\/wp-json\/wp\/v2\/types\/post"}],"author":[{"embeddable":true,"href":"https:\/\/radiobitacora.com.ar\/web\/wp-json\/wp\/v2\/users\/2"}],"replies":[{"embeddable":true,"href":"https:\/\/radiobitacora.com.ar\/web\/wp-json\/wp\/v2\/comments?post=18107"}],"version-history":[{"count":0,"href":"https:\/\/radiobitacora.com.ar\/web\/wp-json\/wp\/v2\/posts\/18107\/revisions"}],"wp:featuredmedia":[{"embeddable":true,"href":"https:\/\/radiobitacora.com.ar\/web\/wp-json\/wp\/v2\/media\/18108"}],"wp:attachment":[{"href":"https:\/\/radiobitacora.com.ar\/web\/wp-json\/wp\/v2\/media?parent=18107"}],"wp:term":[{"taxonomy":"category","embeddable":true,"href":"https:\/\/radiobitacora.com.ar\/web\/wp-json\/wp\/v2\/categories?post=18107"},{"taxonomy":"post_tag","embeddable":true,"href":"https:\/\/radiobitacora.com.ar\/web\/wp-json\/wp\/v2\/tags?post=18107"}],"curies":[{"name":"wp","href":"https:\/\/api.w.org\/{rel}","templated":true}]}}