{"id":18111,"date":"2023-08-09T08:27:14","date_gmt":"2023-08-09T11:27:14","guid":{"rendered":"https:\/\/radiobitacora.com.ar\/web\/?p=18111"},"modified":"2023-08-09T08:27:14","modified_gmt":"2023-08-09T11:27:14","slug":"valdes-contra-el-fantasma-de-la-abstencion-convoco-a-los-correntinos-a-votar-el-domingo","status":"publish","type":"post","link":"https:\/\/radiobitacora.com.ar\/web\/2023\/08\/09\/valdes-contra-el-fantasma-de-la-abstencion-convoco-a-los-correntinos-a-votar-el-domingo\/","title":{"rendered":"Vald\u00e9s contra el fantasma de la abstenci\u00f3n: convoc\u00f3 a los correntinos a votar el domingo"},"content":{"rendered":"<p>En el marco de las elecciones Primarias, el gobernador Gustavo Vald\u00e9s ayer apunt\u00f3 contra el Gobierno Nacional y asegur\u00f3 que cualquiera de los dos candidatos de Juntos por el Cambio (por Horacio Larreta o Patricia Bullrich) \u201cva a ser mucho mejor que este estrepitoso fracaso democr\u00e1tico\u201d. \u201cVamos a estar trabajando por Juntos para el Cambio\u201d, aclar\u00f3 sobre su apoyo a alguno de los postulantes de JxC.<\/p>\n<p>Tras la presentaci\u00f3n del Programa \u00a0Provincial de Educaci\u00f3n Ambiental y la inauguraci\u00f3n de la obra de reconstrucci\u00f3n de conducto pluvial y rehabilitaci\u00f3n de la calzada de la avenida Arturo Frondizi, Vald\u00e9s en di\u00e1logo con la prensa se refiri\u00f3 al contexto electoral y sobre la interna de Juntos por el Cambio se\u00f1al\u00f3 que \u201cojal\u00e1 que se termine la interna, que tengamos quien es el pr\u00f3ximo presidente de la naci\u00f3n y creo que cualquiera de los dos va a ser mucho mejor que este estrepitoso fracaso democr\u00e1tico que estamos viviendo por parte de Alberto Fernand\u00e9z\u201d.<\/p>\n<p>\u201cEs el peor Gobierno de la historia democr\u00e1tica de la Argentina, cualquier gobierno que venga va a ser mucho mejor\u201d, remarc\u00f3.<\/p>\n<p>\u201cNosotros vamos a estar trabajando por Juntos para el Cambio\u201d, aclar\u00f3 al ser consultado sobre su apoyo a alguno de los dos candidatos. \u201cComo digo nosotros ya estamos juntos construyendo el cambio. Ac\u00e1 el correntino va a tomar la decisi\u00f3n que quiera, hay militantes que le gusta m\u00e1s Patricia y a otros le gusta m\u00e1s Horacio, pueden elegir\u201d, expres\u00f3.<\/p>\n<div class=\"container_publi\" data-tipo=\"tipo_desktop \" data-pos=\"AMP_P1_cuerpo\"><\/div>\n<p>\u201cNosotros vamos a estar trabajando con Alfredo Vallejos e Ingrid Jetter para llevar los diputados nacionales que necesitan los correntinos en el Congreso de la Naci\u00f3n y tratar de hacer el mejor papel\u201d, destac\u00f3.<\/p>\n<p>\u201cLas elecciones comienzan a partir del domingo, hoy son internas entre partidos, nosotros estamos esperando que surja el mejor candidato que elija la gente y con ese candidato de Juntos por el cambio vamos a construir el triunfo de una nueva Argentina\u201d, agreg\u00f3.<\/p>\n<p>\u201cEste domingo tenemos que elegir cu\u00e1l es nuestro candidato dentro de JxC, es donde la gente puede optar por uno o por otro y elegir quien va a ser el candidato y desde ah\u00ed comenzar la campa\u00f1a electoral para elegir el futuro presidente de la Naci\u00f3n que falta muy poco, en tres mese ya tenemos nuevo presidente y en cinco meses est\u00e1 asumiendo\u201d, sostuvo.<\/p>\n<p>Sobre la asistencia de electores el domingo, Vald\u00e9s indic\u00f3 que \u201chay que ir a votar, el que est\u00e1 enojado como consecuencia del Gobierno Nacional, con algunos dirigentes pol\u00edticos o con todos. lo importante es que en democracia podamos participar y decidir a qu\u00e9 persona votamos y tambi\u00e9n votar en la interna, elegir los candidatos de los partidos pol\u00edticos\u201d. En esa l\u00ednea reconoci\u00f3 que \u201cme preocupa la poca participaci\u00f3n de los j\u00f3venes y lo que no son j\u00f3venes. Ojala que puedan ir a votar\u201d.<\/p>\n<div class=\"container_publi\" data-tipo=\"tipo_desktop \" data-pos=\"AMP_P2_cuerpo\"><\/div>\n<p>\u201cLa democracia tiene que ser el instrumento de cambio y el momento que da la democracia al ciudadano es la votaci\u00f3n, entonces el que est\u00e1 desencantado que vaya y que lo manifieste, que elija y el que est\u00e1 conforme tambi\u00e9n. La participaci\u00f3n en la democracia es fundamental para tener un sistema m\u00e1s sano\u201d, cerr\u00f3.<\/p>\n","protected":false},"excerpt":{"rendered":"<p>En el marco de las elecciones Primarias, el gobernador Gustavo Vald\u00e9s ayer apunt\u00f3 contra el Gobierno Nacional y asegur\u00f3 que cualquiera de los dos candidatos de Juntos por el Cambio (por Horacio Larreta o Patricia Bullrich) \u201cva a ser mucho mejor que este estrepitoso fracaso democr\u00e1tico\u201d. \u201cVamos a estar trabajando por Juntos para el Cambio\u201d, [&hellip;]<\/p>\n","protected":false},"author":2,"featured_media":18112,"comment_status":"closed","ping_status":"closed","sticky":false,"template":"","format":"standard","meta":{"footnotes":""},"categories":[79],"tags":[],"class_list":{"0":"post-18111","1":"post","2":"type-post","3":"status-publish","4":"format-standard","5":"has-post-thumbnail","7":"category-politica"},"_links":{"self":[{"href":"https:\/\/radiobitacora.com.ar\/web\/wp-json\/wp\/v2\/posts\/18111","targetHints":{"allow":["GET"]}}],"collection":[{"href":"https:\/\/radiobitacora.com.ar\/web\/wp-json\/wp\/v2\/posts"}],"about":[{"href":"https:\/\/radiobitacora.com.ar\/web\/wp-json\/wp\/v2\/types\/post"}],"author":[{"embeddable":true,"href":"https:\/\/radiobitacora.com.ar\/web\/wp-json\/wp\/v2\/users\/2"}],"replies":[{"embeddable":true,"href":"https:\/\/radiobitacora.com.ar\/web\/wp-json\/wp\/v2\/comments?post=18111"}],"version-history":[{"count":0,"href":"https:\/\/radiobitacora.com.ar\/web\/wp-json\/wp\/v2\/posts\/18111\/revisions"}],"wp:featuredmedia":[{"embeddable":true,"href":"https:\/\/radiobitacora.com.ar\/web\/wp-json\/wp\/v2\/media\/18112"}],"wp:attachment":[{"href":"https:\/\/radiobitacora.com.ar\/web\/wp-json\/wp\/v2\/media?parent=18111"}],"wp:term":[{"taxonomy":"category","embeddable":true,"href":"https:\/\/radiobitacora.com.ar\/web\/wp-json\/wp\/v2\/categories?post=18111"},{"taxonomy":"post_tag","embeddable":true,"href":"https:\/\/radiobitacora.com.ar\/web\/wp-json\/wp\/v2\/tags?post=18111"}],"curies":[{"name":"wp","href":"https:\/\/api.w.org\/{rel}","templated":true}]}}