{"id":18126,"date":"2023-08-09T08:49:43","date_gmt":"2023-08-09T11:49:43","guid":{"rendered":"https:\/\/radiobitacora.com.ar\/web\/?p=18126"},"modified":"2023-08-09T08:49:43","modified_gmt":"2023-08-09T11:49:43","slug":"cristina-kirchner-acuso-a-macri-de-apretar-a-senadores-para-bloquear-una-sesion-mas-mafioso-no-se-consigue","status":"publish","type":"post","link":"https:\/\/radiobitacora.com.ar\/web\/2023\/08\/09\/cristina-kirchner-acuso-a-macri-de-apretar-a-senadores-para-bloquear-una-sesion-mas-mafioso-no-se-consigue\/","title":{"rendered":"Cristina Kirchner acus\u00f3 a Macri de apretar a senadores para bloquear una sesi\u00f3n: \u201cM\u00e1s mafioso no se consigue\u201d"},"content":{"rendered":"<p class=\"paragraph\">La vicepresidenta,\u00a0<b>Cristina Kirchner,<\/b>\u00a0volvi\u00f3 a embestir contra el exmandatario,\u00a0<b>Mauricio Macri,<\/b>\u00a0por sus declaraciones en<i>\u00a0Desde el llano,<\/i>\u00a0por<b>\u00a0TN,<\/b>\u00a0al acusarlo de amenazar a senadores peronistas para que no den quorum, tras las duras cr\u00edticas al l\u00edder del PRO por sus cr\u00edticas al\u00a0<a href=\"https:\/\/tn.com.ar\/politica\/2023\/08\/08\/cristina-kirchner-se-mete-en-el-tramo-final-de-la-campana-y-cruzo-a-mauricio-macri-por-el-fmi\/\" target=\"_blank\" rel=\"noopener\">Fondo Monetario Internacional (FMI)<\/a>, en la recta final de campa\u00f1a previo a las PASO del pr\u00f3ximo domingo.<\/p>\n<div id=\"ad-slot-infeed\" class=\"infeed-container\"><\/div>\n<p class=\"paragraph\">La expresidenta escribi\u00f3: \u201c\u00bfAlguna vez viste y escuchaste que un ex Presidente y jefe de la oposici\u00f3n\u00a0<b>amenace\u00a0<\/b>y\/o extorsione por televisi\u00f3n a un Gobernador electo? \u00bfAlguna vez imaginaste al jefe del principal partido anti-peronista pidi\u00e9ndole a dos Senadores peronistas que no den quorum impidiendo, de esa forma, que el Senado funcione?\u201d, en referencia a la jueza\u00a0<a href=\"https:\/\/tn.com.ar\/politica\/2023\/05\/31\/la-jueza-que-debe-definir-si-cfk-va-a-juicio-hablo-de-causas-armadas-y-ensanamiento-con-la-vicepresidenta\/\"><b>Ana Mar\u00eda Figueroa,<\/b>\u00a0camarista clave para el futuro judicial de Cristina Kirchner<\/a>, por la causa<b>\u00a0Hotesur,\u00a0<\/b>cuya continuidad el kirchnerismo todav\u00eda no logr\u00f3 aprobar.<\/p>\n<p class=\"paragraph\">Cristina Kirhcner agreg\u00f3: \u201c\u00a1Ah! \u00bfNunca lo viste, ni lo escuchaste, ni te lo imaginaste? Bueno\u2026 te tengo una sorpresa. Escuch\u00e1 a Macri amenazando al Gobernador electo de R\u00edo Negro,\u00a0<b>Alberto Weretilneck<\/b>\u00a0y pidi\u00e9ndole a los senadores peronistas Snopek de Jujuy y Kueider de Entre R\u00edos, que\u00a0<b>no den quorum<\/b>\u00a0en el Senado. M\u00e1s\u00a0<b>mafioso\u00a0<\/b>no se consigue\u201d, con un recorte de la entrevista a Macri en\u00a0<i>Desde el llano,<\/i>\u00a0por\u00a0<b>TN.<\/b><\/p>\n<h2 class=\"font--primary\">Las declaraciones de Mauricio Macri por las que Cristina Kirchner volvi\u00f3 a embestirlo<\/h2>\n<div class=\"genoa_video raw relative \">\n<div data-testid=\"genoa-testid\">\n<div class=\"aspect_ratio__container\">\n<div class=\"genoa-embed-content-1488229\">\n<div id=\"vid-list-container-content-1488229\" class=\"vid-list-container\"><\/div>\n<\/div>\n<\/div>\n<\/div>\n<\/div>\n<div class=\"genoa_description\">Las declaraciones de Mauricio Macri en Desde el llano, por TN, por las que Cristina Kirchner volvi\u00f3 a embestirlo (Foto: captura TN).<\/div>\n<p class=\"paragraph\">Durante la entrevista a Macri que gener\u00f3 que Cristina Kirchner redoblara las cr\u00edticas el expresidente le pidi\u00f3 tres senadores del peronismo, Snopek, Kueider, y Weretilneck, futuro gobernador de R\u00edo Negro, \u201cque tengan un\u00a0<b>compromiso\u00a0<\/b>con la Patria, que\u00a0<b>no dejen\u00a0<\/b>que nombren esos\u00a0<b>jueces militantes\u00a0<\/b>que han puesto en esas listas porque, especialmente el que va a ser gobernador, espero que piense en los rionegrinos, piense en el futuro, piense en c\u00f3mo va a ayudarnos a volver a poner la Argentina en el mundo\u201d.<\/p>\n<p class=\"paragraph\">El l\u00edder del PRO dijo sobre Weretilneck: \u201cConmigo viaj\u00f3, me acuerdo, a Emiratos, a China, el gobernador (que actualmente es senador nacional), est\u00e1 entusiasmado con exportar la cereza, exportar sus vinos, traer turismo, todas esas cosas, bueno, requiere que tengamos seguridad jur\u00eddica y jueces capacitados\u201d.<\/p>\n<h2 class=\"font--primary\">El Senado no tendr\u00e1 sesi\u00f3n antes de la PASO y el oficialismo analiza otra jugada para salvar a una jueza clave<\/h2>\n<p class=\"paragraph\">Esta semana\u00a0<a href=\"https:\/\/tn.com.ar\/politica\/2023\/08\/07\/el-senado-no-tendra-sesion-antes-de-la-paso-y-el-oficialismo-analiza-otra-jugada-para-salvar-a-una-jueza-clave\/\" target=\"_blank\" rel=\"noopener\">no habr\u00e1 sesi\u00f3n en el Senado<\/a>, como anticip\u00f3\u00a0<b>TN,<\/b>\u00a0y tras el frustrado intento en la C\u00e1mara alta del oficialismo no podr\u00eda avanzar antes de las PASO con la aprobaci\u00f3n de\u00a0<b>75 pliegos judiciales,<\/b>\u00a0incluido el de Figueroa, la camarista clave para Cristina Kirchner que debe jubilarse el mi\u00e9rcoles. Sin embargo, el kirchnerismo podr\u00eda\u00a0<b>forzar una interpretaci\u00f3n<\/b>\u00a0para mantenerla en su cargo luego de las elecciones.<\/p>\n<ul class=\"ul__list list\">\n<li class=\"list__item\">Figueroa integra la C\u00e1mara de Casaci\u00f3n, que tambi\u00e9n componen Diego Barroetave\u00f1a, Daniel Petrone, y que debe dar respuesta al pedido del fiscal Mario Villar para anular el\u00a0<a href=\"https:\/\/tn.com.ar\/politica\/2022\/11\/10\/causa-los-sauces-hotesur-el-fiscal-pidio-anular-el-sobreseimiento-de-cristina-kirchner-y-que-vaya-a-juicio\/\">sobreseimiento\u00a0<\/a>de la Vicepresidenta y enviarla a juicio oral en<a href=\"https:\/\/tn.com.ar\/politica\/2023\/04\/10\/hotesur-los-sauces-la-justicia-define-si-cristina-kirchner-y-sus-hijos-van-a-juicio-por-lavado-de-dinero\/\">\u00a0la causa por lavado de activos Hotesur-Los Sauces<\/a>. Este mi\u00e9rcoles 9 de agosto Figueroa cumple 75 a\u00f1os. La Constituci\u00f3n establece que debe jubilarse, siempre y cuando no haya un acuerdo en el Senado que extienda sus funciones.<\/li>\n<li class=\"list__item\">Ante el mal pron\u00f3stico parlamentario, en el oficialismo empez\u00f3 a circular en la \u00faltima semana una lectura que podr\u00eda traer esc\u00e1ndalo y cruces al<b>\u00a0<\/b>Congreso luego de las PASO. Algunos senadores K entienden que\u00a0<b>hay antecedentes<\/b>, incluso durante el gobierno de Cambiemos, de jueces que, a\u00a0<b>pesar de ya haber cumplido 75 a\u00f1os,<\/b>\u00a0el Senado logr\u00f3\u00a0<b>aprobar m\u00e1s tarde<\/b>\u00a0su pliego y pudieron mantenerse en el cargo. En el PRO y la UCR dan por hecho que esa ser\u00e1 la siguiente jugada oficialista.<\/li>\n<li class=\"list__item\">El oficialismo no solo quiere aprobar el pliego de Figueroa, a quien se\u00f1alan como una\u00a0<a href=\"https:\/\/tn.com.ar\/politica\/2023\/07\/12\/el-kirchnerismo-defendio-a-la-jueza-de-la-causa-hotesur-y-critico-a-juntos-por-el-cambio\/\">jueza que \u201cno tranza con los poderes econ\u00f3micos\u201d\u00a0<\/a>y que no est\u00e1 cooptada por lo que el kirchnerismo llama \u201cpartido judicial\u201d. Tambi\u00e9n quiere avanzar con\u00a0<b>otros 74 pliegos judiciales,<\/b>\u00a0entre jueces, fiscales y defensores oficiales.<\/li>\n<\/ul>\n","protected":false},"excerpt":{"rendered":"<p>La vicepresidenta,\u00a0Cristina Kirchner,\u00a0volvi\u00f3 a embestir contra el exmandatario,\u00a0Mauricio Macri,\u00a0por sus declaraciones en\u00a0Desde el llano,\u00a0por\u00a0TN,\u00a0al acusarlo de amenazar a senadores peronistas para que no den quorum, tras las duras cr\u00edticas al l\u00edder del PRO por sus cr\u00edticas al\u00a0Fondo Monetario Internacional (FMI), en la recta final de campa\u00f1a previo a las PASO del pr\u00f3ximo domingo. La expresidenta [&hellip;]<\/p>\n","protected":false},"author":2,"featured_media":18127,"comment_status":"closed","ping_status":"closed","sticky":false,"template":"","format":"standard","meta":{"footnotes":""},"categories":[79],"tags":[],"class_list":{"0":"post-18126","1":"post","2":"type-post","3":"status-publish","4":"format-standard","5":"has-post-thumbnail","7":"category-politica"},"_links":{"self":[{"href":"https:\/\/radiobitacora.com.ar\/web\/wp-json\/wp\/v2\/posts\/18126","targetHints":{"allow":["GET"]}}],"collection":[{"href":"https:\/\/radiobitacora.com.ar\/web\/wp-json\/wp\/v2\/posts"}],"about":[{"href":"https:\/\/radiobitacora.com.ar\/web\/wp-json\/wp\/v2\/types\/post"}],"author":[{"embeddable":true,"href":"https:\/\/radiobitacora.com.ar\/web\/wp-json\/wp\/v2\/users\/2"}],"replies":[{"embeddable":true,"href":"https:\/\/radiobitacora.com.ar\/web\/wp-json\/wp\/v2\/comments?post=18126"}],"version-history":[{"count":0,"href":"https:\/\/radiobitacora.com.ar\/web\/wp-json\/wp\/v2\/posts\/18126\/revisions"}],"wp:featuredmedia":[{"embeddable":true,"href":"https:\/\/radiobitacora.com.ar\/web\/wp-json\/wp\/v2\/media\/18127"}],"wp:attachment":[{"href":"https:\/\/radiobitacora.com.ar\/web\/wp-json\/wp\/v2\/media?parent=18126"}],"wp:term":[{"taxonomy":"category","embeddable":true,"href":"https:\/\/radiobitacora.com.ar\/web\/wp-json\/wp\/v2\/categories?post=18126"},{"taxonomy":"post_tag","embeddable":true,"href":"https:\/\/radiobitacora.com.ar\/web\/wp-json\/wp\/v2\/tags?post=18126"}],"curies":[{"name":"wp","href":"https:\/\/api.w.org\/{rel}","templated":true}]}}