{"id":18135,"date":"2023-08-09T09:01:31","date_gmt":"2023-08-09T12:01:31","guid":{"rendered":"https:\/\/radiobitacora.com.ar\/web\/?p=18135"},"modified":"2023-08-09T09:01:31","modified_gmt":"2023-08-09T12:01:31","slug":"a-cuanto-llegaran-a-fin-de-ano-el-dolar-y-la-inflacion-en-la-argentina-segun-los-analistas-internacionales","status":"publish","type":"post","link":"https:\/\/radiobitacora.com.ar\/web\/2023\/08\/09\/a-cuanto-llegaran-a-fin-de-ano-el-dolar-y-la-inflacion-en-la-argentina-segun-los-analistas-internacionales\/","title":{"rendered":"A cu\u00e1nto llegar\u00e1n a fin de a\u00f1o el d\u00f3lar y la inflaci\u00f3n en la Argentina seg\u00fan los analistas internacionales"},"content":{"rendered":"<p class=\"paragraph\" data-mrf-recirculation=\"Links inline\">De acuerdo al informe de agosto de la consultora regional<b>\u00a0Latin Focus<\/b><i>,<\/i>\u00a0donde se contempla la lectura de m\u00e1s de 50 analistas econ\u00f3micos y financieros del exterior, la\u00a0<b>Argentina\u00a0<\/b>cerrar\u00e1 el 2023 con el d\u00f3lar y la inflaci\u00f3n en niveles m\u00e1s altos que los estimados hace apenas unas semanas. De hecho, los expertos insisten en que nuestro pa\u00eds est\u00e1 destinado a tener la econom\u00eda con peor desempe\u00f1o de\u00a0<b>Am\u00e9rica Latina\u00a0<\/b>este a\u00f1o.<\/p>\n<p class=\"paragraph\" data-mrf-recirculation=\"Links inline\">\u00bfQu\u00e9 se espera para fin de a\u00f1o? Los referentes de Latin Focus estiman que la\u00a0<b>inflaci\u00f3n\u00a0<\/b>llegar\u00e1 a un\u00a0<b>116,1%<\/b>\u00a0en promedio en 2023, lo que supone un aumento de 0,1 puntos porcentuales respecto a lo que hab\u00edan proyectado el mes anterior y marca un incremento de 20,8 puntos porcentuales respecto a la estimaci\u00f3n que hab\u00edan realizado en enero pasado. Adem\u00e1s, advirtieron que en 2024 el \u00cdndice de Precios al Consumidor (IPC) avanzar\u00eda un 130,3%.<\/p>\n<p class=\"paragraph\" data-mrf-recirculation=\"Links inline\">\u201cLa inflaci\u00f3n ser\u00e1 notablemente m\u00e1s alta este a\u00f1o que en 2022, impulsada por un peso que se desploma y una financiaci\u00f3n monetaria del d\u00e9ficit fiscal. La depreciaci\u00f3n del peso m\u00e1s r\u00e1pida de lo esperado y una generosidad fiscal antes de las elecciones de octubre, son riesgos clave\u201d, aseguraron.<\/p>\n<p class=\"paragraph\" data-mrf-recirculation=\"Links inline\">En ese contexto, corrigieron tambi\u00e9n su lectura en relaci\u00f3n al<b>\u00a0tipo de cambio<\/b>. El mes pasado, las consultoras hab\u00edan calculado que el d\u00f3lar oficial cerrar\u00eda el 2023 en\u00a0<b>$452.<\/b>\u00a0Ahora, en la encuesta realizada en los primeros d\u00edas de agosto, los especialistas de\u00a0<b>Latin Focus<\/b>\u00a0ven el peso argentino terminando el 2023 en $ 458 por d\u00f3lar y cerrando el 2024 en $ 922 por d\u00f3lar.<\/p>\n<div class=\"visual__image\"><img loading=\"lazy\" decoding=\"async\" class=\" lazyload\" src=\"https:\/\/www.infobae.com\/new-resizer\/OqJefJxkOEO25i66-pK4J1fp4Cg=\/arc-anglerfish-arc2-prod-infobae\/public\/TVD7OU6VBKK5WHU2KU4B4ZGPMM.jpg\" sizes=\"auto, (min-width: 800px) 50vw, 90vw\" srcset=\"https:\/\/www.infobae.com\/new-resizer\/n6_0vcUzldTr0KNJT4-HZ8Mj3jQ=\/420x280\/filters:format(webp):quality(85)\/cloudfront-us-east-1.images.arcpublishing.com\/infobae\/TVD7OU6VBKK5WHU2KU4B4ZGPMM.jpg 420w,https:\/\/www.infobae.com\/new-resizer\/Cf9yX9osToOKFqKO39u0lK9_Q4M=\/768x512\/filters:format(webp):quality(85)\/cloudfront-us-east-1.images.arcpublishing.com\/infobae\/TVD7OU6VBKK5WHU2KU4B4ZGPMM.jpg 768w,https:\/\/www.infobae.com\/new-resizer\/boHHn62AI1rhyiCGYiDZsWBGXsQ=\/992x661\/filters:format(webp):quality(85)\/cloudfront-us-east-1.images.arcpublishing.com\/infobae\/TVD7OU6VBKK5WHU2KU4B4ZGPMM.jpg 992w,https:\/\/www.infobae.com\/new-resizer\/ELdMqW2Er6ZuhPDOIGYS0MUY5lg=\/1200x800\/filters:format(webp):quality(85)\/cloudfront-us-east-1.images.arcpublishing.com\/infobae\/TVD7OU6VBKK5WHU2KU4B4ZGPMM.jpg 1200w,https:\/\/www.infobae.com\/new-resizer\/HgcRiWKlinraCDgfhVkIlX88j8Y=\/1440x960\/filters:format(webp):quality(85)\/cloudfront-us-east-1.images.arcpublishing.com\/infobae\/TVD7OU6VBKK5WHU2KU4B4ZGPMM.jpg 1440w\" alt=\"Seg\u00fan los analistas, el d\u00f3lar oficial terminar\u00e1 el a\u00f1o en un valor cercano a los $458. REUTERS\" width=\"800\" height=\"529\" data-src=\"https:\/\/www.infobae.com\/new-resizer\/OqJefJxkOEO25i66-pK4J1fp4Cg=\/arc-anglerfish-arc2-prod-infobae\/public\/TVD7OU6VBKK5WHU2KU4B4ZGPMM.jpg\" \/>Seg\u00fan los analistas, el d\u00f3lar oficial terminar\u00e1 el a\u00f1o en un valor cercano a los $458. REUTERS<\/div>\n<p class=\"paragraph\" data-mrf-recirculation=\"Links inline\">Para justificar su postura, los expertos recordaron que el peso argentino cotiz\u00f3 a $279 por d\u00f3lar el 4 de agosto, depreci\u00e1ndose un 7,3% mensual. \u201cEl Banco Central se adhiere a un tipo de cambio flotante administrado para el peso, que se debilitar\u00e1 m\u00e1s adelante por la impresi\u00f3n sostenida de dinero y la falta de confianza en la moneda\u201d, remarcaron.<\/p>\n<h2 class=\"header headline-class-h2\">Ca\u00edda de la actividad econ\u00f3mica<\/h2>\n<p class=\"paragraph\" data-mrf-recirculation=\"Links inline\">Aunque a\u00fan no han sido publicados los resultados oficiales, desde la consultora internacional indicaron que el\u00a0<b>PIB (Producto Interno Bruto)\u00a0<\/b>probablemente haya sufrido un golpe en el segundo trimestre, afectado por una \u201cdevastadora\u201d sequ\u00eda, hiperinflaci\u00f3n, restricciones cambiarias y tasas de inter\u00e9s alt\u00edsimas. \u201cLa actividad probablemente ha seguido sufriendo en el tercer trimestre ante un peso que se desploma\u201d, agregaron.<\/p>\n<p class=\"paragraph\" data-mrf-recirculation=\"Links inline\">Mientras tanto, recordaron, el Gobierno trabaja formalizar el acuerdo con el FMI que desbloquear\u00e1 otros 7.500 millones de d\u00f3lares.<\/p>\n<p class=\"paragraph\" data-mrf-recirculation=\"Links inline\">\u201cSe acord\u00f3 un programa de pol\u00edtica modificado para tener en cuenta el caos econ\u00f3mico causado por la sequ\u00eda. El acuerdo compromete a Argentina a mantener las tasas de inter\u00e9s \u2018suficientemente positivas en t\u00e9rminos reales\u2019, permite una acumulaci\u00f3n m\u00e1s gradual de reservas, pide una armonizaci\u00f3n del r\u00e9gimen cambiario, endurece los controles del gasto y confirma el objetivo del d\u00e9ficit fiscal primario en el 1,9% del PIB\u201d, analizaron.<\/p>\n<p class=\"paragraph\" data-mrf-recirculation=\"Links inline\">Como aspecto positivo, destacaron que el crecimiento del turismo internacional en el pa\u00eds y el aumento de la producci\u00f3n energ\u00e9tica del yacimiento\u00a0<b>Vaca Muerta<\/b>. En contraparte, sostuvieron que los riesgos est\u00e1n sesgados a la baja e incluyen un eventual colapso de la moneda, el impago de la deuda y una fuerte incertidumbre pol\u00edtica. Bajo este escenario, los panelistas de Latin Focus prev\u00e9n que el\u00a0<b>PIB se contraer\u00e1 un 2,5%\u00a0<\/b>en 2023, lo que no cambia respecto a su lectura del mes anterior. En vistas al a\u00f1o pr\u00f3ximo, pronostican que el PIB desacelerar\u00e1 su ca\u00edda, pero se mantendr\u00e1 negativo en un 0,3%.<\/p>\n","protected":false},"excerpt":{"rendered":"<p>De acuerdo al informe de agosto de la consultora regional\u00a0Latin Focus,\u00a0donde se contempla la lectura de m\u00e1s de 50 analistas econ\u00f3micos y financieros del exterior, la\u00a0Argentina\u00a0cerrar\u00e1 el 2023 con el d\u00f3lar y la inflaci\u00f3n en niveles m\u00e1s altos que los estimados hace apenas unas semanas. De hecho, los expertos insisten en que nuestro pa\u00eds est\u00e1 [&hellip;]<\/p>\n","protected":false},"author":2,"featured_media":18136,"comment_status":"closed","ping_status":"closed","sticky":false,"template":"","format":"standard","meta":{"footnotes":""},"categories":[65],"tags":[],"class_list":{"0":"post-18135","1":"post","2":"type-post","3":"status-publish","4":"format-standard","5":"has-post-thumbnail","7":"category-economia"},"_links":{"self":[{"href":"https:\/\/radiobitacora.com.ar\/web\/wp-json\/wp\/v2\/posts\/18135","targetHints":{"allow":["GET"]}}],"collection":[{"href":"https:\/\/radiobitacora.com.ar\/web\/wp-json\/wp\/v2\/posts"}],"about":[{"href":"https:\/\/radiobitacora.com.ar\/web\/wp-json\/wp\/v2\/types\/post"}],"author":[{"embeddable":true,"href":"https:\/\/radiobitacora.com.ar\/web\/wp-json\/wp\/v2\/users\/2"}],"replies":[{"embeddable":true,"href":"https:\/\/radiobitacora.com.ar\/web\/wp-json\/wp\/v2\/comments?post=18135"}],"version-history":[{"count":0,"href":"https:\/\/radiobitacora.com.ar\/web\/wp-json\/wp\/v2\/posts\/18135\/revisions"}],"wp:featuredmedia":[{"embeddable":true,"href":"https:\/\/radiobitacora.com.ar\/web\/wp-json\/wp\/v2\/media\/18136"}],"wp:attachment":[{"href":"https:\/\/radiobitacora.com.ar\/web\/wp-json\/wp\/v2\/media?parent=18135"}],"wp:term":[{"taxonomy":"category","embeddable":true,"href":"https:\/\/radiobitacora.com.ar\/web\/wp-json\/wp\/v2\/categories?post=18135"},{"taxonomy":"post_tag","embeddable":true,"href":"https:\/\/radiobitacora.com.ar\/web\/wp-json\/wp\/v2\/tags?post=18135"}],"curies":[{"name":"wp","href":"https:\/\/api.w.org\/{rel}","templated":true}]}}