{"id":18141,"date":"2023-08-09T09:13:12","date_gmt":"2023-08-09T12:13:12","guid":{"rendered":"https:\/\/radiobitacora.com.ar\/web\/?p=18141"},"modified":"2023-08-09T09:13:12","modified_gmt":"2023-08-09T12:13:12","slug":"susana-gimenez-y-moria-casan-enfrentadas-por-la-politica-a-dias-de-las-paso-2023","status":"publish","type":"post","link":"https:\/\/radiobitacora.com.ar\/web\/2023\/08\/09\/susana-gimenez-y-moria-casan-enfrentadas-por-la-politica-a-dias-de-las-paso-2023\/","title":{"rendered":"Susana Gim\u00e9nez y Moria Cas\u00e1n, enfrentadas por la pol\u00edtica a d\u00edas de las PASO 2023"},"content":{"rendered":"<p class=\"paragraph\" data-mrf-recirculation=\"Links inline\">Desde hace un tiempo que\u00a0<b>Susana Gim\u00e9nez\u00a0<\/b>y\u00a0<b>Moria Cas\u00e1n\u00a0<\/b>tienen posturas completamente opuestas en su visi\u00f3n ideol\u00f3gica de la pol\u00edtica del pa\u00eds. Durante la pandemia por Covid-19, la diva de los tel\u00e9fonos se radic\u00f3 en su casa de Uruguay, m\u00e1s precisamente en su mansi\u00f3n\u00a0<i><b>La Mary<\/b><\/i>\u00a0en Punta del Este\u00a0<b>para pasar all\u00ed la cuarentena obligatoria y desliz\u00f3 varias cr\u00edticas al manejo del virus en Argentina.<\/b><\/p>\n<p class=\"paragraph\" data-mrf-recirculation=\"Links inline\">En tanto,\u00a0<i><b>la One,<\/b><\/i>\u00a0en pareja con\u00a0<b>Fernando<\/b><i><b>\u00a0Pato\u00a0<\/b><\/i><b>Galmarini\u00a0<\/b>&#8211; hist\u00f3rico dirigente peronista y suegro de\u00a0<b>Sergio Massa\u00a0<\/b>&#8211; es una<b>\u00a0fuerte defensora del gobierno oficialista y respald\u00f3 a la f\u00f3rmula de Uni\u00f3n por la Patria (Massa-Rossi).<\/b>\u00a0Durante la tarde de este martes, luego del evento que encabezaron el ministro de Econom\u00eda y el jefe de Gabinete con intelectuales y referentes de la cultura, la exvedette se mostr\u00f3 feliz por haber participado del encuentro. \u201cLo que te puedo decir en cuanto a Sergio (Massa) es que es un hombre s\u00faper afable, de grandes valores, muy amante de su pa\u00eds\u201d, expres\u00f3 al salir del recinto.<\/p>\n<p class=\"paragraph\" data-mrf-recirculation=\"Links inline\">En cambio, Susana, en di\u00e1logo telef\u00f3nico con Jonatan Viale para\u00a0<i>+Realidad (LN<\/i>+<i>),<\/i>\u00a0reconoci\u00f3: \u201c<b>Siempre vot\u00e9 por Juntos por el Cambio\u201d.<\/b>\u00a0Y luego agreg\u00f3: \u201cPatricia,\u00a0<b>para presidenta ser\u00eda Patricia\u201d<\/b>. M\u00e1s adelante, cuando le consultaron acerca de c\u00f3mo ve\u00eda a la Argentina, la hist\u00f3rica conductora de\u00a0<i>Hola Susana<\/i>, admiti\u00f3:\u00a0<b>\u201cPor supuesto que me duele c\u00f3mo est\u00e1 el pa\u00eds\u201d<\/b>. Y luego reconoci\u00f3 que no sabe si volver\u00eda a vivir en el pa\u00eds si gana la f\u00f3rmula de Juntos por el Cambio. \u201cS\u00ed, bueno no s\u00e9, no s\u00e9\u201d, admiti\u00f3.<\/p>\n<p class=\"paragraph\" data-mrf-recirculation=\"Links inline\">Gim\u00e9nez tambi\u00e9n se refiri\u00f3 a los cr\u00e9ditos que la Argentina solicita a organismos y bancas internacionales. \u201cLo que me parece raro es que tengamos, a esta altura del partido, tener que mangar 700 millones a Qatar. Este un pa\u00eds riqu\u00edsimo, no puede ser que tengamos que ir entregando la soberan\u00eda. Hay chinos por todos lados, se llevan 2 mil millones de d\u00f3lares en a\u00f1o en pescado. Y no puede hacer nada la Prefectura porque hay \u00f3rdenes de no hacer nada. Es rar\u00edsimo\u201d, dijo, textual.<\/p>\n<p class=\"paragraph\" data-mrf-recirculation=\"Links inline\">En la vereda opuesta, Moria asegur\u00f3: \u201cAguante la Argentina, aguanten los argentinos,<b>\u00a0amo a mi pa\u00eds, nunca me tuve que ir de mi pa\u00eds,<\/b>\u00a0yo me envuelvo con la bandera porque ac\u00e1 tengo todo y mi pa\u00eds me dio todo\u201d. Acto seguido, continu\u00f3: \u201cYo hace 50 a\u00f1os que me hice famosa y que me abrazaron los argentinos. Amo profundamente a este pa\u00eds y estoy orgullosa de ser argentina\u201d. Y luego expres\u00f3 sin filtro: \u201cY a los que dicen que este es un pa\u00eds de mierda, qu\u00e9 olor a mierda despiden ustedes.<b>\u00a0Si est\u00e1s trabajando en un pa\u00eds que te parece de mierda, \u00bfpor qu\u00e9 no te vas a la mierda?\u201d.<\/b><\/p>\n<div class=\"visual__image\"><img loading=\"lazy\" decoding=\"async\" class=\" lazyload\" src=\"https:\/\/www.infobae.com\/new-resizer\/dkZKd4b0dCJBrNvUNKh6ANTZWyE=\/arc-anglerfish-arc2-prod-infobae\/public\/PNGSBEKKQZFIFBIEBIBHJENZIA.jpg\" sizes=\"auto, (min-width: 800px) 50vw, 90vw\" srcset=\"https:\/\/www.infobae.com\/new-resizer\/FwaOrpObgBFoRI_-mKCayZWTh70=\/420x630\/filters:format(webp):quality(85)\/cloudfront-us-east-1.images.arcpublishing.com\/infobae\/PNGSBEKKQZFIFBIEBIBHJENZIA.jpg 420w,https:\/\/www.infobae.com\/new-resizer\/X8hRFOpy7PpQ2KdhJ0zHGhLzjXw=\/768x1152\/filters:format(webp):quality(85)\/cloudfront-us-east-1.images.arcpublishing.com\/infobae\/PNGSBEKKQZFIFBIEBIBHJENZIA.jpg 768w,https:\/\/www.infobae.com\/new-resizer\/IPkbvMDu3R0UISm8ckeM_IPicA0=\/992x1488\/filters:format(webp):quality(85)\/cloudfront-us-east-1.images.arcpublishing.com\/infobae\/PNGSBEKKQZFIFBIEBIBHJENZIA.jpg 992w,https:\/\/www.infobae.com\/new-resizer\/xMS9CErN2m7fMPyilFBX-_aw5G4=\/1200x1800\/filters:format(webp):quality(85)\/cloudfront-us-east-1.images.arcpublishing.com\/infobae\/PNGSBEKKQZFIFBIEBIBHJENZIA.jpg 1200w\" alt=\"Susana Gim\u00e9nez y Moria Cas\u00e1n enfrentadas por sus idolog\u00edas pol\u00edticas (RS Fotos)\" width=\"1920\" height=\"2886\" data-src=\"https:\/\/www.infobae.com\/new-resizer\/dkZKd4b0dCJBrNvUNKh6ANTZWyE=\/arc-anglerfish-arc2-prod-infobae\/public\/PNGSBEKKQZFIFBIEBIBHJENZIA.jpg\" \/>Susana Gim\u00e9nez y Moria Cas\u00e1n enfrentadas por sus idolog\u00edas pol\u00edticas (RS Fotos)<\/div>\n<p class=\"paragraph\" data-mrf-recirculation=\"Links inline\">Cabe recordar que en una oportunidad, Susana tuvo expresiones sobre la actualidad de la Argentina que levantaron pol\u00e9mica al referirse a los piqueteros. Invitada a un evento, manifest\u00f3: \u201c\u00bfPor qu\u00e9 el d\u00eda que me eligen a m\u00ed tienen que haber estos piquetes?<b>. Yo si hubiera sabido tra\u00eda un carro de esos de agua y los mojo<\/b>\u201d.<\/p>\n<p class=\"paragraph\" data-mrf-recirculation=\"Links inline\">Hace unos d\u00edas,\u00a0<i><b>la Su,<\/b><\/i>\u00a0en di\u00e1logo con Radio Rivadavia, expres\u00f3 su dolor por la situaci\u00f3n del pa\u00eds. \u201cA m\u00ed lo que m\u00e1s me duele, te juro, es la inseguridad.<b>\u00a0\u00bfC\u00f3mo es posible que maten as\u00ed a la gente y no pase nada?.\u00a0<\/b>Cabe recordar que ella siempre tuvo una postura muy definida en cuanto a los delitos que cometen los delincuentes. \u201cBueno, \u00a1basta con los menores!,\u00a0<b>ac\u00e1 tienen que haber leyes m\u00e1s fuertes y el que mata tiene que morir\u201d,\u00a0<\/b>hab\u00eda mencionado en una ocasi\u00f3n en la que le preguntaron por el tema. Y hoy, al aire de La Naci\u00f3n +, en di\u00e1logo con\u00a0<b>Jonathan Viale,<\/b>\u00a0expres\u00f3 que sigue pensando lo mismo.<\/p>\n<div class=\"visual__image\"><img loading=\"lazy\" decoding=\"async\" class=\" lazyload\" src=\"https:\/\/www.infobae.com\/new-resizer\/cdXhi6VSOnlhwaCEjfTW333a5Iw=\/arc-anglerfish-arc2-prod-infobae\/public\/HD5KKUG4UFC4NLZU2G34W36RLQ.jpg\" sizes=\"auto, (min-width: 800px) 50vw, 90vw\" srcset=\"https:\/\/www.infobae.com\/new-resizer\/B_dMo86uQsqa3KU9tDK44Ip06qY=\/420x236\/filters:format(webp):quality(85)\/cloudfront-us-east-1.images.arcpublishing.com\/infobae\/HD5KKUG4UFC4NLZU2G34W36RLQ.jpg 420w,https:\/\/www.infobae.com\/new-resizer\/_lHmp5fEoJmLSGw7ps6NdE_5eG8=\/768x432\/filters:format(webp):quality(85)\/cloudfront-us-east-1.images.arcpublishing.com\/infobae\/HD5KKUG4UFC4NLZU2G34W36RLQ.jpg 768w,https:\/\/www.infobae.com\/new-resizer\/m9fDT6jBGAEZQztDPlB005NiMUM=\/992x558\/filters:format(webp):quality(85)\/cloudfront-us-east-1.images.arcpublishing.com\/infobae\/HD5KKUG4UFC4NLZU2G34W36RLQ.jpg 992w,https:\/\/www.infobae.com\/new-resizer\/12MeDPKL_lArnj-ACc4QJyTfKo8=\/1200x675\/filters:format(webp):quality(85)\/cloudfront-us-east-1.images.arcpublishing.com\/infobae\/HD5KKUG4UFC4NLZU2G34W36RLQ.jpg 1200w,https:\/\/www.infobae.com\/new-resizer\/v2aBOeCBXXNp0f5skL8yxcFHO28=\/1440x810\/filters:format(webp):quality(85)\/cloudfront-us-east-1.images.arcpublishing.com\/infobae\/HD5KKUG4UFC4NLZU2G34W36RLQ.jpg 1440w\" alt=\"Moria Cas\u00e1n y Susana Gim\u00e9nez est\u00e1n en veredas opuestas con respecto a la pol\u00edtica argentina (Captura TV)\" width=\"1920\" height=\"1080\" data-src=\"https:\/\/www.infobae.com\/new-resizer\/cdXhi6VSOnlhwaCEjfTW333a5Iw=\/arc-anglerfish-arc2-prod-infobae\/public\/HD5KKUG4UFC4NLZU2G34W36RLQ.jpg\" \/>Moria Cas\u00e1n y Susana Gim\u00e9nez est\u00e1n en veredas opuestas con respecto a la pol\u00edtica argentina (Captura TV)<\/div>\n<p class=\"paragraph\" data-mrf-recirculation=\"Links inline\">Un tiempo atr\u00e1s, Moria concedi\u00f3 una entrevista a\u00a0<i>A la tarde,<\/i>\u00a0el ciclo de\u00a0<b>Karina Mazzocco<\/b>, por Am\u00e9rica y se refiri\u00f3 directamente a la diva de los tel\u00e9fonos. \u201cMir\u00e1, siempre estuvo en otro pa\u00eds,\u00a0<b>es mega millonaria, siempre estuvo en otro radar Susana<\/b>, no me importa lo que haga, no es mi style\u201d, arremeti\u00f3. Luego, en otra oportunidad, al ser consultada acerca de lo que piensa sobre los dichos de la rubia, fue contundente. \u201cQu\u00e9 te voy a decir, es una m\u00e1s. Supongo que habla porque es su modo de ser y porque lo siente,\u00a0<b>ella siente que esto es comunismo<\/b>\u201d, dispar\u00f3.<\/p>\n","protected":false},"excerpt":{"rendered":"<p>Desde hace un tiempo que\u00a0Susana Gim\u00e9nez\u00a0y\u00a0Moria Cas\u00e1n\u00a0tienen posturas completamente opuestas en su visi\u00f3n ideol\u00f3gica de la pol\u00edtica del pa\u00eds. Durante la pandemia por Covid-19, la diva de los tel\u00e9fonos se radic\u00f3 en su casa de Uruguay, m\u00e1s precisamente en su mansi\u00f3n\u00a0La Mary\u00a0en Punta del Este\u00a0para pasar all\u00ed la cuarentena obligatoria y desliz\u00f3 varias cr\u00edticas al [&hellip;]<\/p>\n","protected":false},"author":2,"featured_media":18142,"comment_status":"closed","ping_status":"closed","sticky":false,"template":"","format":"standard","meta":{"footnotes":""},"categories":[67],"tags":[],"class_list":{"0":"post-18141","1":"post","2":"type-post","3":"status-publish","4":"format-standard","5":"has-post-thumbnail","7":"category-espectaculo"},"_links":{"self":[{"href":"https:\/\/radiobitacora.com.ar\/web\/wp-json\/wp\/v2\/posts\/18141","targetHints":{"allow":["GET"]}}],"collection":[{"href":"https:\/\/radiobitacora.com.ar\/web\/wp-json\/wp\/v2\/posts"}],"about":[{"href":"https:\/\/radiobitacora.com.ar\/web\/wp-json\/wp\/v2\/types\/post"}],"author":[{"embeddable":true,"href":"https:\/\/radiobitacora.com.ar\/web\/wp-json\/wp\/v2\/users\/2"}],"replies":[{"embeddable":true,"href":"https:\/\/radiobitacora.com.ar\/web\/wp-json\/wp\/v2\/comments?post=18141"}],"version-history":[{"count":0,"href":"https:\/\/radiobitacora.com.ar\/web\/wp-json\/wp\/v2\/posts\/18141\/revisions"}],"wp:featuredmedia":[{"embeddable":true,"href":"https:\/\/radiobitacora.com.ar\/web\/wp-json\/wp\/v2\/media\/18142"}],"wp:attachment":[{"href":"https:\/\/radiobitacora.com.ar\/web\/wp-json\/wp\/v2\/media?parent=18141"}],"wp:term":[{"taxonomy":"category","embeddable":true,"href":"https:\/\/radiobitacora.com.ar\/web\/wp-json\/wp\/v2\/categories?post=18141"},{"taxonomy":"post_tag","embeddable":true,"href":"https:\/\/radiobitacora.com.ar\/web\/wp-json\/wp\/v2\/tags?post=18141"}],"curies":[{"name":"wp","href":"https:\/\/api.w.org\/{rel}","templated":true}]}}