{"id":18144,"date":"2023-08-10T08:36:46","date_gmt":"2023-08-10T11:36:46","guid":{"rendered":"https:\/\/radiobitacora.com.ar\/web\/?p=18144"},"modified":"2023-08-10T08:36:46","modified_gmt":"2023-08-10T11:36:46","slug":"comision-interclubes-avanza-en-la-organizacion-de-la-pesca-variada-embarcada-2023","status":"publish","type":"post","link":"https:\/\/radiobitacora.com.ar\/web\/2023\/08\/10\/comision-interclubes-avanza-en-la-organizacion-de-la-pesca-variada-embarcada-2023\/","title":{"rendered":"COMISI\u00d3N INTERCLUBES AVANZA EN LA ORGANIZACI\u00d3N DE LA PESCA VARIADA EMBARCADA 2023"},"content":{"rendered":"<h3><strong>En nueva reuni\u00f3n concretada este lunes en el Predio Costa Surub\u00ed, la Comisi\u00f3n organizadora del 27\u00ba Concurso Argentino de Pesca Variada Embarcada con devoluci\u00f3n a realizarse el 29, 30 de septiembre y 1 de octubre en la ciudad de Goya, desarroll\u00f3 diversos temas referentes al Concurso de Pesca, expo y festival.<\/strong><\/h3>\n<p>Uno de los eventos de pesca variada m\u00e1s importante de la regi\u00f3n avanza en los preparativos con el acompa\u00f1amiento de la Municipalidad de Goya y el Gobierno de Corrientes.<picture><source srcset=\"https:\/\/883radiociudad.gob.ar\/wp-content\/uploads\/2023\/08\/intercubles-300x164.jpg.webp 300w, https:\/\/883radiociudad.gob.ar\/wp-content\/uploads\/2023\/08\/intercubles.jpg.webp 760w\" type=\"image\/webp\" sizes=\"300px\" data-srcset=\"https:\/\/883radiociudad.gob.ar\/wp-content\/uploads\/2023\/08\/intercubles-300x164.jpg.webp 300w, https:\/\/883radiociudad.gob.ar\/wp-content\/uploads\/2023\/08\/intercubles.jpg.webp 760w\" \/><img loading=\"lazy\" decoding=\"async\" class=\"size-medium wp-image-44219 alignright lazyautosizes lazyloaded\" src=\"https:\/\/883radiociudad.gob.ar\/wp-content\/uploads\/2023\/08\/intercubles-300x164.jpg\" sizes=\"auto, 300px\" srcset=\"https:\/\/883radiociudad.gob.ar\/wp-content\/uploads\/2023\/08\/intercubles-300x164.jpg 300w, https:\/\/883radiociudad.gob.ar\/wp-content\/uploads\/2023\/08\/intercubles.jpg 760w\" alt=\"\" width=\"300\" height=\"164\" data-eio=\"p\" data-src=\"https:\/\/883radiociudad.gob.ar\/wp-content\/uploads\/2023\/08\/intercubles-300x164.jpg\" data-srcset=\"https:\/\/883radiociudad.gob.ar\/wp-content\/uploads\/2023\/08\/intercubles-300x164.jpg 300w, https:\/\/883radiociudad.gob.ar\/wp-content\/uploads\/2023\/08\/intercubles.jpg 760w\" data-sizes=\"auto\" data-eio-rwidth=\"300\" data-eio-rheight=\"164\" \/><\/picture>\n<p>Las inscripciones a la competencia deportiva contin\u00faan abiertas en la aplicaci\u00f3n PescApp al valor de $42.000 al contado o la posibilidad de abonar en 3 cuotas. Con la promoci\u00f3n vigente para barras pesqueras que inscriban 7 equipos, pagan \u00fanicamente 6.<\/p>\n<p>El concurso de Pesca Deportiva con devoluci\u00f3n repartir\u00e1 m\u00e1s de 5.000.000 de pesos en premios.<\/p>\n<p>El fiscal General del Concurso Santiago Mac Call adelant\u00f3 que pr\u00f3ximamente se dar\u00e1 a conocer el nuevo reglamento de pesca, con modificaciones para garantizar y beneficiar una buena pesca al pescador y pregonando el cuidado de los peces del rio Paran\u00e1.<\/p>\n<p>En tanto que la Expo Variada 2023 avanza en la convocatoria de expositores, con propuestas innovadoras que se concentrar\u00e1n en el Predio Costa Surub\u00ed durante los tres d\u00edas del evento con entrada libre y gratuita.<\/p>\n<div class=\"at-below-post addthis_tool\" data-url=\"https:\/\/883radiociudad.gob.ar\/comision-interclubes-avanza-en-la-organizacion-de-la-pesca-variada-embarcada-2023\/\"><\/div>\n<div class=\"post-item-metadata entry-meta\"><\/div>\n<nav class=\"navigation post-navigation\" aria-label=\"Continue Reading\">\n<h2 class=\"screen-reader-text\">Continue Reading<\/h2>\n<div class=\"nav-links\">\n<div class=\"nav-previous\"><\/div>\n<\/div>\n<\/nav>\n","protected":false},"excerpt":{"rendered":"<p>En nueva reuni\u00f3n concretada este lunes en el Predio Costa Surub\u00ed, la Comisi\u00f3n organizadora del 27\u00ba Concurso Argentino de Pesca Variada Embarcada con devoluci\u00f3n a realizarse el 29, 30 de septiembre y 1 de octubre en la ciudad de Goya, desarroll\u00f3 diversos temas referentes al Concurso de Pesca, expo y festival. Uno de los eventos [&hellip;]<\/p>\n","protected":false},"author":2,"featured_media":18145,"comment_status":"closed","ping_status":"closed","sticky":false,"template":"","format":"standard","meta":{"footnotes":""},"categories":[56],"tags":[],"class_list":{"0":"post-18144","1":"post","2":"type-post","3":"status-publish","4":"format-standard","5":"has-post-thumbnail","7":"category-locales"},"_links":{"self":[{"href":"https:\/\/radiobitacora.com.ar\/web\/wp-json\/wp\/v2\/posts\/18144","targetHints":{"allow":["GET"]}}],"collection":[{"href":"https:\/\/radiobitacora.com.ar\/web\/wp-json\/wp\/v2\/posts"}],"about":[{"href":"https:\/\/radiobitacora.com.ar\/web\/wp-json\/wp\/v2\/types\/post"}],"author":[{"embeddable":true,"href":"https:\/\/radiobitacora.com.ar\/web\/wp-json\/wp\/v2\/users\/2"}],"replies":[{"embeddable":true,"href":"https:\/\/radiobitacora.com.ar\/web\/wp-json\/wp\/v2\/comments?post=18144"}],"version-history":[{"count":0,"href":"https:\/\/radiobitacora.com.ar\/web\/wp-json\/wp\/v2\/posts\/18144\/revisions"}],"wp:featuredmedia":[{"embeddable":true,"href":"https:\/\/radiobitacora.com.ar\/web\/wp-json\/wp\/v2\/media\/18145"}],"wp:attachment":[{"href":"https:\/\/radiobitacora.com.ar\/web\/wp-json\/wp\/v2\/media?parent=18144"}],"wp:term":[{"taxonomy":"category","embeddable":true,"href":"https:\/\/radiobitacora.com.ar\/web\/wp-json\/wp\/v2\/categories?post=18144"},{"taxonomy":"post_tag","embeddable":true,"href":"https:\/\/radiobitacora.com.ar\/web\/wp-json\/wp\/v2\/tags?post=18144"}],"curies":[{"name":"wp","href":"https:\/\/api.w.org\/{rel}","templated":true}]}}