{"id":18156,"date":"2023-08-10T08:56:47","date_gmt":"2023-08-10T11:56:47","guid":{"rendered":"https:\/\/radiobitacora.com.ar\/web\/?p=18156"},"modified":"2023-08-10T08:56:47","modified_gmt":"2023-08-10T11:56:47","slug":"juez-federal-electoral-hay-que-ser-optimista-la-gente-va-a-ir-a-votar","status":"publish","type":"post","link":"https:\/\/radiobitacora.com.ar\/web\/2023\/08\/10\/juez-federal-electoral-hay-que-ser-optimista-la-gente-va-a-ir-a-votar\/","title":{"rendered":"Juez federal electoral: &#8220;Hay que ser optimista, la gente va a ir a votar&#8221;"},"content":{"rendered":"<p>As\u00ed como los distintos frentes y partidos pol\u00edticos transitan ya la recta final de cara a las PASO del domingo que viene, tambi\u00e9n est\u00e1n en la cuenta regresiva los equipos que se encargan del operativo y la log\u00edstica de estos comicios.<\/p>\n<p>&nbsp;<\/p>\n<p>En este sentido, ya se est\u00e1n repartiendo las urnas en el interior provincial y entre el viernes y el s\u00e1bado se cargar\u00e1n y distribuir\u00e1n en Capital. Tambi\u00e9n se alista un encuentro para el viernes de los integrantes del Comando Electoral con las autoridades del juzgado federal con competencia electoral en Corrientes, para terminar de definir detalles del despliegue y repliegue de la log\u00edstica en estas elecciones.<\/p>\n<p>&nbsp;<\/p>\n<p>As\u00ed lo anticip\u00f3 el juez federal, con competencia en lo electoral, Juan Carlos Vallejos, quien tambi\u00e9n se refiri\u00f3 a las advertencias que desde distintos sectores pol\u00edticos se intensificaron en las \u00faltimas semanas: el nivel de participaci\u00f3n ser\u00e1 bajo en comparaci\u00f3n con otros turnos electorales. \u00bfEl motivo? Hay muchas aristas, pero en lo general se percibe cierta apat\u00eda en el electorado y mucha bronca con la dirigencia pol\u00edtica por falta de resultados en su objetivo central: trabajar por el bienestar de la gente.<\/p>\n<div class=\"center medium m_image\">\n<figure><picture><source srcset=\"https:\/\/www.diarioepoca.com\/content\/bucket\/8\/1312998w380h133c.jpg.webp\" type=\"image\/webp\" media=\"(min-width: 640px)\" \/><source srcset=\"https:\/\/www.diarioepoca.com\/content\/bucket\/8\/1312998w440h154c.jpg.webp\" type=\"image\/webp\" media=\"(min-width: 300px)\" \/><source srcset=\"https:\/\/www.diarioepoca.com\/content\/bucket\/8\/1312998w380h133c.jpg\" media=\"(min-width: 300px)\" \/><img loading=\"lazy\" decoding=\"async\" class=\"pic\" src=\"https:\/\/www.diarioepoca.com\/content\/bucket\/8\/1312998w380h133c.jpg.webp\" alt=\"\" width=\"380\" height=\"133\" \/><\/picture><\/figure>\n<\/div>\n<p>&nbsp;<\/p>\n<p>Vallejos tiene su propia visi\u00f3n. &#8220;Descuento la participaci\u00f3n ciudadana, porque hay muchas agrupaciones: tenemos 28 a nivel nacional y nueve de car\u00e1cter distrital en Corrientes, por lo cual creo que permite anticipar una buena participaci\u00f3n de la ciudadan\u00eda. Hay que ser optimista, la gente va a ir a votar&#8221;, afirm\u00f3 el magistrado en una entrevista mantenida ayer con Radio Dos, en el programa &#8220;La Tarde&#8221;.<\/p>\n<p>&nbsp;<\/p>\n<p>Adem\u00e1s, Vallejos especific\u00f3 que en los cuartos oscuros de la provincia &#8220;habr\u00e1 26 boletas para Presidente-Vice, 21 para parlamentarios del MERCOSUR nacionales, nueve para diputados nacionales y ocho para parlamentarios regionales&#8221;.<\/p>\n<p>&nbsp;<\/p>\n<p>En cuanto a seguridad, indic\u00f3 que la labor dentro de las escuelas estar\u00e1 a cargo de efectivos del Ej\u00e9rcito y en las afueras de los edificios educativos estar\u00e1 personal de la Polic\u00eda de la provincia. Mientras que las fuerzas de seguridad federales brindar\u00e1n apoyo al Ej\u00e9rcito.<\/p>\n<div class=\"center medium m_image\">\n<figure><picture><source srcset=\"https:\/\/www.diarioepoca.com\/content\/bucket\/9\/1312999w380h133c.jpg.webp\" type=\"image\/webp\" media=\"(min-width: 640px)\" \/><source srcset=\"https:\/\/www.diarioepoca.com\/content\/bucket\/9\/1312999w440h154c.jpg.webp\" type=\"image\/webp\" media=\"(min-width: 300px)\" \/><source srcset=\"https:\/\/www.diarioepoca.com\/content\/bucket\/9\/1312999w380h133c.jpg\" media=\"(min-width: 300px)\" \/><img loading=\"lazy\" decoding=\"async\" class=\"pic\" src=\"https:\/\/www.diarioepoca.com\/content\/bucket\/9\/1312999w380h133c.jpg.webp\" alt=\"\" width=\"380\" height=\"133\" \/><\/picture><\/figure>\n<\/div>\n<p>&nbsp;<\/p>\n<p>&nbsp;<\/p>\n<h2>Transmisi\u00f3n<\/h2>\n<p>&nbsp;<\/p>\n<p>Por otra parte, el juez Vallejos indic\u00f3 que de las 334 escuelas que en toda la provincia estar\u00e1n dispuestas para estos comicios, 241 tendr\u00e1n un centro de transmisi\u00f3n de los resultados de cada mesa, de manera digital, a partir de escanear el telegrama y enviarlo de manera m\u00e1s \u00e1gil y r\u00e1pida para el escrutinio provisorio.<\/p>\n<p>&nbsp;<\/p>\n<p>Respecto de los problemas que en las elecciones provinciales del 11 de junio se registraron con los telegramas y su influencia como antecedente inmediato de estas PASO del domingo, Vallejos dijo que &#8220;siempre hay problemas. En cada escuela tenemos un delegado electoral para solucionar cualquier problema y vamos a estar ah\u00ed para resolverlo. Est\u00e1 todo previsto para que no haya problemas&#8221;, afirm\u00f3.<\/p>\n<p>&nbsp;<\/p>\n<p>Al respecto, indic\u00f3 que por estas horas est\u00e1n resolviendo algunos inconvenientes que se registraron en la lectura de c\u00f3digos de barra en la entrega de las urnas. &#8220;La tecnolog\u00eda es a veces complicada&#8221;, se\u00f1al\u00f3.<\/p>\n<p>&nbsp;<\/p>\n<p>&#8220;No ir a votar es una falta grave que tiene una sanci\u00f3n econ\u00f3mica y administrativa: el infractor estar\u00e1 inhabilitado para realizar tr\u00e1mites ante la Administraci\u00f3n P\u00fablica Nacional&#8221;, record\u00f3 finalmente el magistrado.<\/p>\n<p>&nbsp;<\/p>\n<h2>Padr\u00f3n correntino: 933 mil habilitados, de los cuales 31 mil son j\u00f3venes de 16 y 17 a\u00f1os<\/h2>\n<div class=\"center medium m_image\">\n<figure><picture><source srcset=\"https:\/\/www.diarioepoca.com\/content\/bucket\/6\/1313056w380h229c.jpg.webp\" type=\"image\/webp\" media=\"(min-width: 640px)\" \/><source srcset=\"https:\/\/www.diarioepoca.com\/content\/bucket\/6\/1313056w440h265c.jpg.webp\" type=\"image\/webp\" media=\"(min-width: 300px)\" \/><source srcset=\"https:\/\/www.diarioepoca.com\/content\/bucket\/6\/1313056w380h229c.jpg\" media=\"(min-width: 300px)\" \/><img loading=\"lazy\" decoding=\"async\" class=\"pic\" src=\"https:\/\/www.diarioepoca.com\/content\/bucket\/6\/1313056w380h229c.jpg.webp\" alt=\"\" width=\"380\" height=\"229\" \/><\/picture><\/figure>\n<\/div>\n<p>&nbsp;<\/p>\n<p>Para estas PASO 2023, en la provincia de Corrientes estar\u00e1n dispuestas 334 escuelas en el total. Estando 85 en Capital y 249 en el interior.<\/p>\n<p>&nbsp;<\/p>\n<p>En tanto que el padr\u00f3n local contempla 933 mil personas habilitadas para el sufragio, de los cuales 31 mil son j\u00f3venes de 16 y 17 a\u00f1os.<\/p>\n<p>&nbsp;<\/p>\n<p>A nivel nacional, 35.815.436 ciudadanos est\u00e1n habilitados para votar en las elecciones presidenciales, casi dos millones de personas m\u00e1s que cuatro a\u00f1os atr\u00e1s. Se incluyen a j\u00f3venes de entre 16 y 17 a\u00f1os, que constituyen el 5,5 por ciento de los votos. La ley establece que se puede votar desde los 16 a\u00f1os, aunque no es obligatorio hasta los 18.<\/p>\n","protected":false},"excerpt":{"rendered":"<p>As\u00ed como los distintos frentes y partidos pol\u00edticos transitan ya la recta final de cara a las PASO del domingo que viene, tambi\u00e9n est\u00e1n en la cuenta regresiva los equipos que se encargan del operativo y la log\u00edstica de estos comicios. &nbsp; En este sentido, ya se est\u00e1n repartiendo las urnas en el interior provincial [&hellip;]<\/p>\n","protected":false},"author":2,"featured_media":18157,"comment_status":"closed","ping_status":"closed","sticky":false,"template":"","format":"standard","meta":{"footnotes":""},"categories":[79],"tags":[],"class_list":{"0":"post-18156","1":"post","2":"type-post","3":"status-publish","4":"format-standard","5":"has-post-thumbnail","7":"category-politica"},"_links":{"self":[{"href":"https:\/\/radiobitacora.com.ar\/web\/wp-json\/wp\/v2\/posts\/18156","targetHints":{"allow":["GET"]}}],"collection":[{"href":"https:\/\/radiobitacora.com.ar\/web\/wp-json\/wp\/v2\/posts"}],"about":[{"href":"https:\/\/radiobitacora.com.ar\/web\/wp-json\/wp\/v2\/types\/post"}],"author":[{"embeddable":true,"href":"https:\/\/radiobitacora.com.ar\/web\/wp-json\/wp\/v2\/users\/2"}],"replies":[{"embeddable":true,"href":"https:\/\/radiobitacora.com.ar\/web\/wp-json\/wp\/v2\/comments?post=18156"}],"version-history":[{"count":0,"href":"https:\/\/radiobitacora.com.ar\/web\/wp-json\/wp\/v2\/posts\/18156\/revisions"}],"wp:featuredmedia":[{"embeddable":true,"href":"https:\/\/radiobitacora.com.ar\/web\/wp-json\/wp\/v2\/media\/18157"}],"wp:attachment":[{"href":"https:\/\/radiobitacora.com.ar\/web\/wp-json\/wp\/v2\/media?parent=18156"}],"wp:term":[{"taxonomy":"category","embeddable":true,"href":"https:\/\/radiobitacora.com.ar\/web\/wp-json\/wp\/v2\/categories?post=18156"},{"taxonomy":"post_tag","embeddable":true,"href":"https:\/\/radiobitacora.com.ar\/web\/wp-json\/wp\/v2\/tags?post=18156"}],"curies":[{"name":"wp","href":"https:\/\/api.w.org\/{rel}","templated":true}]}}