{"id":18182,"date":"2023-08-10T09:34:51","date_gmt":"2023-08-10T12:34:51","guid":{"rendered":"https:\/\/radiobitacora.com.ar\/web\/?p=18182"},"modified":"2023-08-10T09:34:51","modified_gmt":"2023-08-10T12:34:51","slug":"operativo-el-estado-en-tu-barrio-fortalece-el-vinculo-del-gobierno-nacional-en-todos-los-rincones","status":"publish","type":"post","link":"https:\/\/radiobitacora.com.ar\/web\/2023\/08\/10\/operativo-el-estado-en-tu-barrio-fortalece-el-vinculo-del-gobierno-nacional-en-todos-los-rincones\/","title":{"rendered":"Operativo El Estado en Tu Barrio fortalece el v\u00ednculo del Gobierno Nacional en todos los rincones"},"content":{"rendered":"<p>En una jornada fresca y ventosa, la plazoleta Ra\u00fal Alfons\u00edn en el barrio San Ram\u00f3n de Goya se convirti\u00f3 en el epicentro de una iniciativa que acerc\u00f3 los servicios estatales directamente a la comunidad. El operativo &#8220;El Estado en Tu Barrio&#8221;, que ha recorrido diferentes puntos de la ciudad en los \u00faltimos meses, se despleg\u00f3 el martes en el coraz\u00f3n de la Zona Este para brindar a los vecinos la oportunidad de acceder a una variedad de tr\u00e1mites y servicios gubernamentales.<\/p>\n<p>&nbsp;<\/p>\n<div class=\"moduletable\">\n<div class=\"bannergroup\">\n<div class=\"banneritem\">\n<div class=\"clr\"><\/div>\n<\/div>\n<\/div>\n<\/div>\n<p>&nbsp;<\/p>\n<p>La propuesta es clara y simple: llevar las oficinas de los organismos nacionales a la esquina de sus casas. Desarrollo Social, ANDIS, PAMI, ANSES, Agricultura Familiar, Sedronar, y un abanico de otras instituciones gubernamentales se dieron cita en la plazoleta, en un esfuerzo conjunto para facilitar el acceso a los derechos y beneficios que el Gobierno Nacional pone a disposici\u00f3n de la ciudadan\u00eda.<\/p>\n<p>Desde primeras horas del d\u00eda, los equipos de diferentes ministerios se pusieron en marcha para recibir a los habitantes del barrio San Ram\u00f3n y alrededores. Con m\u00fasica y calidez, se estableci\u00f3 un ambiente acogedor para atender a los vecinos en sus necesidades. La atm\u00f3sfera ventosa y nublada no merm\u00f3 el entusiasmo de los asistentes ni la dedicaci\u00f3n de los funcionarios presentes.<\/p>\n<p>El Gerente de ANSES UDAI Goya, Lisandro Paleari, uno de los coordinadores del operativo, resalt\u00f3 la importancia de acercar los servicios gubernamentales a la poblaci\u00f3n de manera tangible y cercana. \u00abEstamos aqu\u00ed para brindar soluciones de forma espont\u00e1nea. No hay necesidad de turnos ni esperas largas. Venimos a resolver tr\u00e1mites y responder consultas en el mismo lugar donde los vecinos viven y trabajan\u00bb, afirm\u00f3.<\/p>\n<p>Esta no es la primera vez que el operativo \u00abEl Estado en Tu Barrio\u00bb se despliega en la regi\u00f3n. Seg\u00fan Guillermo C\u00f3rdoba, coordinador zonal de la Secretar\u00eda de Agricultura Familiar de la Naci\u00f3n, es la segunda jornada en menos de 45 d\u00edas, y el \u00e9xito de la convocatoria y el impacto en la comunidad son motivos suficientes para continuar con esta iniciativa que beneficia a los ciudadanos y ciudadanas de Goya en su vida diaria.<\/p>\n<p>El dispositivo interministerial demuestra una vez m\u00e1s el compromiso del Gobierno Nacional con el bienestar y la comodidad de sus ciudadanos. La posibilidad de resolver tr\u00e1mites y consultas sin tener que desplazarse largas distancias se traduce en ahorro de tiempo y recursos para las familias locales.<\/p>\n<p>Los vecinos y vecinas del barrio San Ram\u00f3n han demostrado su inter\u00e9s y participaci\u00f3n en esta oportunidad \u00fanica de interactuar con los representantes de diferentes organismos gubernamentales. La iniciativa \u00abEl Estado en Tu Barrio\u00bb sigue construyendo puentes entre la comunidad y el Estado, reafirmando la premisa de que los servicios p\u00fablicos deben ser accesibles para todos, sin importar su ubicaci\u00f3n geogr\u00e1fica.<\/p>\n<p>El Jefe de PAMI Goya, Nicol\u00e1s D\u2019Aveta, cont\u00f3 que el operativo continuar\u00e1 su recorrido por distintos puntos de la ciudad en los pr\u00f3ximos meses, llevando consigo la premisa de que la cercan\u00eda es clave para construir un Estado m\u00e1s transparente, colaborativo y al servicio de la ciudadan\u00eda.<\/p>\n","protected":false},"excerpt":{"rendered":"<p>En una jornada fresca y ventosa, la plazoleta Ra\u00fal Alfons\u00edn en el barrio San Ram\u00f3n de Goya se convirti\u00f3 en el epicentro de una iniciativa que acerc\u00f3 los servicios estatales directamente a la comunidad. El operativo &#8220;El Estado en Tu Barrio&#8221;, que ha recorrido diferentes puntos de la ciudad en los \u00faltimos meses, se despleg\u00f3 [&hellip;]<\/p>\n","protected":false},"author":2,"featured_media":18183,"comment_status":"closed","ping_status":"closed","sticky":false,"template":"","format":"standard","meta":{"footnotes":""},"categories":[79],"tags":[],"class_list":{"0":"post-18182","1":"post","2":"type-post","3":"status-publish","4":"format-standard","5":"has-post-thumbnail","7":"category-politica"},"_links":{"self":[{"href":"https:\/\/radiobitacora.com.ar\/web\/wp-json\/wp\/v2\/posts\/18182","targetHints":{"allow":["GET"]}}],"collection":[{"href":"https:\/\/radiobitacora.com.ar\/web\/wp-json\/wp\/v2\/posts"}],"about":[{"href":"https:\/\/radiobitacora.com.ar\/web\/wp-json\/wp\/v2\/types\/post"}],"author":[{"embeddable":true,"href":"https:\/\/radiobitacora.com.ar\/web\/wp-json\/wp\/v2\/users\/2"}],"replies":[{"embeddable":true,"href":"https:\/\/radiobitacora.com.ar\/web\/wp-json\/wp\/v2\/comments?post=18182"}],"version-history":[{"count":0,"href":"https:\/\/radiobitacora.com.ar\/web\/wp-json\/wp\/v2\/posts\/18182\/revisions"}],"wp:featuredmedia":[{"embeddable":true,"href":"https:\/\/radiobitacora.com.ar\/web\/wp-json\/wp\/v2\/media\/18183"}],"wp:attachment":[{"href":"https:\/\/radiobitacora.com.ar\/web\/wp-json\/wp\/v2\/media?parent=18182"}],"wp:term":[{"taxonomy":"category","embeddable":true,"href":"https:\/\/radiobitacora.com.ar\/web\/wp-json\/wp\/v2\/categories?post=18182"},{"taxonomy":"post_tag","embeddable":true,"href":"https:\/\/radiobitacora.com.ar\/web\/wp-json\/wp\/v2\/tags?post=18182"}],"curies":[{"name":"wp","href":"https:\/\/api.w.org\/{rel}","templated":true}]}}