{"id":18185,"date":"2023-08-10T09:40:22","date_gmt":"2023-08-10T12:40:22","guid":{"rendered":"https:\/\/radiobitacora.com.ar\/web\/?p=18185"},"modified":"2023-08-10T09:40:22","modified_gmt":"2023-08-10T12:40:22","slug":"elecciones-2023-las-propuestas-de-los-precandidatos-para-las-cooperativas-de-trabajo","status":"publish","type":"post","link":"https:\/\/radiobitacora.com.ar\/web\/2023\/08\/10\/elecciones-2023-las-propuestas-de-los-precandidatos-para-las-cooperativas-de-trabajo\/","title":{"rendered":"Elecciones 2023: las propuestas de los precandidatos para las cooperativas de trabajo"},"content":{"rendered":"<p>Las propuestas para el asociativismo no abundan en la campa\u00f1a electoral 2023. Un repaso por las promesas y definiciones para el sector por parte de Bregman, Solano, Escobar, Grabois, Massa, Moreno, Larreta, Bullrich y Milei.<\/p>\n<p>&nbsp;<\/p>\n<div class=\"moduletable\">\n<div class=\"bannergroup\">\n<div class=\"banneritem\">\n<div class=\"clr\"><\/div>\n<\/div>\n<\/div>\n<\/div>\n<p>&nbsp;<\/p>\n<p>Se vienen las elecciones Primarias, Abiertas, Simult\u00e1neas y Obligatorias (PASO) del pr\u00f3ximo 13 de agosto y ANSOL analiz\u00f3 qu\u00e9 lugar dieron los 9 precandidatos a Presidente a la agenda de las cooperativas de trabajo en particular y la Econom\u00eda Social en general, el universo que tiene m\u00e1s de 20 mil entidades vigentes en todo el pa\u00eds con 350 mil trabajadores, seg\u00fan fuentes oficiales. Estos n\u00fameros crecen exponencialmente si se suman programas sociales como el Potenciar Trabajo (1.268.044 titulares).<\/p>\n<p>En la agenda pol\u00edtica de los \u00faltimos d\u00edas, salvo dos candidatos, en el resto de los postulantes poco se habl\u00f3 de la agenda del cooperativismo (que tiene como reclamos el efectivo cumplimiento del sistema de ART o acceder a los beneficios que perciben las Pymes). Sin embargo, no ocurri\u00f3 lo mismo con el eje planes o programas sociales, que inyecta ingresos a la Econom\u00eda Social de la Argentina.<\/p>\n<p>Uno de los precandidatos de Uni\u00f3n por la Patria (UxP), Juan Grabois, asegur\u00f3 en su sitio oficial que si es presidente va a \u00abreconocer a la econom\u00eda popular como un modo de trabajo genuino, ambiental y socialmente positivo\u00bb y que va a \u00abpromover la ampliaci\u00f3n de los derechos laborales y de la seguridad social a todos sus trabajadores para alcanzar a gran escala proyectos productivos comunitarios, en el marco de una econom\u00eda plural donde el acceso al trabajo sea un derecho universal\u00bb<\/p>\n<p>Su competidor en la interna de UxP, el ministro de Econom\u00eda, Sergio Massa, reci\u00e9n este domingo present\u00f3 una propuesta en la que le habl\u00f3 directamente al cooperativismo y al universo de la Econom\u00eda Social. Fue cuando prometi\u00f3 ante los movimientos sociales el monotributo productivo, una reivindicaci\u00f3n que el sector viene impulsando desde la pandemia y que busca formalizar a los trabajadores organizados en cooperativas. \u00abSabemos que se trata de laburantes sin derechos, que se merecen tener obra social, seguro de riesgo de trabajo y aportes jubilatorios\u00bb, dijo.<\/p>\n<p>Por su parte, Jes\u00fas Escobar, precandidato de Libres del Sur, plante\u00f3 que \u00abfortalecer las pymes y los emprendimientos de la econom\u00eda popular son el camino principal. Debemos apuntalarlos, apoyarlos, contribuir a extenderlos y mejorar su productividad para volverlos competitivos\u00bb. Luego, el resto de los precandidatos a presidente no public\u00f3 ni anunci\u00f3 ninguna propuesta concreta en materia de cooperativismo o beneficios para el sector asociativo. Sin embargo, existen matices.<\/p>\n<p>Por ejemplo, dentro del Frente de Izquierda-Unidad (FIT-U), donde la precandidata a presidenta Myriam Bregman en su plataforma pol\u00edtica destaca que \u00abuno de los sellos de nuestras listas es que es la \u00fanica donde las gestiones obreras son protagonistas, quienes ocuparon las f\u00e1bricas contra los cierres y despidos masivos, tambi\u00e9n \u2018ocuparon\u2019 las candidaturas en muchos distritos\u00bb. Su competidor en las PASO, el dirigente del Partido Obrero, Gabriel Solano, dice que va a terminar con \u00ablas precarizaciones flexibles\u00bb por parte de los Gobiernos con \u00ablas cooperativas de trabajo que, sin ninguna ayuda estatal, son obligadas a sobrevivir con ingresos m\u00ednimos y en condiciones de trabajo brutales\u00ab.<\/p>\n<p>Al momento del cierre de esta nota, tanto los precandidatos de Juntos por el Cambio, Patricia Bullrich y Horacio Rodr\u00edguez Larreta, como el principal nombre de Hacemos por Nuestro Pa\u00eds, Juan Schiaretti; su par de Principios y Valores, Guillermo Moreno; y el candidato a presidente de Avanza Libertad, el ultraderechista Javier Milei, no esbozaron alg\u00fan plan para el sector cooperativo en los a\u00f1os venideros.<\/p>\n<p>Todos los precandidatos a presidente coinciden en que terminar con los planes sociales a poco de asumir generar\u00eda un contexto de crisis social dif\u00edcil de contener. En base a los datos recolectados por el Observatorio de la Deuda Social de la Universidad Cat\u00f3lica Argentina (UCA), existen hoy aproximadamente 22 millones de personas que reciben asistencia social en forma de un programa alimentario y por prestaciones como la Asignaci\u00f3n Universal por Hijo o la Asignaci\u00f3n por Embarazo.<\/p>\n<p>Antes de que surja alguna duda sobre el tema y en la antesala de la elecci\u00f3n, Massa dijo: \u00abma\u00f1ana vamos a dar una muy buena noticia para jubilados, pensionados y beneficiarios\u00bb de planes sociales. Grabois, por su lado, propone que haya un Salario Social Complementario para los sectores m\u00e1s organizados y competitivos de la econom\u00eda informal.<\/p>\n<p>Seg\u00fan relev\u00f3 en las \u00faltimas horas el diario La Naci\u00f3n, Larreta pone el foco en hacer cumplir la contraprestaci\u00f3n y en eliminar la intermediaci\u00f3n de los movimientos sociales con lo que buscar\u00eda, a su vez, reducir los cortes de calle. Bullrich enfatiza la necesidad de hacerlos complementarios con el empleo para evitar un \u00abcongelamiento\u00bb de la situaci\u00f3n de dependencia. \u00abEn cuatro a\u00f1os, la argentina va a estar toda trabajando\u00bb, sostiene.<\/p>\n<p>Milei, en su plataforma electoral, plante\u00f3 que quiere que \u00abquede bien clara una cosa: los argentinos que dependen de la asistencia estatal para sobrevivir son las v\u00edctimas del sistema, no los victimarios; por lo tanto, no vamos a tomar ninguna decisi\u00f3n que le traslade el costo del ajuste que hay que hacer a ellos. Hasta tanto la Argentina no haya adoptado el modelo econ\u00f3mico de la libertad que permita la creaci\u00f3n de riqueza, la generaci\u00f3n de trabajo y el bienestar, la eliminaci\u00f3n de la asistencia social es un crimen\u00ab.<\/p>\n","protected":false},"excerpt":{"rendered":"<p>Las propuestas para el asociativismo no abundan en la campa\u00f1a electoral 2023. Un repaso por las promesas y definiciones para el sector por parte de Bregman, Solano, Escobar, Grabois, Massa, Moreno, Larreta, Bullrich y Milei. &nbsp; &nbsp; Se vienen las elecciones Primarias, Abiertas, Simult\u00e1neas y Obligatorias (PASO) del pr\u00f3ximo 13 de agosto y ANSOL analiz\u00f3 [&hellip;]<\/p>\n","protected":false},"author":2,"featured_media":18186,"comment_status":"closed","ping_status":"closed","sticky":false,"template":"","format":"standard","meta":{"footnotes":""},"categories":[79],"tags":[],"class_list":{"0":"post-18185","1":"post","2":"type-post","3":"status-publish","4":"format-standard","5":"has-post-thumbnail","7":"category-politica"},"_links":{"self":[{"href":"https:\/\/radiobitacora.com.ar\/web\/wp-json\/wp\/v2\/posts\/18185","targetHints":{"allow":["GET"]}}],"collection":[{"href":"https:\/\/radiobitacora.com.ar\/web\/wp-json\/wp\/v2\/posts"}],"about":[{"href":"https:\/\/radiobitacora.com.ar\/web\/wp-json\/wp\/v2\/types\/post"}],"author":[{"embeddable":true,"href":"https:\/\/radiobitacora.com.ar\/web\/wp-json\/wp\/v2\/users\/2"}],"replies":[{"embeddable":true,"href":"https:\/\/radiobitacora.com.ar\/web\/wp-json\/wp\/v2\/comments?post=18185"}],"version-history":[{"count":0,"href":"https:\/\/radiobitacora.com.ar\/web\/wp-json\/wp\/v2\/posts\/18185\/revisions"}],"wp:featuredmedia":[{"embeddable":true,"href":"https:\/\/radiobitacora.com.ar\/web\/wp-json\/wp\/v2\/media\/18186"}],"wp:attachment":[{"href":"https:\/\/radiobitacora.com.ar\/web\/wp-json\/wp\/v2\/media?parent=18185"}],"wp:term":[{"taxonomy":"category","embeddable":true,"href":"https:\/\/radiobitacora.com.ar\/web\/wp-json\/wp\/v2\/categories?post=18185"},{"taxonomy":"post_tag","embeddable":true,"href":"https:\/\/radiobitacora.com.ar\/web\/wp-json\/wp\/v2\/tags?post=18185"}],"curies":[{"name":"wp","href":"https:\/\/api.w.org\/{rel}","templated":true}]}}