{"id":18203,"date":"2023-08-14T07:54:46","date_gmt":"2023-08-14T10:54:46","guid":{"rendered":"https:\/\/radiobitacora.com.ar\/web\/?p=18203"},"modified":"2023-08-14T07:54:46","modified_gmt":"2023-08-14T10:54:46","slug":"en-un-escenario-de-tercios-up-llamo-a-no-retroceder-en-derechos","status":"publish","type":"post","link":"https:\/\/radiobitacora.com.ar\/web\/2023\/08\/14\/en-un-escenario-de-tercios-up-llamo-a-no-retroceder-en-derechos\/","title":{"rendered":"En un escenario de tercios, UP llam\u00f3 a &#8220;no retroceder en derechos&#8221;"},"content":{"rendered":"<p>Fue una noche at\u00edpica en la sede del PJ Corrientes. Los cl\u00e1sicos c\u00e1nticos peronistas se aquietaron con antelaci\u00f3n y no hubo desfile de dirigentes, como en otras ocasiones, salvo algunos militantes y los rostros visibles del justicialismo local, quienes brindaron una conferencia de prensa con la solemnidad de comprender el desaf\u00edo que tienen por delante: un escenario de tercios. &#8220;Somos la \u00fanica fuerza que ofrece la ampliaci\u00f3n de derechos&#8221;, expres\u00f3 el senador provincial Jos\u00e9 &#8220;Pit\u00edn&#8221; Ruiz Arag\u00f3n.<\/p>\n<p>&nbsp;<\/p>\n<p>&#8220;Es un escenario que lo hab\u00eda mencionado en su momento la compa\u00f1era Cristina Fern\u00e1ndez. Es una tendencia que nos sorprende a los correntinos, este anclaje de Milei (Javier), pero es un personaje disruptivo en la pol\u00edtica y tuvo un impacto electoral, sobre todo en los j\u00f3venes&#8221;, manifest\u00f3 a \u00e9poca la diputada provincial electa Marlen Gauna. &#8220;Esta es una elecci\u00f3n que tenemos como punto de partida, es nuestro piso. De cara a las Generales, tenemos 70 d\u00edas para redoblar esfuerzos, para que Argentina sea gobernada por un espacio pol\u00edtico que mira a la gente de frente&#8221;, expres\u00f3 Arag\u00f3n durante la conferencia de prensa.<\/p>\n<p>&nbsp;<\/p>\n<p>No fueron comicios polarizados como se ven\u00eda observando hace varios a\u00f1os en Corrientes. Esta vez, seg\u00fan los datos provisorios, el ultraliberal Milei se posicion\u00f3 como el candidato con m\u00e1s votos en la provincia y Sergio Massa como el segundo. Era la primera vez en terreno local que un peronista no se perfilaba como el m\u00e1s elegido en una PASO presidencial. En tanto, Juntos por el Cambio fue el espacio con m\u00e1s sufragios.<\/p>\n<div class=\"center medium m_image\">\n<figure><picture><source srcset=\"https:\/\/www.diarioepoca.com\/content\/bucket\/9\/1313629w380h262c.jpg.webp\" type=\"image\/webp\" media=\"(min-width: 640px)\" \/><source srcset=\"https:\/\/www.diarioepoca.com\/content\/bucket\/9\/1313629w440h304c.jpg.webp\" type=\"image\/webp\" media=\"(min-width: 300px)\" \/><source srcset=\"https:\/\/www.diarioepoca.com\/content\/bucket\/9\/1313629w380h262c.jpg\" media=\"(min-width: 300px)\" \/><img loading=\"lazy\" decoding=\"async\" class=\"pic\" src=\"https:\/\/www.diarioepoca.com\/content\/bucket\/9\/1313629w380h262c.jpg.webp\" alt=\"\" width=\"380\" height=\"262\" \/><\/picture><figcaption>ZULLI LLAM\u00d3 A LA MILITANCIA A REDOBLAR ESFUERZOS CON EL DESAF\u00cdO EN CAPITAL.<\/figcaption><\/figure>\n<\/div>\n<p>&nbsp;<\/p>\n<p>Esto amerit\u00f3 varias lecturas puertas adentro de Uni\u00f3n por la Patria. Una de ellas, la m\u00e1s optimista, es que el oficialismo nacional tiene chances de crecer y que el oficialismo provincial ha perdido votos. &#8220;Somos la \u00fanica fuerza pol\u00edtica que ha mejorado su porcentaje electoral con respecto a junio (comicios provinciales). La \u00fanica que en un mes perdi\u00f3 30 puntos fue ECO + Vamos Corrientes y m\u00e1s de 40 puntos en dos a\u00f1os&#8221;, analiz\u00f3 el diputado nacional Jorge Antonio Romero.<\/p>\n<p>&nbsp;<\/p>\n<p>&#8220;Estamos por el buen camino, vamos a reforzar lo que tenemos&#8221;, sostuvo el referente del espacio que lidera el jefe de Gabinete de la Naci\u00f3n Agust\u00edn &#8220;Chivo&#8221; Rossi. Del massismo no estuvieron presentes sus dirigentes en la sede del PJ. No as\u00ed, de La Corriente Nacional de la Militancia y de La C\u00e1mpora.<\/p>\n<p>&nbsp;<\/p>\n<p>Otra de las lecturas que contemplaron desde el peronismo es que lograba imponerse en varios municipios donde gobierna el oficialismo provincial, entre ellos Saladas, Goya, Bella Vista y Monte Caseros, seg\u00fan inform\u00f3 Gauna a este diario. &#8220;Hay muchas localidades donde Uni\u00f3n por la Patria ha mejorado en 30 d\u00edas. La \u00fanica fuerza pol\u00edtica que ha perdido ha sido Juntos por el Cambio, que es la fuerza que lidera el gobernador Gustavo Vald\u00e9s&#8221;, enfatiz\u00f3 Arag\u00f3n, por su parte.<\/p>\n<p>&nbsp;<\/p>\n<p>Sin embargo, el desaf\u00edo ser\u00e1 tener mayor presencia en Capital. &#8220;Ser\u00e1 una militancia m\u00e1s activa, sobre todo en los territorios en los que hemos sacado menos de la mitad de los votos&#8221;, expres\u00f3 a este diario Gauna, referente de La C\u00e1mpora.<\/p>\n<div class=\"center medium m_image\">\n<figure><picture><source srcset=\"https:\/\/www.diarioepoca.com\/content\/bucket\/8\/1313638w380h178c.jpg.webp\" type=\"image\/webp\" media=\"(min-width: 640px)\" \/><source srcset=\"https:\/\/www.diarioepoca.com\/content\/bucket\/8\/1313638w440h206c.jpg.webp\" type=\"image\/webp\" media=\"(min-width: 300px)\" \/><source srcset=\"https:\/\/www.diarioepoca.com\/content\/bucket\/8\/1313638w380h178c.jpg\" media=\"(min-width: 300px)\" \/><img loading=\"lazy\" decoding=\"async\" class=\"pic\" src=\"https:\/\/www.diarioepoca.com\/content\/bucket\/8\/1313638w380h178c.jpg.webp\" alt=\"\" width=\"380\" height=\"178\" \/><\/picture><\/figure>\n<\/div>\n<p>&nbsp;<\/p>\n<p>&#8220;Pase lo que pase, el compromiso est\u00e1 en redoblar los esfuerzos, seguir caminando los barrios de Capital, del interior, pueblo por pueblo, casa por casa. No vamos a aflojar en esta b\u00fasqueda que sea un gobierno peronista el que siga protegiendo el derecho de la gente&#8221;, enfatiz\u00f3 el candidato a diputado nacional Christian Zulli.<\/p>\n<p>&nbsp;<\/p>\n<p>Ampliar derechos es el lema que sostienen en Uni\u00f3n por la Patria. &#8220;Tenemos que recordar que intentamos ampliar los derechos&#8221;, sostuvo Gauna. &#8220;Juntos por el Cambio hab\u00eda sacado m\u00e1s de 3.000 medicamentos al esquema de PAMI y debemos entender que estamos al frente de una alianza, de una propuesta pol\u00edtica que busca privatizar los derechos de los argentinos. Lo que est\u00e1 en juego es eso. Como en Corrientes no tenemos posibilidad de industrias como en otras provincias, los correntinos se sostienen con programas nacionales, que son pensados para comunidades, para la nuestra donde hace falta empleo, acceso al estudio. Son derechos&#8221;, manifest\u00f3 la diputada electa.<\/p>\n<p>&nbsp;<\/p>\n<p>&#8220;Habla de casta, cuando es diputado nacional y ha tenido contratos con el Estado. Eso es raro. Est\u00e1 en contra de la pol\u00edtica, pero est\u00e1 compitiendo por la Presidencia&#8221;, apunt\u00f3 la legisladora. &#8220;Tenemos que convencer de que somos la \u00fanica fuerza pol\u00edtica que brinda derechos a los trabajadores y a los m\u00e1s humildes&#8221;, expres\u00f3 Romero.<\/p>\n","protected":false},"excerpt":{"rendered":"<p>Fue una noche at\u00edpica en la sede del PJ Corrientes. Los cl\u00e1sicos c\u00e1nticos peronistas se aquietaron con antelaci\u00f3n y no hubo desfile de dirigentes, como en otras ocasiones, salvo algunos militantes y los rostros visibles del justicialismo local, quienes brindaron una conferencia de prensa con la solemnidad de comprender el desaf\u00edo que tienen por delante: [&hellip;]<\/p>\n","protected":false},"author":2,"featured_media":18204,"comment_status":"closed","ping_status":"closed","sticky":false,"template":"","format":"standard","meta":{"footnotes":""},"categories":[79],"tags":[],"class_list":{"0":"post-18203","1":"post","2":"type-post","3":"status-publish","4":"format-standard","5":"has-post-thumbnail","7":"category-politica"},"_links":{"self":[{"href":"https:\/\/radiobitacora.com.ar\/web\/wp-json\/wp\/v2\/posts\/18203","targetHints":{"allow":["GET"]}}],"collection":[{"href":"https:\/\/radiobitacora.com.ar\/web\/wp-json\/wp\/v2\/posts"}],"about":[{"href":"https:\/\/radiobitacora.com.ar\/web\/wp-json\/wp\/v2\/types\/post"}],"author":[{"embeddable":true,"href":"https:\/\/radiobitacora.com.ar\/web\/wp-json\/wp\/v2\/users\/2"}],"replies":[{"embeddable":true,"href":"https:\/\/radiobitacora.com.ar\/web\/wp-json\/wp\/v2\/comments?post=18203"}],"version-history":[{"count":0,"href":"https:\/\/radiobitacora.com.ar\/web\/wp-json\/wp\/v2\/posts\/18203\/revisions"}],"wp:featuredmedia":[{"embeddable":true,"href":"https:\/\/radiobitacora.com.ar\/web\/wp-json\/wp\/v2\/media\/18204"}],"wp:attachment":[{"href":"https:\/\/radiobitacora.com.ar\/web\/wp-json\/wp\/v2\/media?parent=18203"}],"wp:term":[{"taxonomy":"category","embeddable":true,"href":"https:\/\/radiobitacora.com.ar\/web\/wp-json\/wp\/v2\/categories?post=18203"},{"taxonomy":"post_tag","embeddable":true,"href":"https:\/\/radiobitacora.com.ar\/web\/wp-json\/wp\/v2\/tags?post=18203"}],"curies":[{"name":"wp","href":"https:\/\/api.w.org\/{rel}","templated":true}]}}