{"id":18240,"date":"2023-08-15T07:57:51","date_gmt":"2023-08-15T10:57:51","guid":{"rendered":"https:\/\/radiobitacora.com.ar\/web\/?p=18240"},"modified":"2023-08-15T07:57:51","modified_gmt":"2023-08-15T10:57:51","slug":"los-socios-de-eco-vamos-corrientes-se-encolumnan-tras-la-figura-de-bullrich","status":"publish","type":"post","link":"https:\/\/radiobitacora.com.ar\/web\/2023\/08\/15\/los-socios-de-eco-vamos-corrientes-se-encolumnan-tras-la-figura-de-bullrich\/","title":{"rendered":"Los socios de ECO + Vamos Corrientes se encolumnan tras la figura de Bullrich"},"content":{"rendered":"<p>Fuerzas pol\u00edticas de ECO + Juntos por el Cambio que apoyaron a la f\u00f3rmula de Horacio Rodriguez Larreta y Gerardo Morales en las internas de Juntos por el Cambio, durante las elecciones Primarias del domingo, expresaron su acompa\u00f1amiento a Patricia Bullrich y Luis Petri.<\/p>\n<p>Ante las elecciones Primarias que se vivieron en el pa\u00eds el domingo, los partidos pol\u00edticos que integran la alianza gobernante ten\u00edan libertad para apoyar a cualquiera de los dos candidatos de Juntos por el Cambio y tras los comicios, ahora las fuerzas pol\u00edticas que respaldaron a Larreta comenzaron a manifestarse en apoyo al binomio ganador que de acuerdo al escrutinio provisorio y con m\u00e1s del 95% de las mesas escrutadas, la ex ministra de Seguridad acumul\u00f3 el 16,76% de los votos, mientras que el jefe de Gobierno porte\u00f1o lleg\u00f3 al 11,11 por ciento.<\/p>\n<p>En este marco, el Diputado Provincial Ariel B\u00e1ez de Ciudadanos comprometidos (CiCo) en di\u00e1logo con El Litoral expres\u00f3 que \u201cvamos a acompa\u00f1ar a Bullrich, eso ya se hab\u00eda hablado en instancias previas. Esto era un proceso interno de Juntos por el Cambio, pero ya estaba acordado que a partir de los resultados \u00edbamos a trabajar con la lista ganadora. No hay dudas de que vamos a acompa\u00f1ar\u201d.<\/p>\n<p>\u201cSeguramente en el transcurso de esta semana nos vamos a reunir con todos los integrantes de la alianza y a partir de ah\u00ed vamos a trazar las estrategias de cara a las elecciones del 22 de octubre\u201d, coment\u00f3.<\/p>\n<div class=\"container_publi\" data-tipo=\"tipo_desktop \" data-pos=\"AMP_P1_cuerpo\"><\/div>\n<p>Sobre los resultados que obtuvo el precandidato a presidente de la Naci\u00f3n, Javier Milei en Corrientes y en el pa\u00eds dijo que \u201ces un resultado de lo que percibe la gente, la falta de respuesta en algunos temas, como la econom\u00eda, las cuestiones sociales, entre otros. Fue un voto enojo, voto bronca que se plasm\u00f3 en las urnas de todas las provincias\u201d.<\/p>\n<p>\u201cAhora est\u00e1 en nuestro espacio generar propuestas claras que lleguen a ciertos sectores a los cuales ha llegado Milei como candidato, por ejemplo al sector joven\u201d, cerr\u00f3.<\/p>\n<p>Por su parte, el partido Encuentro Liberal (ELI), presidido por el presidente de la C\u00e1mara de Diputados Pedro Cassani tras el rev\u00e9s que sufri\u00f3 Rodr\u00edguez Larreta, se expres\u00f3 en las redes sociales mediante un comunicado<\/p>\n<p>\u201cEli particip\u00f3 de una elecci\u00f3n hist\u00f3rica, donde con total libertad y esperanza en apoyo a la f\u00f3rmula que mejor representaba a sus ideales de defensa de la democracia, el progreso y la paz social; herramientas que consideramos b\u00e1sicas para la meta final de desterrar para siempre, al modelo populista en Argentina, encarnado en el Kirchnerismo\u201d.<\/p>\n<div class=\"container_publi\" data-tipo=\"tipo_desktop \" data-pos=\"AMP_P2_cuerpo\"><\/div>\n<p>\u201cTal como lo adelantamos mucho antes de las Paso, nos encolumnados tras la propuesta ganadora. En este caso: Patricia Bullrich-Luis Petri, a quienes felicitamos y apoyamos -en uni\u00f3n fraterna con los dem\u00e1s partidos de Eco + Vamos Corrientes-, bajo la bandera com\u00fan: la Patria, la Provincia y cada correntino\u201d.<\/p>\n<p>\u201cLas urnas nos dejaron otro mensaje, que ya lo ven\u00edamos advirtiendo: el hartazgo ante el fracaso de la pol\u00edtica &#8211; en muchos aspectos &#8211; y el concepto -camuflado en ideas de libertad- de un peligroso anarquismo\u201d, indicaron sobre los resultados que obtuvo Milei.<\/p>\n<p>\u201cDesde Eli, repensamos cuales ser\u00edan los ejes de construcci\u00f3n que una parte de la sociedad reclama. Asumimos el desaf\u00edo de comprenderlos y colaborar en la reconfiguraci\u00f3n del proyecto final a poner a consideraci\u00f3n de los argentinos\u201d.<\/p>\n<p>\u201cInsistimos en que el camino es con m\u00e1s y mejores democracia; m\u00e1s y mejor pol\u00edtica. Vamos hacia octubre , con coraje\u201d, finaliza el comunicado.<\/p>\n<div class=\"container_publi\" data-tipo=\"tipo_desktop \" data-pos=\"AMP_P3_cuerpo\"><\/div>\n<p>En tanto, Hugo Calvano, presidente de la Coalici\u00f3n C\u00edvica ARI Corrientes, tambi\u00e9n se expres\u00f3 en las redes sociales luego del apoyo brindado al Jefe del Gobierno Porte\u00f1o Rodr\u00edguez Larreta.<\/p>\n<p>\u201cComo desde los inicios, hoy m\u00e1s que nunca estamos unidos en Juntos por el Cambio. Sabemos que los argentinos queremos un cambio, un pa\u00eds con m\u00e1s oportunidades y desarrollo, y en equipo vamos a brindar las mejores propuestas para lograrlo\u201d, public\u00f3 en su cuenta de Facebook.<\/p>\n<p>\u201cLas PASO entre Horacio Rodr\u00edguez Larreta y Patricia Bullrich fueron reflejo de una competencia sana, con miras al crecimiento y federalismo de Argentina. Felicitaciones a ambos por su trabajo, es hora de redoblar la apuesta para que en octubre podamos hacer realidad el cambio. \u00a1Estamos Juntos!\u201d, cerr\u00f3.<\/p>\n<p>Vale se\u00f1alar que tambi\u00e9n durante la conferencia de prensa que brindaron los candidatos a diputados nacionales de la alianza ECO+ Vamos Corrientes, la concejal y postulante a una banca en la C\u00e1mara Baja de la Naci\u00f3n, Gabriela Gauna ya hab\u00eda anticipado el apoyo al binomio ganador de Juntos por el Cambio.<\/p>\n<div class=\"container_publi\" data-tipo=\"tipo_desktop \" data-pos=\"AMP_P4_cuerpo\"><\/div>\n<p>\u201cEl objetivo es trabajar y estar juntos porque nuestro enemigo est\u00e1 afuera, contra lo que nosotros batallamos est\u00e1 afuera, el kirchnerismo la corrupci\u00f3n, la crisis que estamos atravesando como pa\u00eds, ese es el enemigo de afuera, puerta adentro de Juntos por el cambio nos van a encontrar trabajando juntos\u201d, dijo Gauna tras los comicios del domingo.<\/p>\n","protected":false},"excerpt":{"rendered":"<p>Fuerzas pol\u00edticas de ECO + Juntos por el Cambio que apoyaron a la f\u00f3rmula de Horacio Rodriguez Larreta y Gerardo Morales en las internas de Juntos por el Cambio, durante las elecciones Primarias del domingo, expresaron su acompa\u00f1amiento a Patricia Bullrich y Luis Petri. Ante las elecciones Primarias que se vivieron en el pa\u00eds el [&hellip;]<\/p>\n","protected":false},"author":2,"featured_media":18241,"comment_status":"closed","ping_status":"closed","sticky":false,"template":"","format":"standard","meta":{"footnotes":""},"categories":[79],"tags":[],"class_list":{"0":"post-18240","1":"post","2":"type-post","3":"status-publish","4":"format-standard","5":"has-post-thumbnail","7":"category-politica"},"_links":{"self":[{"href":"https:\/\/radiobitacora.com.ar\/web\/wp-json\/wp\/v2\/posts\/18240","targetHints":{"allow":["GET"]}}],"collection":[{"href":"https:\/\/radiobitacora.com.ar\/web\/wp-json\/wp\/v2\/posts"}],"about":[{"href":"https:\/\/radiobitacora.com.ar\/web\/wp-json\/wp\/v2\/types\/post"}],"author":[{"embeddable":true,"href":"https:\/\/radiobitacora.com.ar\/web\/wp-json\/wp\/v2\/users\/2"}],"replies":[{"embeddable":true,"href":"https:\/\/radiobitacora.com.ar\/web\/wp-json\/wp\/v2\/comments?post=18240"}],"version-history":[{"count":0,"href":"https:\/\/radiobitacora.com.ar\/web\/wp-json\/wp\/v2\/posts\/18240\/revisions"}],"wp:featuredmedia":[{"embeddable":true,"href":"https:\/\/radiobitacora.com.ar\/web\/wp-json\/wp\/v2\/media\/18241"}],"wp:attachment":[{"href":"https:\/\/radiobitacora.com.ar\/web\/wp-json\/wp\/v2\/media?parent=18240"}],"wp:term":[{"taxonomy":"category","embeddable":true,"href":"https:\/\/radiobitacora.com.ar\/web\/wp-json\/wp\/v2\/categories?post=18240"},{"taxonomy":"post_tag","embeddable":true,"href":"https:\/\/radiobitacora.com.ar\/web\/wp-json\/wp\/v2\/tags?post=18240"}],"curies":[{"name":"wp","href":"https:\/\/api.w.org\/{rel}","templated":true}]}}