{"id":18243,"date":"2023-08-15T08:00:42","date_gmt":"2023-08-15T11:00:42","guid":{"rendered":"https:\/\/radiobitacora.com.ar\/web\/?p=18243"},"modified":"2023-08-15T08:00:42","modified_gmt":"2023-08-15T11:00:42","slug":"ajuste-del-dolar-oficial-y-supertasa-para-el-plazo-fijo","status":"publish","type":"post","link":"https:\/\/radiobitacora.com.ar\/web\/2023\/08\/15\/ajuste-del-dolar-oficial-y-supertasa-para-el-plazo-fijo\/","title":{"rendered":"Ajuste del d\u00f3lar oficial y supertasa para el plazo fijo"},"content":{"rendered":"<p>El Banco Central (BCRA) dispuso una devaluaci\u00f3n del d\u00f3lar mayorista oficial del 22% y lo llev\u00f3 hasta los $350. Esa medida fue complementada con la decisi\u00f3n de subir la tasa de pol\u00edtica monetaria en 21 puntos porcentuales, hasta el 118%, con un rendimiento efectivo anual de 209% y una capitalizaci\u00f3n mensual del 9,8%. En este contexto, los analistas ya realizan los primeros efectos que puede tener en el mercado.<\/p>\n<p>De esta manera, el regulador financiero modific\u00f3 la administraci\u00f3n del tipo de cambio, dejando atr\u00e1s el ajuste diario para estabilizar el valor del peso en los pr\u00f3ximos meses. En consecuencia, el d\u00f3lar que se utiliza para pagar importaciones y liquidar exportaciones qued\u00f3 fijado en los $350 y no se dispuso, por ahora, ninguna modificaci\u00f3n de los impuestos asociados a lan compra de divisas en el mercado oficial.<\/p>\n<p>Se mantiene el impuesto a las importaciones y, por el momento, tambi\u00e9n, las tasas que se aplican al d\u00f3lar ahorro y tarjeta tal como estaban. En tanto que, en simult\u00e1neo, se dispuso un aumento de la tasa de inter\u00e9s, que busca moderar el trasvasamiento a precios de la suba del tipo de cambio oficial y los paralelos, y garantizar la estabilidad financiera. As\u00ed, el objetivo fundamental de la medida es premiar a los que se quedan en pesos y no se dolarizan gracias a la decisi\u00f3n de mantener una tasa positiva.<\/p>\n<p>Para Gonzalo Chiarullo, CEO de N\u00famero Burs\u00e1til, \u201clas medidas tomadas el d\u00eda de hoy ponen en evidencia de que se interpret\u00f3 el mensaje de las urnas y reconoce que la devaluaci\u00f3n del d\u00f3lar mayorista de un 22,45% implica que reconoce que, m\u00e1s que un crawling peg, lo que se necesitaba era un sinceramiento del tipo de cambio\u201d.<\/p>\n<div class=\"container_publi\" data-tipo=\"tipo_desktop \" data-pos=\"AMP_P1_cuerpo\"><\/div>\n<p>Indica que esta devaluaci\u00f3n permite anticiparse a m\u00e1s medidas de desregulaci\u00f3n en materia econ\u00f3mica y considera que lo que hace es \u201cprocurar un sinceramiento de las variables macro y una estabilizaci\u00f3n, por momentos dolorosa, pero con un electorado que demostr\u00f3 que ya es necesaria\u201d.<\/p>\n<p>As\u00ed, considera que el BCRA le pone un fin a los d\u00f3lares sectoriales y permite a toda la econom\u00eda acceder a un tipo de cambio mayor y, aunque complica a los importadores, Chiarullo eval\u00faa que \u201ces a\u00fan m\u00e1s perjudicial tener una econom\u00eda desajustada en sus variables\u201d que afectar el negocio de los importadores.<\/p>\n<p>En igual sentido, el economista Christian Buteler apunta que \u201cesta es una decisi\u00f3n que dio por tierra con cuatro a\u00f1os de ir por otro camino y esta decisi\u00f3n\u201d y considera que, tomada tras una elecci\u00f3n como la de ayer, lo que hace es dejar en evidencia que lo que se ven\u00eda haciendo no era una pol\u00edtica correcta.<\/p>\n","protected":false},"excerpt":{"rendered":"<p>El Banco Central (BCRA) dispuso una devaluaci\u00f3n del d\u00f3lar mayorista oficial del 22% y lo llev\u00f3 hasta los $350. Esa medida fue complementada con la decisi\u00f3n de subir la tasa de pol\u00edtica monetaria en 21 puntos porcentuales, hasta el 118%, con un rendimiento efectivo anual de 209% y una capitalizaci\u00f3n mensual del 9,8%. En este [&hellip;]<\/p>\n","protected":false},"author":2,"featured_media":18244,"comment_status":"closed","ping_status":"closed","sticky":false,"template":"","format":"standard","meta":{"footnotes":""},"categories":[65],"tags":[],"class_list":{"0":"post-18243","1":"post","2":"type-post","3":"status-publish","4":"format-standard","5":"has-post-thumbnail","7":"category-economia"},"_links":{"self":[{"href":"https:\/\/radiobitacora.com.ar\/web\/wp-json\/wp\/v2\/posts\/18243","targetHints":{"allow":["GET"]}}],"collection":[{"href":"https:\/\/radiobitacora.com.ar\/web\/wp-json\/wp\/v2\/posts"}],"about":[{"href":"https:\/\/radiobitacora.com.ar\/web\/wp-json\/wp\/v2\/types\/post"}],"author":[{"embeddable":true,"href":"https:\/\/radiobitacora.com.ar\/web\/wp-json\/wp\/v2\/users\/2"}],"replies":[{"embeddable":true,"href":"https:\/\/radiobitacora.com.ar\/web\/wp-json\/wp\/v2\/comments?post=18243"}],"version-history":[{"count":0,"href":"https:\/\/radiobitacora.com.ar\/web\/wp-json\/wp\/v2\/posts\/18243\/revisions"}],"wp:featuredmedia":[{"embeddable":true,"href":"https:\/\/radiobitacora.com.ar\/web\/wp-json\/wp\/v2\/media\/18244"}],"wp:attachment":[{"href":"https:\/\/radiobitacora.com.ar\/web\/wp-json\/wp\/v2\/media?parent=18243"}],"wp:term":[{"taxonomy":"category","embeddable":true,"href":"https:\/\/radiobitacora.com.ar\/web\/wp-json\/wp\/v2\/categories?post=18243"},{"taxonomy":"post_tag","embeddable":true,"href":"https:\/\/radiobitacora.com.ar\/web\/wp-json\/wp\/v2\/tags?post=18243"}],"curies":[{"name":"wp","href":"https:\/\/api.w.org\/{rel}","templated":true}]}}