{"id":18249,"date":"2023-08-15T08:11:15","date_gmt":"2023-08-15T11:11:15","guid":{"rendered":"https:\/\/radiobitacora.com.ar\/web\/?p=18249"},"modified":"2023-08-15T08:11:15","modified_gmt":"2023-08-15T11:11:15","slug":"despues-de-la-tormenta-no-llegara-la-calma","status":"publish","type":"post","link":"https:\/\/radiobitacora.com.ar\/web\/2023\/08\/15\/despues-de-la-tormenta-no-llegara-la-calma\/","title":{"rendered":"Despu\u00e9s de la tormenta no llegar\u00e1 la calma"},"content":{"rendered":"<p>Tal como lo\u00a0<a href=\"https:\/\/www.diarioepoca.com\/1289035-ojo-con-el-dolar-y-el-efecto-paso\">anticip\u00f3<\/a>\u00a0diario \u00e9poca hace dos meses, el efecto de una derrota en las Primarias Abiertas, Simult\u00e1neas y Obligatorias (PASO) del oficialismo y una consagraci\u00f3n de Javier Milei despert\u00f3 una reacci\u00f3n furiosa de los mercados que ayer se vio reflejada en una suba del d\u00f3lar blue y una ca\u00edda de los bonos soberanos y las acciones argentinas que cotizan en Wall Street. Tras la &#8220;tormenta&#8221; de las primeras horas, las luces de los principales indicadores econ\u00f3micos pasaron lentamente de rojo a amarillo y todo hac\u00eda suponer que hoy la jornada ser\u00e1 un poco m\u00e1s tranquila. Aunque el panorama, en perspectiva a dos meses, se volver\u00e1 m\u00e1s incierto y complicado con varias escaladas de la divisa.<\/p>\n<p>&nbsp;<\/p>\n<p>La gran cantidad de interrogantes que abri\u00f3 la victoria de la Libertad Avanza, y sus chances ampliadas de llegar al Gobierno, tras las elecciones de octubre, despert\u00f3 m\u00e1s incertidumbre, una palabra para nada amiga de los mercados financieros. A la devaluaci\u00f3n aplicada por el Gobierno Nacional, llevando el d\u00f3lar oficial a $350, se le sum\u00f3 una subida del tipo de cambio informal que lo dej\u00f3 en las puertas de los $700.<\/p>\n<p>&nbsp;<\/p>\n<p>Inmediatamente, el efecto fue el que ya se viene dando desde las corridas cambirias 2018: comercios sin precios de referencia y fabricantes que guardan sus mercader\u00edas (\u00fanico capital con el que cuentan) hasta nuevo aviso. Y en el \u00faltimo eslab\u00f3n de la cadena, trabajadores formales e informales con menos poder adquisitivo que el d\u00eda anterior.<\/p>\n<p>&nbsp;<\/p>\n<p>Hoy, la situaci\u00f3n estar\u00e1 m\u00e1s calma, as\u00ed lo hac\u00eda prever ayer el d\u00f3lar cripto bajando su cotizaci\u00f3n en 24 horas de $678 a $652; un claro dato que demuestra que la reacci\u00f3n inicial fue violenta, pero con el paso de los d\u00edas ir\u00e1 estabiliz\u00e1ndose. Y todo seguira dependiendo estrictamente de las medidas econ\u00f3micas que anuncie el Gobierno y las declaraciones de los tres candidatos a llegar con chance al &#8220;sill\u00f3n de Rivadavia&#8221;.<\/p>\n<p>&nbsp;<\/p>\n<p>M\u00e1s que el d\u00f3lar, ahora el problema pasar\u00e1 por c\u00f3mo se ver\u00e1 reflejado en las tarifas de los servicios y qu\u00e9 planes tiene el Gobierno para contener la subida de precios. El caso es que en su historial las herramientas que siempre xhiben son m\u00e1s emisi\u00f3n monetaria y controles a las empresas, un combo que solo puede garantizarle la estabilidad hasta finalizar el mandato, mas no chances de revertir la elecci\u00f3n. As\u00ed solo un conejo de la galera podr\u00eda torcer el destino en favor de Uni\u00f3n por la Patria.<\/p>\n<p>&nbsp;<\/p>\n<p>Otra de las consecuencias que se barajaron ayer es una inflaci\u00f3n mensual de dos d\u00edgitos, algo absolutamente probable ya que a la devaluaci\u00f3n del peso habr\u00e1 que sumarle el impacto\u00a0 en los valores de las tarifas. Y ni hablar de si demora el desembolso de US$7.500 millones al que se comprometi\u00f3 el Fondo Monetario Internacional.<\/p>\n<p>&nbsp;<\/p>\n<p>Todo desencadenar\u00e1 m\u00e1s ca\u00edda de la demanda y, como ya lo ven\u00edan anunciado desde una reconocida asociaci\u00f3n de comercio de Corrientes, los puestos de trabajo estar\u00e1n cada vez m\u00e1s en juego.<\/p>\n","protected":false},"excerpt":{"rendered":"<p>Tal como lo\u00a0anticip\u00f3\u00a0diario \u00e9poca hace dos meses, el efecto de una derrota en las Primarias Abiertas, Simult\u00e1neas y Obligatorias (PASO) del oficialismo y una consagraci\u00f3n de Javier Milei despert\u00f3 una reacci\u00f3n furiosa de los mercados que ayer se vio reflejada en una suba del d\u00f3lar blue y una ca\u00edda de los bonos soberanos y las [&hellip;]<\/p>\n","protected":false},"author":2,"featured_media":18250,"comment_status":"closed","ping_status":"closed","sticky":false,"template":"","format":"standard","meta":{"footnotes":""},"categories":[79],"tags":[],"class_list":{"0":"post-18249","1":"post","2":"type-post","3":"status-publish","4":"format-standard","5":"has-post-thumbnail","7":"category-politica"},"_links":{"self":[{"href":"https:\/\/radiobitacora.com.ar\/web\/wp-json\/wp\/v2\/posts\/18249","targetHints":{"allow":["GET"]}}],"collection":[{"href":"https:\/\/radiobitacora.com.ar\/web\/wp-json\/wp\/v2\/posts"}],"about":[{"href":"https:\/\/radiobitacora.com.ar\/web\/wp-json\/wp\/v2\/types\/post"}],"author":[{"embeddable":true,"href":"https:\/\/radiobitacora.com.ar\/web\/wp-json\/wp\/v2\/users\/2"}],"replies":[{"embeddable":true,"href":"https:\/\/radiobitacora.com.ar\/web\/wp-json\/wp\/v2\/comments?post=18249"}],"version-history":[{"count":0,"href":"https:\/\/radiobitacora.com.ar\/web\/wp-json\/wp\/v2\/posts\/18249\/revisions"}],"wp:featuredmedia":[{"embeddable":true,"href":"https:\/\/radiobitacora.com.ar\/web\/wp-json\/wp\/v2\/media\/18250"}],"wp:attachment":[{"href":"https:\/\/radiobitacora.com.ar\/web\/wp-json\/wp\/v2\/media?parent=18249"}],"wp:term":[{"taxonomy":"category","embeddable":true,"href":"https:\/\/radiobitacora.com.ar\/web\/wp-json\/wp\/v2\/categories?post=18249"},{"taxonomy":"post_tag","embeddable":true,"href":"https:\/\/radiobitacora.com.ar\/web\/wp-json\/wp\/v2\/tags?post=18249"}],"curies":[{"name":"wp","href":"https:\/\/api.w.org\/{rel}","templated":true}]}}