{"id":18264,"date":"2023-08-16T07:49:26","date_gmt":"2023-08-16T10:49:26","guid":{"rendered":"https:\/\/radiobitacora.com.ar\/web\/?p=18264"},"modified":"2023-08-16T07:49:26","modified_gmt":"2023-08-16T10:49:26","slug":"municipio-y-vecinos-se-reunen-para-tratar-proyecto-de-ciclovias-en-la-ciudad-2","status":"publish","type":"post","link":"https:\/\/radiobitacora.com.ar\/web\/2023\/08\/16\/municipio-y-vecinos-se-reunen-para-tratar-proyecto-de-ciclovias-en-la-ciudad-2\/","title":{"rendered":"MUNICIPIO Y VECINOS SE RE\u00daNEN PARA TRATAR PROYECTO DE CICLOV\u00cdAS EN LA CIUDAD"},"content":{"rendered":"<h3><strong>La Direcci\u00f3n de Movilidad Urbana Sustentable, el Concejal Juan Domingo Gonz\u00e1lez junto al Director de Consejos Vecinales Jos\u00e9 Casco y el Presidente del Plenario Fernando Suligoy mantuvieron una reuni\u00f3n con vecinos de la zona norte para explicar el proyecto sobre planificaci\u00f3n y ejecuci\u00f3n de ciclov\u00eda en nuestra ciudad.<\/strong><\/h3>\n<p>Del encuentro han participado referentes de las comisiones de los barrios 9 de Julio, Jard\u00edn, Costa de las Rosas, Leandro N. Alem, con el fin de explicarles a los presidentes de la zona norte de nuestra ciudad el proyecto presentado por la direcci\u00f3n sobre planificaci\u00f3n y ejecuci\u00f3n de ciclov\u00edas en la ciudad.<\/p>\n<p>En esta reuni\u00f3n se present\u00f3 y evalu\u00f3 el trazado de zona Norte.<\/p>\n<p>La primera etapa comprende las calles Pago Largo, Polic\u00eda Federal y \u00d1aembe.<\/p>\n<picture><source srcset=\"https:\/\/883radiociudad.gob.ar\/wp-content\/uploads\/2023\/08\/proyecto-ciclo-vias-3-300x225.jpg.webp 300w, https:\/\/883radiociudad.gob.ar\/wp-content\/uploads\/2023\/08\/proyecto-ciclo-vias-3-1024x768.jpg.webp 1024w, https:\/\/883radiociudad.gob.ar\/wp-content\/uploads\/2023\/08\/proyecto-ciclo-vias-3-768x576.jpg.webp 768w, https:\/\/883radiociudad.gob.ar\/wp-content\/uploads\/2023\/08\/proyecto-ciclo-vias-3-1536x1152.jpg.webp 1536w, https:\/\/883radiociudad.gob.ar\/wp-content\/uploads\/2023\/08\/proyecto-ciclo-vias-3.jpg.webp 1600w\" type=\"image\/webp\" sizes=\"300px\" data-srcset=\"https:\/\/883radiociudad.gob.ar\/wp-content\/uploads\/2023\/08\/proyecto-ciclo-vias-3-300x225.jpg.webp 300w, https:\/\/883radiociudad.gob.ar\/wp-content\/uploads\/2023\/08\/proyecto-ciclo-vias-3-1024x768.jpg.webp 1024w, https:\/\/883radiociudad.gob.ar\/wp-content\/uploads\/2023\/08\/proyecto-ciclo-vias-3-768x576.jpg.webp 768w, https:\/\/883radiociudad.gob.ar\/wp-content\/uploads\/2023\/08\/proyecto-ciclo-vias-3-1536x1152.jpg.webp 1536w, https:\/\/883radiociudad.gob.ar\/wp-content\/uploads\/2023\/08\/proyecto-ciclo-vias-3.jpg.webp 1600w\" \/><img loading=\"lazy\" decoding=\"async\" class=\"size-medium wp-image-44517 alignleft lazyautosizes lazyloaded\" src=\"https:\/\/883radiociudad.gob.ar\/wp-content\/uploads\/2023\/08\/proyecto-ciclo-vias-3-300x225.jpg\" sizes=\"auto, 300px\" srcset=\"https:\/\/883radiociudad.gob.ar\/wp-content\/uploads\/2023\/08\/proyecto-ciclo-vias-3-300x225.jpg 300w, https:\/\/883radiociudad.gob.ar\/wp-content\/uploads\/2023\/08\/proyecto-ciclo-vias-3-1024x768.jpg 1024w, https:\/\/883radiociudad.gob.ar\/wp-content\/uploads\/2023\/08\/proyecto-ciclo-vias-3-768x576.jpg 768w, https:\/\/883radiociudad.gob.ar\/wp-content\/uploads\/2023\/08\/proyecto-ciclo-vias-3-1536x1152.jpg 1536w, https:\/\/883radiociudad.gob.ar\/wp-content\/uploads\/2023\/08\/proyecto-ciclo-vias-3.jpg 1600w\" alt=\"\" width=\"300\" height=\"225\" data-eio=\"p\" data-src=\"https:\/\/883radiociudad.gob.ar\/wp-content\/uploads\/2023\/08\/proyecto-ciclo-vias-3-300x225.jpg\" data-srcset=\"https:\/\/883radiociudad.gob.ar\/wp-content\/uploads\/2023\/08\/proyecto-ciclo-vias-3-300x225.jpg 300w, https:\/\/883radiociudad.gob.ar\/wp-content\/uploads\/2023\/08\/proyecto-ciclo-vias-3-1024x768.jpg 1024w, https:\/\/883radiociudad.gob.ar\/wp-content\/uploads\/2023\/08\/proyecto-ciclo-vias-3-768x576.jpg 768w, https:\/\/883radiociudad.gob.ar\/wp-content\/uploads\/2023\/08\/proyecto-ciclo-vias-3-1536x1152.jpg 1536w, https:\/\/883radiociudad.gob.ar\/wp-content\/uploads\/2023\/08\/proyecto-ciclo-vias-3.jpg 1600w\" data-sizes=\"auto\" data-eio-rwidth=\"300\" data-eio-rheight=\"225\" \/><\/picture><picture><source srcset=\"https:\/\/883radiociudad.gob.ar\/wp-content\/uploads\/2023\/08\/proyecto-ciclo-vias-5-300x209.jpg.webp 300w, https:\/\/883radiociudad.gob.ar\/wp-content\/uploads\/2023\/08\/proyecto-ciclo-vias-5-1024x714.jpg.webp 1024w, https:\/\/883radiociudad.gob.ar\/wp-content\/uploads\/2023\/08\/proyecto-ciclo-vias-5-768x535.jpg.webp 768w, https:\/\/883radiociudad.gob.ar\/wp-content\/uploads\/2023\/08\/proyecto-ciclo-vias-5.jpg.webp 1452w\" type=\"image\/webp\" sizes=\"327px\" data-srcset=\"https:\/\/883radiociudad.gob.ar\/wp-content\/uploads\/2023\/08\/proyecto-ciclo-vias-5-300x209.jpg.webp 300w, https:\/\/883radiociudad.gob.ar\/wp-content\/uploads\/2023\/08\/proyecto-ciclo-vias-5-1024x714.jpg.webp 1024w, https:\/\/883radiociudad.gob.ar\/wp-content\/uploads\/2023\/08\/proyecto-ciclo-vias-5-768x535.jpg.webp 768w, https:\/\/883radiociudad.gob.ar\/wp-content\/uploads\/2023\/08\/proyecto-ciclo-vias-5.jpg.webp 1452w\" \/><img loading=\"lazy\" decoding=\"async\" class=\"wp-image-44514 alignright lazyautosizes lazyloaded\" src=\"https:\/\/883radiociudad.gob.ar\/wp-content\/uploads\/2023\/08\/proyecto-ciclo-vias-5-300x209.jpg\" sizes=\"auto, 327px\" srcset=\"https:\/\/883radiociudad.gob.ar\/wp-content\/uploads\/2023\/08\/proyecto-ciclo-vias-5-300x209.jpg 300w, https:\/\/883radiociudad.gob.ar\/wp-content\/uploads\/2023\/08\/proyecto-ciclo-vias-5-1024x714.jpg 1024w, https:\/\/883radiociudad.gob.ar\/wp-content\/uploads\/2023\/08\/proyecto-ciclo-vias-5-768x535.jpg 768w, https:\/\/883radiociudad.gob.ar\/wp-content\/uploads\/2023\/08\/proyecto-ciclo-vias-5.jpg 1452w\" alt=\"\" width=\"327\" height=\"228\" data-eio=\"p\" data-src=\"https:\/\/883radiociudad.gob.ar\/wp-content\/uploads\/2023\/08\/proyecto-ciclo-vias-5-300x209.jpg\" data-srcset=\"https:\/\/883radiociudad.gob.ar\/wp-content\/uploads\/2023\/08\/proyecto-ciclo-vias-5-300x209.jpg 300w, https:\/\/883radiociudad.gob.ar\/wp-content\/uploads\/2023\/08\/proyecto-ciclo-vias-5-1024x714.jpg 1024w, https:\/\/883radiociudad.gob.ar\/wp-content\/uploads\/2023\/08\/proyecto-ciclo-vias-5-768x535.jpg 768w, https:\/\/883radiociudad.gob.ar\/wp-content\/uploads\/2023\/08\/proyecto-ciclo-vias-5.jpg 1452w\" data-sizes=\"auto\" data-eio-rwidth=\"300\" data-eio-rheight=\"209\" \/><\/picture>\n<div class=\"at-below-post addthis_tool\" data-url=\"https:\/\/883radiociudad.gob.ar\/municipio-y-vecinos-se-reunen-para-tratar-proyecto-de-ciclovias-en-la-ciudad\/\"><\/div>\n<div class=\"post-item-metadata entry-meta\"><\/div>\n<nav class=\"navigation post-navigation\" aria-label=\"Continue Reading\">\n<h2 class=\"screen-reader-text\">Continue Reading<\/h2>\n<div class=\"nav-links\">\n<div class=\"nav-previous\"><\/div>\n<\/div>\n<\/nav>\n","protected":false},"excerpt":{"rendered":"<p>La Direcci\u00f3n de Movilidad Urbana Sustentable, el Concejal Juan Domingo Gonz\u00e1lez junto al Director de Consejos Vecinales Jos\u00e9 Casco y el Presidente del Plenario Fernando Suligoy mantuvieron una reuni\u00f3n con vecinos de la zona norte para explicar el proyecto sobre planificaci\u00f3n y ejecuci\u00f3n de ciclov\u00eda en nuestra ciudad. Del encuentro han participado referentes de las [&hellip;]<\/p>\n","protected":false},"author":2,"featured_media":18265,"comment_status":"closed","ping_status":"closed","sticky":false,"template":"","format":"standard","meta":{"footnotes":""},"categories":[56],"tags":[],"class_list":{"0":"post-18264","1":"post","2":"type-post","3":"status-publish","4":"format-standard","5":"has-post-thumbnail","7":"category-locales"},"_links":{"self":[{"href":"https:\/\/radiobitacora.com.ar\/web\/wp-json\/wp\/v2\/posts\/18264","targetHints":{"allow":["GET"]}}],"collection":[{"href":"https:\/\/radiobitacora.com.ar\/web\/wp-json\/wp\/v2\/posts"}],"about":[{"href":"https:\/\/radiobitacora.com.ar\/web\/wp-json\/wp\/v2\/types\/post"}],"author":[{"embeddable":true,"href":"https:\/\/radiobitacora.com.ar\/web\/wp-json\/wp\/v2\/users\/2"}],"replies":[{"embeddable":true,"href":"https:\/\/radiobitacora.com.ar\/web\/wp-json\/wp\/v2\/comments?post=18264"}],"version-history":[{"count":0,"href":"https:\/\/radiobitacora.com.ar\/web\/wp-json\/wp\/v2\/posts\/18264\/revisions"}],"wp:featuredmedia":[{"embeddable":true,"href":"https:\/\/radiobitacora.com.ar\/web\/wp-json\/wp\/v2\/media\/18265"}],"wp:attachment":[{"href":"https:\/\/radiobitacora.com.ar\/web\/wp-json\/wp\/v2\/media?parent=18264"}],"wp:term":[{"taxonomy":"category","embeddable":true,"href":"https:\/\/radiobitacora.com.ar\/web\/wp-json\/wp\/v2\/categories?post=18264"},{"taxonomy":"post_tag","embeddable":true,"href":"https:\/\/radiobitacora.com.ar\/web\/wp-json\/wp\/v2\/tags?post=18264"}],"curies":[{"name":"wp","href":"https:\/\/api.w.org\/{rel}","templated":true}]}}