{"id":18314,"date":"2023-08-16T09:04:06","date_gmt":"2023-08-16T12:04:06","guid":{"rendered":"https:\/\/radiobitacora.com.ar\/web\/?p=18314"},"modified":"2023-08-16T09:04:06","modified_gmt":"2023-08-16T12:04:06","slug":"asi-esta-hoy-juan-otero-el-hijo-de-florencia-pena-que-celebrara-sus-15-anos-con-una-megafiesta","status":"publish","type":"post","link":"https:\/\/radiobitacora.com.ar\/web\/2023\/08\/16\/asi-esta-hoy-juan-otero-el-hijo-de-florencia-pena-que-celebrara-sus-15-anos-con-una-megafiesta\/","title":{"rendered":"As\u00ed est\u00e1 hoy Juan Otero, el hijo de Florencia Pe\u00f1a que celebrar\u00e1 sus 15 a\u00f1os con una megafiesta"},"content":{"rendered":"<p><strong><a href=\"https:\/\/www.instagram.com\/flor_de_p\/\" target=\"_blank\" rel=\"noopener\">Florencia Pe\u00f1a,<\/a>\u00a0futuro jurado de Got Talent Argentina<\/strong>, tiene<strong>\u00a0tres hijos varones<\/strong>\u00a0con quienes admiti\u00f3 tener un v\u00ednculo especial.<\/p>\n<p>Pero\u00a0<strong>Juan\u00a0<\/strong>es quien mantiene un alto perfil en redes sociales y fue quien acompa\u00f1\u00f3 a la actriz en diferentes oportunidades en la TV.<\/p>\n<p>Una de sus \u00faltima apariciones, el joven de 14 a\u00f1os fue el columnista en su programa<strong>\u00a0&#8220;La P.. ama&#8221;,\u00a0\u00a0donde hablaba sobre los modismos juveniles y las costumbres centenialls.<\/strong><\/p>\n<figure class=\"image\"><img decoding=\"async\" src=\"https:\/\/fotos.perfil.com\/\/2023\/08\/14\/900\/0\/juan-otero-el-hijo-de-florencia-pena-1632212.jpg\" alt=\"Juan Otero, el hijo de Florencia Pe\u00f1a\" \/><figcaption>JUAN OTERO Y FLORENCIA PE\u00d1A.\u00a0<\/figcaption><\/figure>\n<p>Ahor<strong>a,\u00a0<a href=\"https:\/\/caras.perfil.com\/noticias\/celebridades\/el-drastico-cambio-de-look-de-flor-pena-que-la-dejo-irreconocible-una-decision-que-habia-que-tomar.phtml\" target=\"_blank\" rel=\"noopener\">Florencia Pe\u00f1a<\/a>\u00a0cont\u00f3 que Juan Otero, fruto de su relaci\u00f3n con el m\u00fasico Mariano Otero, le pidi\u00f3 organizar su cumplea\u00f1os de 15, tal como se hace tradicionalmente con las mujeres<\/strong>.<strong>\u00a0&#8220;Ahora va a festejar los 15. \u00c9l cree que los hombres tambi\u00e9n pueden festejar los 15. Quiere imponer que los hombres tambi\u00e9n puede festejar los 15 &#8220;<\/strong>, cont\u00f3 la actriz en A la Barbarossa.<\/p>\n<p>&nbsp;<\/p>\n<h2>C\u00f3mo ser\u00e1 la fiesta que Juan Otero le pidi\u00f3 a Florencia Pe\u00f1a<\/h2>\n<p><strong>Juan Otero<\/strong>\u00a0hered\u00f3 su pasi\u00f3n por los festejos de\u00a0<strong><a href=\"https:\/\/caras.perfil.com\/noticias\/tapas\/florencia-pena-abre-las-puertas-de-su-paraiso-salteno-me-caso-vestida-de-novia.phtml\" target=\"_blank\" rel=\"noopener\">Florencia Pe\u00f1a<\/a>\u00a0y tendr\u00e1 su noche de 15 a\u00f1os<\/strong>\u00a0con todos los chiches.<\/p>\n<p>Tal como cont\u00f3 la\u00a0<a href=\"https:\/\/caras.perfil.com\/noticias\/celebridades\/el-drastico-cambio-de-look-de-florencia-pena-chau-rubio.phtml\" target=\"_blank\" rel=\"noopener\">conductora<\/a>, Juan le pidi\u00f3 tener dos cambios de looks y tambi\u00e9n shows en vivo.\u00a0<strong>\u201cDos trajes, canci\u00f3n y baile, en la cual estoy involucrada. En alg\u00fan momento tengo que cantarle algo. Juan va a entrar con una coreograf\u00eda\u201d<\/strong>, relat\u00f3 Pe\u00f1a.<\/p>\n<figure class=\"image\"><img decoding=\"async\" src=\"https:\/\/fotos.perfil.com\/\/2023\/08\/14\/900\/0\/juan-otero-el-hijo-de-florencia-pena-1632214.jpg\" alt=\"Juan Otero, el hijo de Florencia Pe\u00f1a\" \/><figcaption>JUAN OTERO.\u00a0<\/figcaption><\/figure>\n<p>Tiempo atr\u00e1s, el segundo hijo de<a href=\"https:\/\/caras.perfil.com\/noticias\/celebridades\/flor-pena-sorprendio-con-un-conjunto-de-inspiracion-sado.phtml\" target=\"_blank\" rel=\"noopener\"><strong>\u00a0Florencia Pe\u00f1a<\/strong>\u00a0<\/a>dio una entrevista para el segmento Herederos, de Telefe Noticias, y confirm\u00f3 que su pasi\u00f3n est\u00e1 en la tele.\u00a0<strong>&#8220;Me copa mucho.\u00a0Canto todo el d\u00eda y m\u00fasica de todo tipo&#8221;<\/strong>, dijo y habl\u00f3 de la crianza de su mam\u00e1, quien le permiti\u00f3 meterse en este mundillo sin problemas.<strong>\u00a0\u00a0&#8220;Que me haya criado con tanta libertad nos ayuda a nosotros a regular&#8221;, agreg\u00f3.\u00a0<\/strong><\/p>\n","protected":false},"excerpt":{"rendered":"<p>Florencia Pe\u00f1a,\u00a0futuro jurado de Got Talent Argentina, tiene\u00a0tres hijos varones\u00a0con quienes admiti\u00f3 tener un v\u00ednculo especial. Pero\u00a0Juan\u00a0es quien mantiene un alto perfil en redes sociales y fue quien acompa\u00f1\u00f3 a la actriz en diferentes oportunidades en la TV. Una de sus \u00faltima apariciones, el joven de 14 a\u00f1os fue el columnista en su programa\u00a0&#8220;La P.. [&hellip;]<\/p>\n","protected":false},"author":2,"featured_media":18315,"comment_status":"closed","ping_status":"closed","sticky":false,"template":"","format":"standard","meta":{"footnotes":""},"categories":[67],"tags":[],"class_list":{"0":"post-18314","1":"post","2":"type-post","3":"status-publish","4":"format-standard","5":"has-post-thumbnail","7":"category-espectaculo"},"_links":{"self":[{"href":"https:\/\/radiobitacora.com.ar\/web\/wp-json\/wp\/v2\/posts\/18314","targetHints":{"allow":["GET"]}}],"collection":[{"href":"https:\/\/radiobitacora.com.ar\/web\/wp-json\/wp\/v2\/posts"}],"about":[{"href":"https:\/\/radiobitacora.com.ar\/web\/wp-json\/wp\/v2\/types\/post"}],"author":[{"embeddable":true,"href":"https:\/\/radiobitacora.com.ar\/web\/wp-json\/wp\/v2\/users\/2"}],"replies":[{"embeddable":true,"href":"https:\/\/radiobitacora.com.ar\/web\/wp-json\/wp\/v2\/comments?post=18314"}],"version-history":[{"count":0,"href":"https:\/\/radiobitacora.com.ar\/web\/wp-json\/wp\/v2\/posts\/18314\/revisions"}],"wp:featuredmedia":[{"embeddable":true,"href":"https:\/\/radiobitacora.com.ar\/web\/wp-json\/wp\/v2\/media\/18315"}],"wp:attachment":[{"href":"https:\/\/radiobitacora.com.ar\/web\/wp-json\/wp\/v2\/media?parent=18314"}],"wp:term":[{"taxonomy":"category","embeddable":true,"href":"https:\/\/radiobitacora.com.ar\/web\/wp-json\/wp\/v2\/categories?post=18314"},{"taxonomy":"post_tag","embeddable":true,"href":"https:\/\/radiobitacora.com.ar\/web\/wp-json\/wp\/v2\/tags?post=18314"}],"curies":[{"name":"wp","href":"https:\/\/api.w.org\/{rel}","templated":true}]}}