{"id":18321,"date":"2023-08-17T07:55:47","date_gmt":"2023-08-17T10:55:47","guid":{"rendered":"https:\/\/radiobitacora.com.ar\/web\/?p=18321"},"modified":"2023-08-17T07:55:47","modified_gmt":"2023-08-17T10:55:47","slug":"goya-presente-en-la-fiesta-del-paso","status":"publish","type":"post","link":"https:\/\/radiobitacora.com.ar\/web\/2023\/08\/17\/goya-presente-en-la-fiesta-del-paso\/","title":{"rendered":"Goya Presente en la Fiesta del Paso"},"content":{"rendered":"<div class=\"panel-pane pane-token pane-node-body\">\n<div class=\"pane-content\">\n<p class=\"rtejustify\"><strong>REINA NACIONAL DEL SURUB\u00cd SE UNE A LA CELEBRACI\u00d3N DE LA 58\u00b0 EDICI\u00d3N DE LA FIESTA DEL DORADO EN PASO DE LA PATRIA<\/strong><\/p>\n<p class=\"rtejustify\">\n<p class=\"rtejustify\">Junto a la Soberana del Surub\u00ed viajar\u00e1 la Reina del Concurso Argentinos de Pesca Variada Embarcada.<\/p>\n<p class=\"rtejustify\">En un emocionante giro de eventos, la Reina Nacional del Surub\u00ed, Luz Stride, ha sido invitada de honor para participar en la 58\u00b0 Edici\u00f3n de la aclamada Fiesta del Dorado en la ciudad de Paso de la Patria. La noticia fue anunciada en una entrevista exclusiva en Radio Ciudad 88.3, donde comparti\u00f3 detalles sobre su reinado y sus planes para el futuro.<\/p>\n<p class=\"rtejustify\">Desde que fue coronada como la Reina Nacional del Surub\u00ed 2023, Luz Stride ha llevado a cabo un reinado tranquilo y gratificante. Sin embargo, ahora se prepara para sumergirse en una serie de festividades, comenzando con su participaci\u00f3n en la 58\u00b0 Fiesta del Dorado en Paso de la Patria. La joven expres\u00f3 su entusiasmo por este nuevo cap\u00edtulo de su reinado y por la oportunidad de promocionar su ciudad natal, Goya, como un destino tur\u00edstico de ensue\u00f1o durante todo el a\u00f1o.<\/p>\n<p class=\"rtejustify\">Luz no estar\u00e1 sola en viaje ya que la acompa\u00f1ar\u00e1 Clarita Ram\u00edrez, la Reina de la Pesca Variada Embarcada con Devoluci\u00f3n. Juntas representar\u00e1n a Goya y trabajar\u00e1n en la promoci\u00f3n de las festividades y atractivos locales. La importancia de esta celebraci\u00f3n no pasa desapercibida ya que tambi\u00e9n anticipa la pr\u00f3xima edici\u00f3n de la pesca variada, programada para fines de septiembre.<\/p>\n<p class=\"rtejustify\">\n<p class=\"rtejustify\"><strong>CARRERA DOCENTE<\/strong><\/p>\n<p class=\"rtejustify\">\n<p class=\"rtejustify\">Durante la entrevista, Stride comparti\u00f3 detalles sobre su experiencia como reina y sus planes futuros. As\u00ed fue que mencion\u00f3 que tambi\u00e9n es profesora de Educaci\u00f3n F\u00edsica y que tiene aspiraciones de continuar su educaci\u00f3n, tal vez persiguiendo una licenciatura o una diplomatura en el futuro para seguir creciendo en su carrera.<\/p>\n<p class=\"rtejustify\">Asimismo, la embajadora del Mundial de Pesca comparti\u00f3 la gratificante noticia de su colaci\u00f3n, marcando la culminaci\u00f3n de sus esfuerzos acad\u00e9micos. Luego de recibir su t\u00edtulo de profesora de Educaci\u00f3n F\u00edsica estar\u00e1 celebrando este logro en una ceremonia especial en el Instituto San Mart\u00edn. Esta noticia fue recibida con entusiasmo y orgullo por parte de sus seres queridos, manifest\u00f3.<\/p>\n<p class=\"rtejustify\">\n<p class=\"rtejustify\"><strong>REPRESENTACI\u00d3N DE LA PASI\u00d3N DE LOS PESCADORES<\/strong><\/p>\n<p class=\"rtejustify\">\n<p class=\"rtejustify\">En cuanto a su compromiso con la comunidad de pescadores, Stride destac\u00f3 su estrecha relaci\u00f3n con ellos y su barra pesquera.<\/p>\n<p class=\"rtejustify\">Representando a los pescadores y sus pasiones, Luz estableci\u00f3 un v\u00ednculo cercano con esta comunidad, colaborando incluso en la b\u00fasqueda de vestidos para las festividades. La Reina comparti\u00f3 su gratitud por el apoyo constante de esta comunidad y su papel fundamental en su vida.<\/p>\n<p class=\"rtejustify\">\u201cLa barra que represento es joven, creada desde el 2018, con la pasi\u00f3n que significa este deporte; me siento c\u00f3moda llevando su nombre y el de la ciudad toda\u201d.<\/p>\n<p class=\"rtejustify\">Luz se encuentra en conversaci\u00f3n con los dise\u00f1adores locales a fin de lucir esas creaciones durante su estad\u00eda en la Fiesta del Dorado en el Paso. En el final expres\u00f3 su anhelo en ese sentido: \u201cAunque puede resultar dif\u00edcil conseguir vestidos por razones de seguridad, seguramente encontraremos la respuesta adecuada para este fin, sabiendo que a la vez es tambi\u00e9n posicionar una marca de la ciudad\u201d.<\/p>\n<\/div>\n<\/div>\n<div class=\"panel-separator\"><\/div>\n<div class=\"panel-pane pane-separador-linea\">\n<div class=\"pane-content\"><\/div>\n<\/div>\n","protected":false},"excerpt":{"rendered":"<p>REINA NACIONAL DEL SURUB\u00cd SE UNE A LA CELEBRACI\u00d3N DE LA 58\u00b0 EDICI\u00d3N DE LA FIESTA DEL DORADO EN PASO DE LA PATRIA Junto a la Soberana del Surub\u00ed viajar\u00e1 la Reina del Concurso Argentinos de Pesca Variada Embarcada. En un emocionante giro de eventos, la Reina Nacional del Surub\u00ed, Luz Stride, ha sido invitada [&hellip;]<\/p>\n","protected":false},"author":2,"featured_media":18322,"comment_status":"closed","ping_status":"closed","sticky":false,"template":"","format":"standard","meta":{"footnotes":""},"categories":[56],"tags":[],"class_list":{"0":"post-18321","1":"post","2":"type-post","3":"status-publish","4":"format-standard","5":"has-post-thumbnail","7":"category-locales"},"_links":{"self":[{"href":"https:\/\/radiobitacora.com.ar\/web\/wp-json\/wp\/v2\/posts\/18321","targetHints":{"allow":["GET"]}}],"collection":[{"href":"https:\/\/radiobitacora.com.ar\/web\/wp-json\/wp\/v2\/posts"}],"about":[{"href":"https:\/\/radiobitacora.com.ar\/web\/wp-json\/wp\/v2\/types\/post"}],"author":[{"embeddable":true,"href":"https:\/\/radiobitacora.com.ar\/web\/wp-json\/wp\/v2\/users\/2"}],"replies":[{"embeddable":true,"href":"https:\/\/radiobitacora.com.ar\/web\/wp-json\/wp\/v2\/comments?post=18321"}],"version-history":[{"count":0,"href":"https:\/\/radiobitacora.com.ar\/web\/wp-json\/wp\/v2\/posts\/18321\/revisions"}],"wp:featuredmedia":[{"embeddable":true,"href":"https:\/\/radiobitacora.com.ar\/web\/wp-json\/wp\/v2\/media\/18322"}],"wp:attachment":[{"href":"https:\/\/radiobitacora.com.ar\/web\/wp-json\/wp\/v2\/media?parent=18321"}],"wp:term":[{"taxonomy":"category","embeddable":true,"href":"https:\/\/radiobitacora.com.ar\/web\/wp-json\/wp\/v2\/categories?post=18321"},{"taxonomy":"post_tag","embeddable":true,"href":"https:\/\/radiobitacora.com.ar\/web\/wp-json\/wp\/v2\/tags?post=18321"}],"curies":[{"name":"wp","href":"https:\/\/api.w.org\/{rel}","templated":true}]}}