{"id":18336,"date":"2023-08-17T08:18:48","date_gmt":"2023-08-17T11:18:48","guid":{"rendered":"https:\/\/radiobitacora.com.ar\/web\/?p=18336"},"modified":"2023-08-17T08:18:48","modified_gmt":"2023-08-17T11:18:48","slug":"larreta-y-bullrich-sellaron-la-unidad-con-un-reencuentro","status":"publish","type":"post","link":"https:\/\/radiobitacora.com.ar\/web\/2023\/08\/17\/larreta-y-bullrich-sellaron-la-unidad-con-un-reencuentro\/","title":{"rendered":"Larreta y Bullrich sellaron la unidad con un reencuentro"},"content":{"rendered":"<p>Despu\u00e9s de meses de enfrentamientos y tras la definici\u00f3n en las Paso, la candidata presidencial de Juntos por el Cambio (JxC), Patricia Bullrich, y el jefe de Gobierno porte\u00f1o, Horacio Rodr\u00edguez Larreta, anunciaron ayer la unidad con una foto conjunta, con el objetivo de mostrar fortaleza de la coalici\u00f3n rumbo a las elecciones generales del 22 de octubre.<\/p>\n<p>&#8220;Los argentinos decidieron el rumbo y la fuerza que debemos tener en Juntos por el Cambio. Ahora vamos a trabajar juntos por el cambio profundo que necesitamos en esta Argentina&#8221;, afirm\u00f3 Bullrich tras el encuentro, a trav\u00e9s de un mensaje en su cuenta de Twitter.<\/p>\n<p>Por su parte, Larreta, tambi\u00e9n por Twitter, indic\u00f3: &#8220;Con Patricia estamos m\u00e1s juntos que nunca y vamos a trabajar codo a codo para llevar el cambio profundo a toda la Argentina&#8221;.<\/p>\n<p>De la reuni\u00f3n realizada en el Jard\u00edn Bot\u00e1nico, en el barrio porte\u00f1o de Palermo, participaron tambi\u00e9n el gobernador de Jujuy, Gerardo Morales, quien acompa\u00f1\u00f3 a Larreta en la f\u00f3rmula presidencial como precandidato a vice en las primarias, y Luis Petri, quien est\u00e1 junto a Bullrich como candidato a vicepresidente de JxC.<\/p>\n<div class=\"container_publi\" data-tipo=\"tipo_desktop \" data-pos=\"AMP_P1_cuerpo\"><\/div>\n<p>Morales, tambi\u00e9n por redes sociales, indic\u00f3 tras la reuni\u00f3n: &#8220;Con unidad y con fuerza, vamos a sacar a los argentinos de este presente agobiante&#8221;.<\/p>\n<p>&#8220;Tenemos la experiencia y el coraje para conducir el pa\u00eds y llevarlo nuevamente hacia el progreso. En diciembre, le vamos a poner un punto final al kirchnerismo&#8221;, indic\u00f3 el mandatario juje\u00f1o.<\/p>\n<p>Tambi\u00e9n estuvieron el jefe de campa\u00f1a de Bullrich, Juan Pablo Arenaza, y el secretario de Asuntos Estrat\u00e9gicos de la ciudad de Buenos Aires, Eduardo Macchiavelli.<\/p>\n<p>Tras haber sido elegida como la candidata presidencial de la coalici\u00f3n al vencer a Larreta en las PASO por alrededor de 1.300.000 votos de diferencia, la exministra de Seguridad convoc\u00f3 al jefe de Gobierno porte\u00f1o para reconfigurar la estrategia del frente para los 67 d\u00edas que faltan para las elecciones presidenciales.<\/p>\n<div class=\"container_publi\" data-tipo=\"tipo_desktop \" data-pos=\"AMP_P2_cuerpo\"><\/div>\n<p>El momento de mayor tensi\u00f3n entre ambos se registr\u00f3 a fines de junio, cuando Bullrich calific\u00f3 de &#8220;ventajero total y oportunista que hace cualquier cosa por un voto&#8221; a Larreta, quien hab\u00eda dicho que la l\u00edder de &#8220;los halcones&#8221; del PRO propone el mismo &#8220;modelo&#8221; que ya &#8220;fracas\u00f3&#8221; durante la administraci\u00f3n de Macri entre 2015 y 2019.<\/p>\n<p>Al explicar el alcance de la reuni\u00f3n al canal televisivo La Naci\u00f3n+, Bullrich dijo el martes que &#8220;no es momento de poner el carro delante de los caballos&#8221;, cuando fue consultada sobre si el referente de &#8220;las palomas&#8221; del PRO tendr\u00e1 un lugar en su gabinete si gana.<\/p>\n<p>&#8220;Primero vamos a hacer una charla nosotros, para hacer una evaluaci\u00f3n y un an\u00e1lisis con la intenci\u00f3n de definir y saber cu\u00e1l es el rumbo que tenemos que tomar en esta campa\u00f1a\u201d, sostuvo.<\/p>\n","protected":false},"excerpt":{"rendered":"<p>Despu\u00e9s de meses de enfrentamientos y tras la definici\u00f3n en las Paso, la candidata presidencial de Juntos por el Cambio (JxC), Patricia Bullrich, y el jefe de Gobierno porte\u00f1o, Horacio Rodr\u00edguez Larreta, anunciaron ayer la unidad con una foto conjunta, con el objetivo de mostrar fortaleza de la coalici\u00f3n rumbo a las elecciones generales del [&hellip;]<\/p>\n","protected":false},"author":2,"featured_media":18337,"comment_status":"closed","ping_status":"closed","sticky":false,"template":"","format":"standard","meta":{"footnotes":""},"categories":[79],"tags":[],"class_list":{"0":"post-18336","1":"post","2":"type-post","3":"status-publish","4":"format-standard","5":"has-post-thumbnail","7":"category-politica"},"_links":{"self":[{"href":"https:\/\/radiobitacora.com.ar\/web\/wp-json\/wp\/v2\/posts\/18336","targetHints":{"allow":["GET"]}}],"collection":[{"href":"https:\/\/radiobitacora.com.ar\/web\/wp-json\/wp\/v2\/posts"}],"about":[{"href":"https:\/\/radiobitacora.com.ar\/web\/wp-json\/wp\/v2\/types\/post"}],"author":[{"embeddable":true,"href":"https:\/\/radiobitacora.com.ar\/web\/wp-json\/wp\/v2\/users\/2"}],"replies":[{"embeddable":true,"href":"https:\/\/radiobitacora.com.ar\/web\/wp-json\/wp\/v2\/comments?post=18336"}],"version-history":[{"count":0,"href":"https:\/\/radiobitacora.com.ar\/web\/wp-json\/wp\/v2\/posts\/18336\/revisions"}],"wp:featuredmedia":[{"embeddable":true,"href":"https:\/\/radiobitacora.com.ar\/web\/wp-json\/wp\/v2\/media\/18337"}],"wp:attachment":[{"href":"https:\/\/radiobitacora.com.ar\/web\/wp-json\/wp\/v2\/media?parent=18336"}],"wp:term":[{"taxonomy":"category","embeddable":true,"href":"https:\/\/radiobitacora.com.ar\/web\/wp-json\/wp\/v2\/categories?post=18336"},{"taxonomy":"post_tag","embeddable":true,"href":"https:\/\/radiobitacora.com.ar\/web\/wp-json\/wp\/v2\/tags?post=18336"}],"curies":[{"name":"wp","href":"https:\/\/api.w.org\/{rel}","templated":true}]}}