{"id":18360,"date":"2023-08-18T07:56:53","date_gmt":"2023-08-18T10:56:53","guid":{"rendered":"https:\/\/radiobitacora.com.ar\/web\/?p=18360"},"modified":"2023-08-18T07:56:53","modified_gmt":"2023-08-18T10:56:53","slug":"173-aniversario-de-la-muerte-del-general-san-martin","status":"publish","type":"post","link":"https:\/\/radiobitacora.com.ar\/web\/2023\/08\/18\/173-aniversario-de-la-muerte-del-general-san-martin\/","title":{"rendered":"173\u00b0 Aniversario de la muerte del General San Mart\u00edn"},"content":{"rendered":"<p class=\"rtejustify\">Goya tributo con honores al Padre de la Patria<\/p>\n<p class=\"rtejustify\">\n<p class=\"rtejustify\">En Plaza San Mart\u00edn el Intendente Mariano Hormaechea junto a funcionarios municipales a las 8 horas procedieron al izamiento de la Ense\u00f1a Nacional<\/p>\n<p class=\"rtejustify\">Se recuerda que en este caso hasta media asta el izamiento de la bandera nacional.<\/p>\n<p class=\"rtejustify\">\n<p class=\"rtejustify\">Acompa\u00f1aron al Intendente al Izamiento de la Bandera funcionarios del Gabinete Municipal, integrantes del Gabinete Municipal, Concejales y fuerzas de seguridad.<\/p>\n","protected":false},"excerpt":{"rendered":"<p>Goya tributo con honores al Padre de la Patria En Plaza San Mart\u00edn el Intendente Mariano Hormaechea junto a funcionarios municipales a las 8 horas procedieron al izamiento de la Ense\u00f1a Nacional Se recuerda que en este caso hasta media asta el izamiento de la bandera nacional. Acompa\u00f1aron al Intendente al Izamiento de la Bandera [&hellip;]<\/p>\n","protected":false},"author":2,"featured_media":18361,"comment_status":"closed","ping_status":"closed","sticky":false,"template":"","format":"standard","meta":{"footnotes":""},"categories":[56],"tags":[],"class_list":{"0":"post-18360","1":"post","2":"type-post","3":"status-publish","4":"format-standard","5":"has-post-thumbnail","7":"category-locales"},"_links":{"self":[{"href":"https:\/\/radiobitacora.com.ar\/web\/wp-json\/wp\/v2\/posts\/18360","targetHints":{"allow":["GET"]}}],"collection":[{"href":"https:\/\/radiobitacora.com.ar\/web\/wp-json\/wp\/v2\/posts"}],"about":[{"href":"https:\/\/radiobitacora.com.ar\/web\/wp-json\/wp\/v2\/types\/post"}],"author":[{"embeddable":true,"href":"https:\/\/radiobitacora.com.ar\/web\/wp-json\/wp\/v2\/users\/2"}],"replies":[{"embeddable":true,"href":"https:\/\/radiobitacora.com.ar\/web\/wp-json\/wp\/v2\/comments?post=18360"}],"version-history":[{"count":0,"href":"https:\/\/radiobitacora.com.ar\/web\/wp-json\/wp\/v2\/posts\/18360\/revisions"}],"wp:featuredmedia":[{"embeddable":true,"href":"https:\/\/radiobitacora.com.ar\/web\/wp-json\/wp\/v2\/media\/18361"}],"wp:attachment":[{"href":"https:\/\/radiobitacora.com.ar\/web\/wp-json\/wp\/v2\/media?parent=18360"}],"wp:term":[{"taxonomy":"category","embeddable":true,"href":"https:\/\/radiobitacora.com.ar\/web\/wp-json\/wp\/v2\/categories?post=18360"},{"taxonomy":"post_tag","embeddable":true,"href":"https:\/\/radiobitacora.com.ar\/web\/wp-json\/wp\/v2\/tags?post=18360"}],"curies":[{"name":"wp","href":"https:\/\/api.w.org\/{rel}","templated":true}]}}