{"id":18366,"date":"2023-08-18T08:10:11","date_gmt":"2023-08-18T11:10:11","guid":{"rendered":"https:\/\/radiobitacora.com.ar\/web\/?p=18366"},"modified":"2023-08-18T08:10:11","modified_gmt":"2023-08-18T11:10:11","slug":"el-relato-de-dos-argentinos-que-viven-en-el-salvador-un-pais-dolarizado-desde-hace-mas-de-20-anos","status":"publish","type":"post","link":"https:\/\/radiobitacora.com.ar\/web\/2023\/08\/18\/el-relato-de-dos-argentinos-que-viven-en-el-salvador-un-pais-dolarizado-desde-hace-mas-de-20-anos\/","title":{"rendered":"El relato de dos argentinos que viven en El Salvador, un pa\u00eds dolarizado desde hace m\u00e1s de 20 a\u00f1os"},"content":{"rendered":"<p class=\"paragraph\" data-mrf-recirculation=\"Links inline\"><b>Javier Milei<\/b> fue el candidato m\u00e1s votado en las primarias realizadas en Argentina el pasado 13 de agosto. Tras su sorpresivo triunfo en los comicios, el candidato de la Libertad Avanza sali\u00f3 de gira por los medios a explicar parte de sus propuestas.<\/p>\n<p class=\"paragraph\" data-mrf-recirculation=\"Links inline\">Una de los puntos clave de su plataforma se basa en la dolarizaci\u00f3n de la econom\u00eda. Su idea, seg\u00fan lo explica en las entrevistas que dio tras las PASO, es que en un etapa de transici\u00f3n los argentinos dejemos de usar pesos. As\u00ed todas las transacciones de la econom\u00eda se har\u00edan con el billete estadounidense tras una etapa de transici\u00f3n.<\/p>\n<p class=\"paragraph\" data-mrf-recirculation=\"Links inline\">En ese sentido, Milei dio como ejemplos los casos de\u00a0<b>El Salvador y Ecuador<\/b>\u00a0que dolarizaron la econom\u00eda.<\/p>\n<p class=\"paragraph\" data-mrf-recirculation=\"Links inline\">En tanto, desde Estados Unidos llegaron las primeras cr\u00edticas a la idea de Milei. Por un lado, Robin Brooks, el economista jefe del Instituto de Finanzas Internacionales (IIF, seg\u00fan su sigla en ingl\u00e9s, que agrupa a los bancos internacionales), sostuvo que se trata de una\u00a0<b>\u201cidea terrible\u201d.<\/b><\/p>\n<p class=\"paragraph\" data-mrf-recirculation=\"Links inline\">\u201cLa \u00faltima vez que se intent\u00f3 esto termin\u00f3 en una gran devaluaci\u00f3n que lo descarta para siempre como un objetivo de pol\u00edtica. El peso est\u00e1, incluso con la devaluaci\u00f3n reciente, muy sustancialmente sobrevaluado, solo mire su\u00a0<b>nivel frente a Brasil y Turqu\u00eda\u201d<\/b>, indic\u00f3 el economista jefe del IIF.<\/p>\n<div class=\"visual__image\"><img loading=\"lazy\" decoding=\"async\" class=\" lazyload\" src=\"https:\/\/www.infobae.com\/new-resizer\/hPg4Bo0vunsjiKHhtev2bKGVHe0=\/arc-anglerfish-arc2-prod-infobae\/public\/Z2MOVDIV3BB2JIFMSU4OFCG72Y.jpg\" sizes=\"auto, (min-width: 800px) 50vw, 90vw\" srcset=\"https:\/\/www.infobae.com\/new-resizer\/yQTzXbZEEpAKTmuu1RQ16PG1ajY=\/420x236\/filters:format(webp):quality(85)\/cloudfront-us-east-1.images.arcpublishing.com\/infobae\/Z2MOVDIV3BB2JIFMSU4OFCG72Y.jpg 420w,https:\/\/www.infobae.com\/new-resizer\/B2yTtyaIOrdniw2ozHDlT5wItXQ=\/768x432\/filters:format(webp):quality(85)\/cloudfront-us-east-1.images.arcpublishing.com\/infobae\/Z2MOVDIV3BB2JIFMSU4OFCG72Y.jpg 768w,https:\/\/www.infobae.com\/new-resizer\/GmP5m1sN6mzMQv558Vwq7oXwSVo=\/992x558\/filters:format(webp):quality(85)\/cloudfront-us-east-1.images.arcpublishing.com\/infobae\/Z2MOVDIV3BB2JIFMSU4OFCG72Y.jpg 992w,https:\/\/www.infobae.com\/new-resizer\/ZubEzUwnz0SgdTqhqZvZ7R6Q-qg=\/1200x675\/filters:format(webp):quality(85)\/cloudfront-us-east-1.images.arcpublishing.com\/infobae\/Z2MOVDIV3BB2JIFMSU4OFCG72Y.jpg 1200w,https:\/\/www.infobae.com\/new-resizer\/anwwduj2QYVEjEff7mS7pzNW9Kg=\/1440x810\/filters:format(webp):quality(85)\/cloudfront-us-east-1.images.arcpublishing.com\/infobae\/Z2MOVDIV3BB2JIFMSU4OFCG72Y.jpg 1440w\" alt=\"Mar\u00cda Jos\u00e9 se enamor\u00f3 y se fue a vivir a El Salvador hace 7 a\u00f1os. all\u00e1, vende alfajores, empanadas y yerba\" width=\"1920\" height=\"1080\" data-src=\"https:\/\/www.infobae.com\/new-resizer\/hPg4Bo0vunsjiKHhtev2bKGVHe0=\/arc-anglerfish-arc2-prod-infobae\/public\/Z2MOVDIV3BB2JIFMSU4OFCG72Y.jpg\" \/>Mar\u00cda Jos\u00e9 se enamor\u00f3 y se fue a vivir a El Salvador hace 7 a\u00f1os. all\u00e1, vende alfajores, empanadas y yerba<\/div>\n<p class=\"paragraph\" data-mrf-recirculation=\"Links inline\">Poco antes, el analista del IIF para Am\u00e9rica latina, Mart\u00edn Castellano, sostuvo que \u201cla devaluaci\u00f3n del peso argentino en el mercado oficial no ha reducido la diferencia con la cotizaci\u00f3n paralela. Incluso en un per\u00edodo de transici\u00f3n, se necesitan medidas articuladas y consistentes para contener el traspaso de la\u00a0<b>inflaci\u00f3n<\/b>\u00a0y mejorar las cuentas externas. De lo contrario, la presi\u00f3n del tipo de cambio seguir\u00e1 siendo alta\u201d, sostuvo.<\/p>\n<p class=\"paragraph\" data-mrf-recirculation=\"Links inline\"><b>Vivir en d\u00f3lares<\/b><\/p>\n<p class=\"paragraph\" data-mrf-recirculation=\"Links inline\">Mar\u00eda Jos\u00e9 Molina es sanjuanina y desde hace 7 a\u00f1os vive en La Libertad, una localidad que queda a 45 minutos de la capital de El Salvador. Lleg\u00f3 hasta Centroam\u00e9rica no escapando de las crisis c\u00edclicas argentinas. Lo hizo por amor.<\/p>\n<p class=\"paragraph\" data-mrf-recirculation=\"Links inline\">Molina viv\u00eda en San Juan y un d\u00eda le puso like en Facebook a una foto de\u00a0<b>El Salvador<\/b>\u00a0que le hab\u00eda gustado. Era el a\u00f1o 2013. Ese peque\u00f1o gesto hizo que su vida cambi\u00e9 para siempre. Si fuera una comedia rom\u00e1ntica, la sonrisa de Mar\u00eda Jos\u00e9 estar\u00eda en un primer plano cuando su futura pareja No\u00e9 Noel Mendoza le escribe por primera vez un mensaje privado por la red social.<\/p>\n<p class=\"paragraph\" data-mrf-recirculation=\"Links inline\">Empezaron a chatear, a conocerse y\u00a0<b>Mendoza le dice que quiere ser su novio.<\/b>\u00a0Ella acepta y casi sin darse cuenta empiezan una relaci\u00f3n a distancia a trav\u00e9s de videoconferencias.<\/p>\n<p class=\"paragraph\" data-mrf-recirculation=\"Links inline\">Los chats iban y ven\u00edan, hasta que un d\u00eda\u00a0<b>No\u00e9 Noel la invita a vivir con \u00e9l a El Salvador.<\/b>\u00a0Mar\u00eda Jos\u00e9, algo nerviosa, acepta. Y aqu\u00ed arranca esta relaci\u00f3n que ya lleva 7 a\u00f1os afincados en la peque\u00f1a localidad de La Libertad, a 45 minutos de la capital salvadore\u00f1a.<\/p>\n<div class=\"visual__image\"><img loading=\"lazy\" decoding=\"async\" class=\" lazyload\" src=\"https:\/\/www.infobae.com\/new-resizer\/3_WVzWm7HiHktG0gWLwqRpZvxuw=\/arc-anglerfish-arc2-prod-infobae\/public\/3MGOXLPXERDG3E3DR7XFSQRZOQ.jpg\" sizes=\"auto, (min-width: 800px) 50vw, 90vw\" srcset=\"https:\/\/www.infobae.com\/new-resizer\/dBvu5prFt1ycMsc1DdJnwm0U0rk=\/992x850\/filters:format(webp):quality(85)\/cloudfront-us-east-1.images.arcpublishing.com\/infobae\/3MGOXLPXERDG3E3DR7XFSQRZOQ.jpg 992w\" alt=\"Mario, parrillero, en su restaurante de una ciudad tur\u00edstica de El Salvador\" width=\"1920\" height=\"1669\" data-src=\"https:\/\/www.infobae.com\/new-resizer\/3_WVzWm7HiHktG0gWLwqRpZvxuw=\/arc-anglerfish-arc2-prod-infobae\/public\/3MGOXLPXERDG3E3DR7XFSQRZOQ.jpg\" \/>Mario, parrillero, en su restaurante de una ciudad tur\u00edstica de El Salvador<\/div>\n<p class=\"paragraph\" data-mrf-recirculation=\"Links inline\">All\u00ed apenas llegada la sorprendi\u00f3 que todo se pagaba en d\u00f3lares billete. \u201cDesde que baj\u00e9 del avi\u00f3n, el taxi me sorprendi\u00f3 que ya mi pareja sac\u00f3 la billetera con d\u00f3lares para pagar \u2013recuerda la mujer en di\u00e1logo con Infobae desde su casa en centroam\u00e9rica-. \u00c9l se sorprend\u00eda mucho del inter\u00e9s de los\u00a0<b>argentinos por el billete verde. Se re\u00eda de eso\u201d.<\/b><\/p>\n<p class=\"paragraph\" data-mrf-recirculation=\"Links inline\"><b>El gobierno salvadore\u00f1o de<\/b>\u00a0<b>Francisco Flores<\/b>\u00a0se sum\u00f3 en enero del 2001 al pelot\u00f3n dolarizador, luego de obtener una curiosa bendici\u00f3n del entonces secretario del Tesoro de EEUU, Larry Summers. \u201cYo cre\u00eda que El Salvador era una rep\u00fablica bananera m\u00e1s como otras naciones de Centroam\u00e9rica; despu\u00e9s me puse a estudiar los informes econ\u00f3micos sobre el estado de la econom\u00eda de su pa\u00eds y ahora puedo advertirles que, si me lo piden, tienen todo mi apoyo para que se dolaricen\u201d, afirm\u00f3 sin ruborizarse el funcionario de la administraci\u00f3n Clinton.<\/p>\n<p class=\"paragraph\" data-mrf-recirculation=\"Links inline\"><b>Viajar por amor<\/b><\/p>\n<p class=\"paragraph\" data-mrf-recirculation=\"Links inline\">Apenas llegada a El Salvador,<b>\u00a0Mar\u00eda Jos\u00e9 se cas\u00f3 con Mendoza<\/b>\u00a0y arranc\u00f3 su emprendimiento. Empez\u00f3 vendiendo alfajores de maicena y los cl\u00e1sicos de dulce de leche al estilo marplatense. Tambi\u00e9n, se hizo famosa en la localidad por sus empanadas sanjuaninas. \u201cLos sabores argentinos tuvieron amplia aceptaci\u00f3n en El Salvador\u201d, se enorgullece la migrante.<\/p>\n<p class=\"paragraph\" data-mrf-recirculation=\"Links inline\">Con el tiempo, el negocio llamado\u00a0<b>Valentina la Argentina<\/b>\u00a0incorpor\u00f3 mates, bombillas y la preciada yerba para la infusi\u00f3n que tanto extra\u00f1an los argentinos que est\u00e1n lejos del pa\u00eds.<\/p>\n<p class=\"paragraph\" data-mrf-recirculation=\"Links inline\">Mar\u00eda Jos\u00e9 que en su nueva patria vive tranquila. \u201cEste \u00faltimo a\u00f1o hubo un poco de inflaci\u00f3n por la salida de la pandemia, pero igual no se compara con el cambio de precios de Argentina\u201d, explica Molina.<\/p>\n<div class=\"visual__image\"><img loading=\"lazy\" decoding=\"async\" class=\" lazyload\" src=\"https:\/\/www.infobae.com\/new-resizer\/h1LP-DWwivvHUpZo76UyoqJXNXo=\/arc-anglerfish-arc2-prod-infobae\/public\/A7PCLWVZUNFMJDONB3ZVJ57XZU.jpg\" sizes=\"auto, (min-width: 800px) 50vw, 90vw\" srcset=\"https:\/\/www.infobae.com\/new-resizer\/QjdKysny5TDJTfA6Y_3U2aWnPcg=\/420x560\/filters:format(webp):quality(85)\/cloudfront-us-east-1.images.arcpublishing.com\/infobae\/A7PCLWVZUNFMJDONB3ZVJ57XZU.jpg 420w,https:\/\/www.infobae.com\/new-resizer\/ll3vQClVI-qFPjfWv7TntaGFkbg=\/768x1024\/filters:format(webp):quality(85)\/cloudfront-us-east-1.images.arcpublishing.com\/infobae\/A7PCLWVZUNFMJDONB3ZVJ57XZU.jpg 768w,https:\/\/www.infobae.com\/new-resizer\/s9zz_hF_QOCc4mPHKoXWfQJQbdA=\/992x1323\/filters:format(webp):quality(85)\/cloudfront-us-east-1.images.arcpublishing.com\/infobae\/A7PCLWVZUNFMJDONB3ZVJ57XZU.jpg 992w,https:\/\/www.infobae.com\/new-resizer\/q5fNIXij7co5HtalerGowb_KsHo=\/1200x1600\/filters:format(webp):quality(85)\/cloudfront-us-east-1.images.arcpublishing.com\/infobae\/A7PCLWVZUNFMJDONB3ZVJ57XZU.jpg 1200w\" alt=\"Mar\u00eda Jos\u00e9 se gradu\u00f3 de pastelera este a\u00f1o en El Salvador\" width=\"1920\" height=\"2560\" data-src=\"https:\/\/www.infobae.com\/new-resizer\/h1LP-DWwivvHUpZo76UyoqJXNXo=\/arc-anglerfish-arc2-prod-infobae\/public\/A7PCLWVZUNFMJDONB3ZVJ57XZU.jpg\" \/>Mar\u00eda Jos\u00e9 se gradu\u00f3 de pastelera este a\u00f1o en El Salvador<\/div>\n<p class=\"paragraph\" data-mrf-recirculation=\"Links inline\">En El Salvador se puede vivir con un sueldo de unos\u00a0<b>700 d\u00f3lares mensuales.<\/b>\u00a0El alquiler de una casa \u201cno muy grande\u201d, describe Mar\u00eda Jos\u00e9, puede estar unos 150 d\u00f3lares. Y un sueldo b\u00e1sico, de un repartidor que trabaja en las aplicaciones ronda los 400 d\u00f3lares.<\/p>\n<p class=\"paragraph\" data-mrf-recirculation=\"Links inline\">En su negocio la yerba est\u00e1<b>\u00a015 d\u00f3lares el kilo y unos 18 d\u00f3lares la docena de empanadas sanjuaninas.\u00a0<\/b>\u201cEl costo de la carne y las verduras ac\u00e1 es muy alto. Tanto es as\u00ed que, por ejemplo, te venden las cebollas por unidad. Vale unos 35 centavos cada unidad. Y la carne molida para el relleno est\u00e1 muy cara porque no hay mucha tradici\u00f3n de producci\u00f3n vacuna ac\u00e1\u201d, cuenta Mar\u00eda Jos\u00e9.<\/p>\n<p class=\"paragraph\" data-mrf-recirculation=\"Links inline\"><b>Jugador y parrillero<\/b><\/p>\n<p class=\"paragraph\" data-mrf-recirculation=\"Links inline\">Mario Vel\u00e1zquez jugaba al f\u00fatbol y ten\u00eda el sue\u00f1o como muchos argentinos de llegar a Primera Divisi\u00f3n. Tras pasar todas las inferiores en Defensa y Justicia en el momento de llegar a la categor\u00eda mayor, no tuvo esa oportunidad. Pas\u00f3 un corto tiempo en Col\u00f3n de Santa Fe y enseguida emigr\u00f3 al f\u00fatbol de Am\u00e9rica Central.<\/p>\n<p class=\"paragraph\" data-mrf-recirculation=\"Links inline\">Pas\u00f3 por Honduras y luego directamente a El Salvador. All\u00ed jug\u00f3 un tiempo en equipos locales, se enamor\u00f3, se cas\u00f3 con una chica local. Finalmente se afinc\u00f3 all\u00ed. Tuvo hijos y ya tiene nietos.<\/p>\n<p class=\"paragraph\" data-mrf-recirculation=\"Links inline\">Vel\u00e1zquez con su familia se radic\u00f3 en Santiago de Mar\u00eda una localidad tur\u00edstica de\u00a0<b>El Salvador que tiene monta\u00f1as y mar. \u201cEsto atrae a turistas de Estados Unidos y Europa\u201d, explica Mario en di\u00e1logo telef\u00f3nico con Infobae.<\/b><\/p>\n<p class=\"paragraph\" data-mrf-recirculation=\"Links inline\">Vel\u00e1zquez cobraba en colones a fines de la d\u00e9cada del 90 en el club en el que todav\u00eda jugaba en El Salvador. \u201cEn ese momento muchas familias salvadore\u00f1as viv\u00edan de la plata que le enviaban sus hijos que trabajaban en Estados Unidos\u201d, recuerda Mario.<\/p>\n<div class=\"visual__image\"><img loading=\"lazy\" decoding=\"async\" class=\" lazyload\" src=\"https:\/\/www.infobae.com\/new-resizer\/9UoSKnZdhl98NOTAv46jlL466ME=\/arc-anglerfish-arc2-prod-infobae\/public\/ID3KLI35T5CFLL5NIB424G6INM.jpg\" sizes=\"auto, (min-width: 800px) 50vw, 90vw\" srcset=\"https:\/\/www.infobae.com\/new-resizer\/B9M5Fi371Xak_XM3Z0PK37i4siw=\/420x560\/filters:format(webp):quality(85)\/cloudfront-us-east-1.images.arcpublishing.com\/infobae\/ID3KLI35T5CFLL5NIB424G6INM.jpg 420w,https:\/\/www.infobae.com\/new-resizer\/pTDS64bvllHij6OQBoTIsa_qD0M=\/768x1024\/filters:format(webp):quality(85)\/cloudfront-us-east-1.images.arcpublishing.com\/infobae\/ID3KLI35T5CFLL5NIB424G6INM.jpg 768w,https:\/\/www.infobae.com\/new-resizer\/vU-XDcX_MZMUmkJeGMdH63AUy_Y=\/992x1323\/filters:format(webp):quality(85)\/cloudfront-us-east-1.images.arcpublishing.com\/infobae\/ID3KLI35T5CFLL5NIB424G6INM.jpg 992w,https:\/\/www.infobae.com\/new-resizer\/iDFqc1EEJSPeED3cRixh1gMOMzQ=\/1200x1600\/filters:format(webp):quality(85)\/cloudfront-us-east-1.images.arcpublishing.com\/infobae\/ID3KLI35T5CFLL5NIB424G6INM.jpg 1200w\" alt=\"Mario festej\u00f3 el t\u00edtulo de Qatar en El Salvador y no olvida su costumbre de tomar mate\" width=\"1920\" height=\"2560\" data-src=\"https:\/\/www.infobae.com\/new-resizer\/9UoSKnZdhl98NOTAv46jlL466ME=\/arc-anglerfish-arc2-prod-infobae\/public\/ID3KLI35T5CFLL5NIB424G6INM.jpg\" \/>Mario festej\u00f3 el t\u00edtulo de Qatar en El Salvador y no olvida su costumbre de tomar mate<\/div>\n<p class=\"paragraph\" data-mrf-recirculation=\"Links inline\">En 2001 se decidi\u00f3 la dolarizaci\u00f3n y la devaluaci\u00f3n fue tan grande que esas remesas dejaron de llegar porque ya no alcanzaban la cantidad de d\u00f3lares para pagar los gastos de los salvadore\u00f1os.<\/p>\n<p class=\"paragraph\" data-mrf-recirculation=\"Links inline\">\u201cUn tiempo despu\u00e9s las cosas se tranquilizaron y la inflaci\u00f3n empez\u00f3 a bajar. Igual, los sueldos son bajos y todos llegamos justo a fin de mes\u201d, sostiene Vel\u00e1zquez.<\/p>\n<p class=\"paragraph\" data-mrf-recirculation=\"Links inline\">Una vez retirado del f\u00fatbol, Mario abri\u00f3 su propio emprendimiento gastron\u00f3mico en su ciudad para aprovechar las visitas de los turistas. All\u00ed ofrece parte de su marca de origen: carnes asadas. \u201cEs muy dif\u00edcil encontrar buen producto ac\u00e1 y eso encarece su valor. Pero tratamos de buscar los mejores para poder poner en la parrilla y entregar platos dignos\u201d, cuenta, mientras recuerda\u00a0<b>los asados de joven junto a sus compa\u00f1eros de equipo.<\/b><\/p>\n<p class=\"paragraph\" data-mrf-recirculation=\"Links inline\">Vel\u00e1zquez cuenta que vive de manera sencilla. Que en El Salvador gasta poco en ropa: \u201cEs casi todo el a\u00f1o verano. S\u00f3lo una temporada de lluvia y otra de sequ\u00eda\u201d, relata. Adem\u00e1s, dice que \u201clos precios son previsibles. Los sueldos son muy bajos,\u00a0<b>apenas alcanzan<\/b>, pero no existe la variaci\u00f3n de precio que sufre Argentina\u201d.<\/p>\n<p class=\"paragraph\" data-mrf-recirculation=\"Links inline\"><b>El pa\u00eds de Bukele<\/b><\/p>\n<p class=\"paragraph\" data-mrf-recirculation=\"Links inline\">El pa\u00eds gobernado hoy por por Nayib Bukele tuvo una inflaci\u00f3n del\u00a0<b>6,1% en 2021 y del 7,3% en 2022<\/b>, frente al 2,4% registrado en el a\u00f1o 2000. El PBI cay\u00f3 8,2% en 2020, pandemia de coronavirus mediante, y creci\u00f3 10,3% en 2021 y 2,6% en 2022. En cuanto a sus indicadores sociales, la pobreza medida por el Banco Mundial pas\u00f3 del 50 al 30 por ciento entre 2010 y 2020 y la tasa de desempleo del 7 al 6,3 por ciento.<\/p>\n<div class=\"visual__image\"><img loading=\"lazy\" decoding=\"async\" class=\" lazyload\" src=\"https:\/\/www.infobae.com\/new-resizer\/cqBHQ7-15hRMoQ0cJhO8t8JVyLA=\/arc-anglerfish-arc2-prod-infobae\/public\/DUNJDASG6VFJVBSVKYFRNCBXZ4.jpg\" sizes=\"auto, (min-width: 800px) 50vw, 90vw\" srcset=\"https:\/\/www.infobae.com\/new-resizer\/CQWxHWO_1gqO3iQNV9Uhft0Xl60=\/420x236\/filters:format(webp):quality(85)\/cloudfront-us-east-1.images.arcpublishing.com\/infobae\/DUNJDASG6VFJVBSVKYFRNCBXZ4.jpg 420w,https:\/\/www.infobae.com\/new-resizer\/3pkxLHmh97Oy9Ebiuey8W9UFj2Q=\/768x432\/filters:format(webp):quality(85)\/cloudfront-us-east-1.images.arcpublishing.com\/infobae\/DUNJDASG6VFJVBSVKYFRNCBXZ4.jpg 768w,https:\/\/www.infobae.com\/new-resizer\/hhgTZjJcqbILpeoj6nJOHBKJy6A=\/992x558\/filters:format(webp):quality(85)\/cloudfront-us-east-1.images.arcpublishing.com\/infobae\/DUNJDASG6VFJVBSVKYFRNCBXZ4.jpg 992w,https:\/\/www.infobae.com\/new-resizer\/DGBJaoeHYa6pUTFMFJ9fVuS1vRA=\/1200x675\/filters:format(webp):quality(85)\/cloudfront-us-east-1.images.arcpublishing.com\/infobae\/DUNJDASG6VFJVBSVKYFRNCBXZ4.jpg 1200w,https:\/\/www.infobae.com\/new-resizer\/Hc4mjxN6XNmG2OImRX3Z937pekQ=\/1440x810\/filters:format(webp):quality(85)\/cloudfront-us-east-1.images.arcpublishing.com\/infobae\/DUNJDASG6VFJVBSVKYFRNCBXZ4.jpg 1440w\" alt=\"Una vez retirado del f\u00fatbol, Mario abri\u00f3 su propio emprendimiento gastron\u00f3mico en su ciudad para aprovechar las visitas de los turistas\" width=\"1920\" height=\"1080\" data-src=\"https:\/\/www.infobae.com\/new-resizer\/cqBHQ7-15hRMoQ0cJhO8t8JVyLA=\/arc-anglerfish-arc2-prod-infobae\/public\/DUNJDASG6VFJVBSVKYFRNCBXZ4.jpg\" \/>Una vez retirado del f\u00fatbol, Mario abri\u00f3 su propio emprendimiento gastron\u00f3mico en su ciudad para aprovechar las visitas de los turistas<\/div>\n<p class=\"paragraph\" data-mrf-recirculation=\"Links inline\">Mar\u00eda Jos\u00e9 cuenta sus impresiones en el momento de aterrizar en El Salvador para encontrarse con su amor virtual. \u201cMe dio mucho miedo porque vi muchos militares con armas largas en las rutas y retenes en los que ped\u00edan los documentos todo el tiempo\u201d, recuerda la mujer de lo que vivi\u00f3 en 2017 cuando\u00a0<b>dej\u00f3 Argentina.<\/b><\/p>\n<p class=\"paragraph\" data-mrf-recirculation=\"Links inline\">En ese momento no pod\u00edamos pedir una pizza a la noche.\u00a0<b>El delivery despu\u00e9s de las 21 horas no sal\u00eda<\/b>\u00a0a trabajar por miedo a los robos. \u201cTodo eso cambi\u00f3 desde la llegada de Bukele al Gobierno. Se vive m\u00e1s tranquilo\u201d.<\/p>\n<p class=\"paragraph\" data-mrf-recirculation=\"Links inline\">Por su parte, Vel\u00e1zquez tambi\u00e9n cuenta su experiencia con la inseguridad. Muchos comerciantes le contaron que se les acercaba un chico de unos 12 a\u00f1os con un celular y se lo daba al due\u00f1o del negocio. Entonces, una voz le ped\u00eda una \u201ccontribuci\u00f3n de seguridad\u201d para evitar problemas en el local. \u201cA mi nunca me pas\u00f3 porque yo conoc\u00eda a todos los chicos del equipo de f\u00fatbol del pueblo. No se atrev\u00edan a aparecer por el restaurante, sabiendo que despu\u00e9s nos \u00edbamos a ver en la cancha.\u00a0<b>Yo como entrenador y ellos como jugadores del equipo\u201d, dice Mario.<\/b><\/p>\n<p class=\"paragraph\" data-mrf-recirculation=\"Links inline\">Vel\u00e1zquez coincide con Mar\u00eda Jos\u00e9 que los cambios se dieron con la llegada al\u00a0<b>poder de Bukele.\u00a0<\/b>Por ejemplo, resalta que una casa que se vend\u00eda en unos 20.000 d\u00f3lares por efecto de la inseguridad, duplic\u00f3 su valor estos \u00faltimos a\u00f1os. \u201cSon unos 70 mil detenidos. Por un lado trajeron paz en las calles, pero tambi\u00e9n hay muchos inocentes presos. Y eso me parece una barbaridad\u201d.<\/p>\n","protected":false},"excerpt":{"rendered":"<p>Javier Milei fue el candidato m\u00e1s votado en las primarias realizadas en Argentina el pasado 13 de agosto. Tras su sorpresivo triunfo en los comicios, el candidato de la Libertad Avanza sali\u00f3 de gira por los medios a explicar parte de sus propuestas. Una de los puntos clave de su plataforma se basa en la [&hellip;]<\/p>\n","protected":false},"author":2,"featured_media":18367,"comment_status":"closed","ping_status":"closed","sticky":false,"template":"","format":"standard","meta":{"footnotes":""},"categories":[65],"tags":[],"class_list":{"0":"post-18366","1":"post","2":"type-post","3":"status-publish","4":"format-standard","5":"has-post-thumbnail","7":"category-economia"},"_links":{"self":[{"href":"https:\/\/radiobitacora.com.ar\/web\/wp-json\/wp\/v2\/posts\/18366","targetHints":{"allow":["GET"]}}],"collection":[{"href":"https:\/\/radiobitacora.com.ar\/web\/wp-json\/wp\/v2\/posts"}],"about":[{"href":"https:\/\/radiobitacora.com.ar\/web\/wp-json\/wp\/v2\/types\/post"}],"author":[{"embeddable":true,"href":"https:\/\/radiobitacora.com.ar\/web\/wp-json\/wp\/v2\/users\/2"}],"replies":[{"embeddable":true,"href":"https:\/\/radiobitacora.com.ar\/web\/wp-json\/wp\/v2\/comments?post=18366"}],"version-history":[{"count":0,"href":"https:\/\/radiobitacora.com.ar\/web\/wp-json\/wp\/v2\/posts\/18366\/revisions"}],"wp:featuredmedia":[{"embeddable":true,"href":"https:\/\/radiobitacora.com.ar\/web\/wp-json\/wp\/v2\/media\/18367"}],"wp:attachment":[{"href":"https:\/\/radiobitacora.com.ar\/web\/wp-json\/wp\/v2\/media?parent=18366"}],"wp:term":[{"taxonomy":"category","embeddable":true,"href":"https:\/\/radiobitacora.com.ar\/web\/wp-json\/wp\/v2\/categories?post=18366"},{"taxonomy":"post_tag","embeddable":true,"href":"https:\/\/radiobitacora.com.ar\/web\/wp-json\/wp\/v2\/tags?post=18366"}],"curies":[{"name":"wp","href":"https:\/\/api.w.org\/{rel}","templated":true}]}}