{"id":18369,"date":"2023-08-18T08:15:04","date_gmt":"2023-08-18T11:15:04","guid":{"rendered":"https:\/\/radiobitacora.com.ar\/web\/?p=18369"},"modified":"2023-08-18T08:15:04","modified_gmt":"2023-08-18T11:15:04","slug":"massa-apura-la-suma-fija-y-pide-un-acuerdo-para-que-no-haya-huelgas-en-las-escuelas-se-acabo-la-joda-de-hacer-paro-por-cualquier-cosa","status":"publish","type":"post","link":"https:\/\/radiobitacora.com.ar\/web\/2023\/08\/18\/massa-apura-la-suma-fija-y-pide-un-acuerdo-para-que-no-haya-huelgas-en-las-escuelas-se-acabo-la-joda-de-hacer-paro-por-cualquier-cosa\/","title":{"rendered":"Massa apura la suma fija y pide un acuerdo para que no haya huelgas en las escuelas: \u201cSe acab\u00f3 la joda de hacer paro por cualquier cosa\u201d"},"content":{"rendered":"<p class=\"paragraph\" data-mrf-recirculation=\"Links inline\">La coalici\u00f3n oficialista Uni\u00f3n por la Patria atraviesa por estas horas la desorientaci\u00f3n posterior a una derrota inesperada y dolorosa. Un funcionario bonaerense puede decir por la ma\u00f1ana que el pa\u00eds est\u00e1 a un paso del \u201cinfierno y el apocalipsis\u201d, en la Casa Rosada otra personalidad del gobierno puede pedirle perd\u00f3n a la gente, y por la noche, el principal candidato mostrarse esperanzado en que tiene chances ciertas de llegar al balotaje. Todo el mismo d\u00eda. Un efecto\u00a0<b>Javier Milei\u00a0<\/b>indudable.<\/p>\n<p class=\"paragraph\" data-mrf-recirculation=\"Links inline\">En medio de esa confusi\u00f3n, el ministro de Econom\u00eda,\u00a0<b>Sergio Massa,<\/b>\u00a0por segundo d\u00eda consecutivo fue a la TV a explicar las \u00faltimas medidas que tom\u00f3 para estabilizar las variables macro, trastocadas por la devaluaci\u00f3n del 20% que exigi\u00f3 el FMI. Adem\u00e1s de fijar el precio de las naftas hasta el 30 de octubre, el candidato presidencial prometi\u00f3 acelerar la demorada suma fija para los salarios m\u00e1s bajos y los aumentos en planes sociales, asignaciones y jubilaciones. Seg\u00fan Massa, son \u201ccompensaciones\u201d por el da\u00f1o que provoc\u00f3 la devaluaci\u00f3n en esos ingresos.<\/p>\n<p class=\"paragraph\" data-mrf-recirculation=\"Links inline\">En Cr\u00f3nica TV, el ministro\/candidato habl\u00f3 durante casi una hora y media y confirm\u00f3 lo que hab\u00eda trascendido de fuentes partidarias. Que durante los pr\u00f3ximos diez d\u00edas estar\u00e1 enfocado en que el FMI ejecute el desembolso de USD 8.000 millones, y en la agenda bilateral con Brasil, el segundo socio comercial de la Argentina. Luego de esos objetivos, Massa se abocar\u00e1 a definir con la CGT, las patronales y el Ministerio de Trabajo los aumentos y bonos en salarios, jubilaciones y otros beneficios sociales.<\/p>\n<div class=\"visual__image\"><img loading=\"lazy\" decoding=\"async\" class=\" lazyload\" src=\"https:\/\/www.infobae.com\/new-resizer\/doOsrD4ZZdpepvDcoSJXhNgr3xY=\/arc-anglerfish-arc2-prod-infobae\/public\/JTNXTEE2RJFDTDRZM4SCKKMNVQ.jpeg\" sizes=\"auto, (min-width: 800px) 50vw, 90vw\" srcset=\"https:\/\/www.infobae.com\/new-resizer\/afJSTfUreUr_WmjwWzRSyg_eblg=\/420x280\/filters:format(webp):quality(85)\/cloudfront-us-east-1.images.arcpublishing.com\/infobae\/JTNXTEE2RJFDTDRZM4SCKKMNVQ.jpeg 420w,https:\/\/www.infobae.com\/new-resizer\/CWo7lxuJse9Np0j53wMQpHldYGw=\/768x512\/filters:format(webp):quality(85)\/cloudfront-us-east-1.images.arcpublishing.com\/infobae\/JTNXTEE2RJFDTDRZM4SCKKMNVQ.jpeg 768w,https:\/\/www.infobae.com\/new-resizer\/ahFiZ1f63Fw0qmsdxu4WRjNH4dM=\/992x661\/filters:format(webp):quality(85)\/cloudfront-us-east-1.images.arcpublishing.com\/infobae\/JTNXTEE2RJFDTDRZM4SCKKMNVQ.jpeg 992w,https:\/\/www.infobae.com\/new-resizer\/NGPSEM8ET_-z_ym2JiZGOR04vYM=\/1200x800\/filters:format(webp):quality(85)\/cloudfront-us-east-1.images.arcpublishing.com\/infobae\/JTNXTEE2RJFDTDRZM4SCKKMNVQ.jpeg 1200w,https:\/\/www.infobae.com\/new-resizer\/kOCTaxgu53qNm-lWxjy4mlO7tNY=\/1440x960\/filters:format(webp):quality(85)\/cloudfront-us-east-1.images.arcpublishing.com\/infobae\/JTNXTEE2RJFDTDRZM4SCKKMNVQ.jpeg 1440w\" alt=\"infobae\" width=\"1024\" height=\"682\" data-src=\"https:\/\/www.infobae.com\/new-resizer\/doOsrD4ZZdpepvDcoSJXhNgr3xY=\/arc-anglerfish-arc2-prod-infobae\/public\/JTNXTEE2RJFDTDRZM4SCKKMNVQ.jpeg\" \/><\/div>\n<p class=\"paragraph\" data-mrf-recirculation=\"Links inline\">Massa confirm\u00f3 que tendr\u00e1 esas prioridades y que la campa\u00f1a estar\u00e1 orientada por su gesti\u00f3n como ministro. \u201cNo puedo pedirle a alguien que me vote para los pr\u00f3ximos cuatro a\u00f1os si no termino de darle el m\u00ednimo marco de orden y previsibilidad para los pr\u00f3ximos cuatro meses\u201d, expres\u00f3 anoche el ministro.<\/p>\n<p class=\"paragraph\" data-mrf-recirculation=\"Links inline\">Confirm\u00f3 as\u00ed lo que hab\u00edan transmitido fuentes de Uni\u00f3n por la Patria que trabajan en el cuartel central de la coalici\u00f3n oficialista de Bartolom\u00e9 Mitre al 300. Un parate mientras se siguen revisando los resultados de las PASO, se redefinen estrategias y se escudri\u00f1an algunos n\u00fameros sugestivos que se detectaron en las provincias e intendencias del conurbano bonaerense. Algunos cortes de boleta que favorecieron a Javier Milei llamaron la atenci\u00f3n y, tambi\u00e9n, sospechas.<\/p>\n<p class=\"paragraph\" data-mrf-recirculation=\"Links inline\">Antoni Guti\u00e9rrez-Rub\u00ed, el asesor catal\u00e1n que planific\u00f3 la primera etapa hasta las PASO, sigue activo y empez\u00f3 a dise\u00f1ar los pr\u00f3ximos pasos, ya con el resultado puesto y definidos Patricia Bullrich y sobre todo Javier Milei como sus adversarios para entrar al balotaje.<\/p>\n<p class=\"paragraph\" data-mrf-recirculation=\"Links inline\">\u201cLo que hizo Sergio Massa fue consolidar el voto propio y tener un piso desde el cual trabajar para llegar a la segunda vuelta. Sab\u00edamos el viernes que el salto del d\u00f3lar y el caso Morena (la nena que fue asesinada por motochorros a metros de su escuela, en Lan\u00fas) peg\u00f3 fuerte y que todo lo capitaliz\u00f3 Javier Milei\u201d, explicaron a\u00a0<b>Infobae<\/b>\u00a0en Uni\u00f3n por la Patria.<\/p>\n<div class=\"visual__image\"><img loading=\"lazy\" decoding=\"async\" class=\" lazyload\" src=\"https:\/\/www.infobae.com\/new-resizer\/BXRo41frcrUbXR0-PfzBV8PBoko=\/arc-anglerfish-arc2-prod-infobae\/public\/H3LUUORCPZCOHFZHG22CZNAYHI.jpeg\" sizes=\"auto, (min-width: 800px) 50vw, 90vw\" srcset=\"https:\/\/www.infobae.com\/new-resizer\/TTBHhBjWyxLjDdt0L0XzrZ8S3_Y=\/420x280\/filters:format(webp):quality(85)\/cloudfront-us-east-1.images.arcpublishing.com\/infobae\/H3LUUORCPZCOHFZHG22CZNAYHI.jpeg 420w,https:\/\/www.infobae.com\/new-resizer\/TQgkrfUJMcuj0B1Ia5-JSUtiOCg=\/768x512\/filters:format(webp):quality(85)\/cloudfront-us-east-1.images.arcpublishing.com\/infobae\/H3LUUORCPZCOHFZHG22CZNAYHI.jpeg 768w,https:\/\/www.infobae.com\/new-resizer\/VhECTrND7eK0KcH2vvuKSsqor4U=\/992x661\/filters:format(webp):quality(85)\/cloudfront-us-east-1.images.arcpublishing.com\/infobae\/H3LUUORCPZCOHFZHG22CZNAYHI.jpeg 992w,https:\/\/www.infobae.com\/new-resizer\/K2aHBuaV_2E600vdeaLA-e6oGoQ=\/1200x800\/filters:format(webp):quality(85)\/cloudfront-us-east-1.images.arcpublishing.com\/infobae\/H3LUUORCPZCOHFZHG22CZNAYHI.jpeg 1200w,https:\/\/www.infobae.com\/new-resizer\/eCkCbqmYohhkUKop_jCSxvdoJjc=\/1440x960\/filters:format(webp):quality(85)\/cloudfront-us-east-1.images.arcpublishing.com\/infobae\/H3LUUORCPZCOHFZHG22CZNAYHI.jpeg 1440w\" alt=\"Massa se reuni\u00f3 anoche con directivos de empresas petroleras para fijar el precio de las naftas \" width=\"1280\" height=\"852\" data-src=\"https:\/\/www.infobae.com\/new-resizer\/BXRo41frcrUbXR0-PfzBV8PBoko=\/arc-anglerfish-arc2-prod-infobae\/public\/H3LUUORCPZCOHFZHG22CZNAYHI.jpeg\" \/>Massa se reuni\u00f3 anoche con directivos de empresas petroleras para fijar el precio de las naftas<\/div>\n<p class=\"paragraph\" data-mrf-recirculation=\"Links inline\">Reconocieron que nadie esperaba que la ola violeta del l\u00edder libertario iba a superar el 30% de los votos, pero tampoco que Juntos por el Cambio iba a quedar segundo, con 28%, y que el peronismo terminar\u00eda tercero con el 27%. S\u00f3lo les qued\u00f3 el aliciente de que entre el primero y el segundo, y el segundo y el tercero los separ\u00f3 una diferencia de entre 418 mil y 237 mil votos, respectivamente.<\/p>\n<p class=\"paragraph\" data-mrf-recirculation=\"Links inline\">Esa diferencia ajustada es la que mantiene viva la esperanza en el oficialismo de dar vuelta un escenario adverso, m\u00e1s a\u00fan despu\u00e9s de la devaluaci\u00f3n que volvi\u00f3 a poner en las pantallas de los canales de noticias la cotizaci\u00f3n del d\u00f3lar y el traslado a precios.<\/p>\n<p class=\"paragraph\" data-mrf-recirculation=\"Links inline\">Por eso es que Massa apur\u00f3 la devaluaci\u00f3n, con el objetivo de que el mi\u00e9rcoles pr\u00f3ximo, en la reuni\u00f3n del\u00a0<i>board\u00a0<\/i>del Fondo en Washington se destrabe el desembolso del que depende la estabilidad de la econom\u00eda en plena etapa de elecciones. El ministro viajar\u00e1 para estar all\u00e1 cuando se discuta el caso argentino y conf\u00eda en regresar con esa misi\u00f3n cumplida, una condici\u00f3n necesaria aunque no suficiente para apaciguar la volatilidad del d\u00f3lar y los precios.<\/p>\n<p class=\"paragraph\" data-mrf-recirculation=\"Links inline\">Las chances electorales de Uni\u00f3n por la Patria son directamente proporcionales a la disponibilidad de d\u00f3lares. Pero para Milei, esa relaci\u00f3n es exactamente inversa: a menos d\u00f3lares m\u00e1s votos.<\/p>\n<p class=\"paragraph\" data-mrf-recirculation=\"Links inline\">\u201cHasta las PASO, Massa trat\u00f3 de asegurar el voto. Fue a los canales m\u00e1s afines al kirchnerismo, les habl\u00f3 a los propios y se repleg\u00f3 en el n\u00facleo duro peronista y kirchnerista. Consolidado eso, con la definici\u00f3n de Grabois de que va a acompa\u00f1ar -con sus disidencias l\u00f3gicas- ahora empieza el camino de ampliar. Que haya hablado en TN es parte de hablarles a otros votantes\u201d, explic\u00f3 la misma fuente de UP.<\/p>\n<div class=\"visual__image\"><img loading=\"lazy\" decoding=\"async\" class=\" lazyload\" src=\"https:\/\/www.infobae.com\/new-resizer\/1--0G0ZX4Hx0_XO0_wW1Ajvqp_o=\/arc-anglerfish-arc2-prod-infobae\/public\/ZISFH65YANBNXISMFCZBXKJ7UE.jpg\" sizes=\"auto, (min-width: 800px) 50vw, 90vw\" srcset=\"https:\/\/www.infobae.com\/new-resizer\/dCY-ZndPUZMctrvZ7nOYbiLFwqA=\/420x280\/filters:format(webp):quality(85)\/cloudfront-us-east-1.images.arcpublishing.com\/infobae\/ZISFH65YANBNXISMFCZBXKJ7UE.jpg 420w,https:\/\/www.infobae.com\/new-resizer\/tp1jXAxm-9P4fj-Lhh0yHhYeH9A=\/768x512\/filters:format(webp):quality(85)\/cloudfront-us-east-1.images.arcpublishing.com\/infobae\/ZISFH65YANBNXISMFCZBXKJ7UE.jpg 768w,https:\/\/www.infobae.com\/new-resizer\/rt49MUfzML54dT-Bi-rbvHqpx3Y=\/992x661\/filters:format(webp):quality(85)\/cloudfront-us-east-1.images.arcpublishing.com\/infobae\/ZISFH65YANBNXISMFCZBXKJ7UE.jpg 992w,https:\/\/www.infobae.com\/new-resizer\/yk_KWMfc6Jj6YOVJIE_16rC6L_w=\/1200x800\/filters:format(webp):quality(85)\/cloudfront-us-east-1.images.arcpublishing.com\/infobae\/ZISFH65YANBNXISMFCZBXKJ7UE.jpg 1200w,https:\/\/www.infobae.com\/new-resizer\/ntj1XEn8Xrs9TVGD4S632Eixpx0=\/1440x960\/filters:format(webp):quality(85)\/cloudfront-us-east-1.images.arcpublishing.com\/infobae\/ZISFH65YANBNXISMFCZBXKJ7UE.jpg 1440w\" alt=\"El economista ultraliberal Javier Milei, en una fotograf\u00eda de archivo. EFE\/ Gala Abramovich\n\" width=\"4183\" height=\"2792\" data-src=\"https:\/\/www.infobae.com\/new-resizer\/1--0G0ZX4Hx0_XO0_wW1Ajvqp_o=\/arc-anglerfish-arc2-prod-infobae\/public\/ZISFH65YANBNXISMFCZBXKJ7UE.jpg\" \/>El economista ultraliberal Javier Milei, en una fotograf\u00eda de archivo. EFE\/ Gala Abramovich<\/div>\n<p class=\"paragraph\" data-mrf-recirculation=\"Links inline\">Son 13 millones de personas que no fueron a votar, votaron en blanco o se quedaron sin candidato porque las listas que eligieron no superaron en las PASO el m\u00ednimo de 1,5% de los sufragios. Hacia all\u00ed apuntan los estrategas y asesores de Uni\u00f3n por la Patria. Pero tambi\u00e9n apuestan a los 2.675.563 que eligieron a Horacio Rodr\u00edguez Larreta y no quieren a Patricia Bullrich, y a los 907.437 que votaron al peronista cordob\u00e9s Juan Schiaretti.<\/p>\n<p class=\"paragraph\" data-mrf-recirculation=\"Links inline\">En la entrevista con Cr\u00f3nica TV, Massa se refiri\u00f3 a eso: \u201cEl peronismo tiene muchas chances de llegar a segunda vuelta si va todo junto y trabaja unido. Tambi\u00e9n, si somos ordenados, si logramos contarle a la gente qu\u00e9 pensamos nosotros y qu\u00e9 representan y qu\u00e9 piensan ellos, y qu\u00e9 pa\u00eds va a ser Argentina en 2024 con unos y con otros\u201d. Es lo que no pareci\u00f3 estar claro hoy, con el ministro bonaerense Andr\u00e9s Larroque anunciando \u201cinfierno y apocalipsis\u201d si gana la derecha, mientras la vocera Gabriela Cerruti apareci\u00f3 con un pedido de \u201cperd\u00f3n\u201d a la gente por las deudas pendientes.<\/p>\n<p class=\"paragraph\" data-mrf-recirculation=\"Links inline\">Lo cierto es que Massa se mostr\u00f3 confiado y optimista en poder dar vuelta el resultado: \u201cTengo muchas campa\u00f1as en la espalda. En las PASO del 2015 saqu\u00e9 14% en las PASO y en las generales saqu\u00e9 22%. Una cosa es tener 130 boletas en el cuarto oscuro y otra es tener cinco. Ahora ya no es solamente dar un mensaje al gobierno \u2018<i>mir\u00e1, en todo esto te est\u00e1s equivocando<\/i>\u2019. Es decir te doy la llave y que en cuatro a\u00f1os te dediques a resolver los problemas\u201d.<\/p>\n<p class=\"paragraph\" data-mrf-recirculation=\"Links inline\">La apelaci\u00f3n al peronismo que hizo Massa para que lo ayude a superar la primera vuelta tiene que ver con la \u201csorpresa\u201d que todav\u00eda hay en el seno de Uni\u00f3n por la Patria por casos como el de Tucum\u00e1n, donde el PJ gan\u00f3 la elecci\u00f3n a gobernador por el 55% de los votos, y el peronismo perdi\u00f3 en las PASO porque Milei sac\u00f3 el 36%. O el de La Rioja, donde el PJ tambi\u00e9n gan\u00f3 el gobierno local por m\u00e1s del 52%, y el domingo \u00faltimos los libertarios se impusieron por m\u00e1s del 36%.<\/p>\n<p class=\"paragraph\" data-mrf-recirculation=\"Links inline\">Un fen\u00f3meno similar se di\u00f3 en las intendencias de la provincia de Buenos Aires -en el conurbano, pero tambi\u00e9n en otros municipios clave- donde se produjeron sugestivos cortes de boleta. O hubo un alto ausentismo que evidenci\u00f3 un repliegue del aparato peronista.<\/p>\n<p class=\"paragraph\" data-mrf-recirculation=\"Links inline\">M\u00e1s all\u00e1 de la cuesti\u00f3n interna del peronismo, Massa anoche pareci\u00f3 empezar a hablarle a otros votantes. El ministro\/candidato abord\u00f3 uno de los t\u00f3picos que mayor importancia le da la oposici\u00f3n, tanto votantes de Juntos por el Cambio como los que eligen al economista libertario: el del Estado y la cuesti\u00f3n de los gremios que hacen paro.<\/p>\n<p class=\"paragraph\" data-mrf-recirculation=\"Links inline\">\u201cEl Estado tiene que prestar mejores servicios. Esto del laburante que manda su hijo a la escuela parroquial porque en la escuela p\u00fablica hay paro cada dos semanas\u2026 viejo, eso tambi\u00e9n lo tenemos que ordenar, porque tenemos que defender al Estado como regulador de las relaciones sociales, pero un Estado eficiente\u201d, afirm\u00f3 Massa, y agreg\u00f3: \u201cHay que hacer al Estado m\u00e1s eficiente. Cuando el pap\u00e1 dice \u2018<i>tengo la escuela p\u00fablica pero tengo 18 paros por a\u00f1o, me complicaste la vida, flaco; no tengo donde dejar a mi pibe\u2019<\/i>. Ac\u00e1 tiene que haber un compromiso en el cual decimos\u00a0<b>\u2018muchachos, se acab\u00f3 la joda de que por cualquier cosa reclamamos, por cualquier cosa hacemos paro\u2019<\/b>. Basta\u201d.<\/p>\n<p class=\"paragraph\" data-mrf-recirculation=\"Links inline\">Y complet\u00f3: \u201cLleg\u00f3 el momento de que aquellos que creemos que el Estado tiene que proteger a la gente lo cuidemos, para que aquellos que lo quieren destruir no tengan argumentos para destruirlo\u201d.<\/p>\n<p class=\"paragraph\" data-mrf-recirculation=\"Links inline\">Tambi\u00e9n habl\u00f3 sobre los planes sociales, y destac\u00f3 que hay que pasar a los beneficiarios al trabajo formal. Y habl\u00f3 sobre la ley de alquileres, uno de los reclamos que m\u00e1s presencia tuvo en los focus group y encuestas que consumen en el oficialismo y la oposici\u00f3n, debido a la escalada en los contratos y la casi ausencia de ofertas. En ese sentido, Massa plante\u00f3 que se deber\u00eda establecer un marco general con el C\u00f3digo Civil y que luego sea cada Legislatura local la que regule en sus respectivas provincias, de acuerdo a sus particularidades.<\/p>\n<p class=\"paragraph\" data-mrf-recirculation=\"Links inline\">M\u00e1s all\u00e1 de las cuestiones pol\u00edticas y el plan de estabilizaci\u00f3n, Massa abord\u00f3 en las \u00faltimas 48 horas en la campa\u00f1a temas que, hasta ahora, no hab\u00edan estado en la agenda del kirchnerismo: \u201cNo hay que ignorar el resultado (de las PASO). Hay mucha gente enojada, sino entendemos que este es un cachetazo para la pol\u00edtica, no le\u00edmos el resultado del domingo\u201d.<\/p>\n","protected":false},"excerpt":{"rendered":"<p>La coalici\u00f3n oficialista Uni\u00f3n por la Patria atraviesa por estas horas la desorientaci\u00f3n posterior a una derrota inesperada y dolorosa. Un funcionario bonaerense puede decir por la ma\u00f1ana que el pa\u00eds est\u00e1 a un paso del \u201cinfierno y el apocalipsis\u201d, en la Casa Rosada otra personalidad del gobierno puede pedirle perd\u00f3n a la gente, y [&hellip;]<\/p>\n","protected":false},"author":2,"featured_media":18370,"comment_status":"closed","ping_status":"closed","sticky":false,"template":"","format":"standard","meta":{"footnotes":""},"categories":[79],"tags":[],"class_list":{"0":"post-18369","1":"post","2":"type-post","3":"status-publish","4":"format-standard","5":"has-post-thumbnail","7":"category-politica"},"_links":{"self":[{"href":"https:\/\/radiobitacora.com.ar\/web\/wp-json\/wp\/v2\/posts\/18369","targetHints":{"allow":["GET"]}}],"collection":[{"href":"https:\/\/radiobitacora.com.ar\/web\/wp-json\/wp\/v2\/posts"}],"about":[{"href":"https:\/\/radiobitacora.com.ar\/web\/wp-json\/wp\/v2\/types\/post"}],"author":[{"embeddable":true,"href":"https:\/\/radiobitacora.com.ar\/web\/wp-json\/wp\/v2\/users\/2"}],"replies":[{"embeddable":true,"href":"https:\/\/radiobitacora.com.ar\/web\/wp-json\/wp\/v2\/comments?post=18369"}],"version-history":[{"count":0,"href":"https:\/\/radiobitacora.com.ar\/web\/wp-json\/wp\/v2\/posts\/18369\/revisions"}],"wp:featuredmedia":[{"embeddable":true,"href":"https:\/\/radiobitacora.com.ar\/web\/wp-json\/wp\/v2\/media\/18370"}],"wp:attachment":[{"href":"https:\/\/radiobitacora.com.ar\/web\/wp-json\/wp\/v2\/media?parent=18369"}],"wp:term":[{"taxonomy":"category","embeddable":true,"href":"https:\/\/radiobitacora.com.ar\/web\/wp-json\/wp\/v2\/categories?post=18369"},{"taxonomy":"post_tag","embeddable":true,"href":"https:\/\/radiobitacora.com.ar\/web\/wp-json\/wp\/v2\/tags?post=18369"}],"curies":[{"name":"wp","href":"https:\/\/api.w.org\/{rel}","templated":true}]}}