{"id":18375,"date":"2023-08-18T08:29:27","date_gmt":"2023-08-18T11:29:27","guid":{"rendered":"https:\/\/radiobitacora.com.ar\/web\/?p=18375"},"modified":"2023-08-18T08:29:27","modified_gmt":"2023-08-18T11:29:27","slug":"valdes-pidio-coraje-y-solidaridad-para-sacar-adelante-a-argentina","status":"publish","type":"post","link":"https:\/\/radiobitacora.com.ar\/web\/2023\/08\/18\/valdes-pidio-coraje-y-solidaridad-para-sacar-adelante-a-argentina\/","title":{"rendered":"Vald\u00e9s pidio coraje y solidaridad para sacar adelante a Argentina"},"content":{"rendered":"<p>&#8220;Actuemos con racionalidad, con coraje, con visi\u00f3n estrat\u00e9gica, con honestidad y solidaridad para sacar a nuestra Argentina adelante&#8221;, exhort\u00f3 el gobernador Gustavo Vald\u00e9s al encabezar, en Yapey\u00fa, el acto de homenaje al Libertador General San Mart\u00edn a 173 a\u00f1os de su paso a la inmortalidad, al tiempo que en tono pol\u00edtico alert\u00f3: &#8220;El riesgo que tenemos hoy es que los desaciertos nos lleven por cansancio, por bronca o por desesperanza, hacia caminos equivocados que nunca terminan bien&#8221;.<\/p>\n<p>&nbsp;<\/p>\n<p>Lo hizo en su discurso pronunciado en el acto protocolar desarrollado en la plaza aleda\u00f1a al templete que resguarda las ruinas de la casa natal del Libertador, acompa\u00f1ado por el comandante de la Primera Divisi\u00f3n del Ej\u00e9rcito General de Brigada, Aldo Ferrari, y la intendente de Yapey\u00fa, Marisol Fag\u00fandez. (Ver p\u00e1ginas 12 y 13).<\/p>\n<p>&nbsp;<\/p>\n<p>El Mandatario resalt\u00f3: &#8220;La importancia hist\u00f3rica de su acci\u00f3n y tambi\u00e9n de su legado, que 173 a\u00f1os m\u00e1s tarde sintamos el deseo, la necesidad y el deber de venir a homenajearlo y a recordar fundamentalmente su obra, a exaltar sus valores para no olvidarlo porque vivi\u00f3 una vida que nos ilumin\u00f3 y lo sigue haciendo a todos&#8221;.<\/p>\n<p>&nbsp;<\/p>\n<p>Asimismo reflexion\u00f3 sobre el presente de incertidumbre y se\u00f1al\u00f3: &#8220;Los argentinos atravesamos tiempos dif\u00edciles como casi siempre, parecemos condenados a estar siempre la l\u00edmite, no por nuestra geograf\u00eda, sino porque no supimos hacer las cosas mejor.&#8221;<\/p>\n<div class=\"center medium m_image\">\n<figure><picture><source srcset=\"https:\/\/www.diarioepoca.com\/content\/bucket\/0\/1314370w380h219c.jpg.webp\" type=\"image\/webp\" media=\"(min-width: 640px)\" \/><source srcset=\"https:\/\/www.diarioepoca.com\/content\/bucket\/0\/1314370w440h254c.jpg.webp\" type=\"image\/webp\" media=\"(min-width: 300px)\" \/><source srcset=\"https:\/\/www.diarioepoca.com\/content\/bucket\/0\/1314370w380h219c.jpg\" media=\"(min-width: 300px)\" \/><img loading=\"lazy\" decoding=\"async\" class=\"pic\" src=\"https:\/\/www.diarioepoca.com\/content\/bucket\/0\/1314370w380h219c.jpg.webp\" alt=\"\" width=\"380\" height=\"219\" \/><\/picture><\/figure>\n<\/div>\n<p>&nbsp;<\/p>\n<p>Al respecto agreg\u00f3: &#8220;Cabe preguntarse a cu\u00e1ntos l\u00edderes del sigo XX o lo que va del siglo XXI se los recordar\u00e1 en 170 a\u00f1os con admiraci\u00f3n y cari\u00f1o como para decir una oraci\u00f3n. Estamos recordando a un pr\u00f3cer de la historia, reveremos y sabremos qu\u00e9 sucedi\u00f3 con los que no supieron conducir al pueblo&#8221;.<\/p>\n<p>&nbsp;<\/p>\n<p>Utilizando una serie de ejemplos, el Gobernador describi\u00f3 tanto las adversidades como el potencial de la naci\u00f3n argentina. &#8220;Pero los argentinos no somos s\u00f3lo errores y fracasos&#8221;, proclam\u00f3 resaltando la diversidad de talentos y logros en diversos campos que han caracterizado al pa\u00eds a lo largo de su historia. &#8220;Somos la tierra de los Messi, los Gin\u00f3bili, los Borges, los Spinetta, los Papa Francisco y muchos otros&#8221;.<\/p>\n<p>&nbsp;<\/p>\n<p>&#8220;Somos un pueblo trabajador donde la mayor\u00eda se levanta temprano para trabajar y para ir a estudiar. Tenemos un gran potencial para salir adelante y me gustar\u00eda recordar por qu\u00e9 San Mart\u00edn es lo que es para nosotros y todos los argentinos. Lo honramos y lo admiramos por su entrega absoluta y por amor a la patria. Lo dio todo de manera desinteresada y nos dio honores, eso es un ejemplo&#8221;, agreg\u00f3.<\/p>\n<p>&nbsp;<\/p>\n<p>El Mandatario record\u00f3 las virtudes de San Mart\u00edn, enfatizando su compromiso, humildad, claridad de objetivos y unidad en la lucha por la independencia. Estableci\u00f3 un paralelo con la situaci\u00f3n actual, instando a los ciudadanos a seguir el ejemplo del pr\u00f3cer en la toma de decisiones y el ejercicio del voto. &#8220;Actuemos con racionalidad, con coraje, con visi\u00f3n estrat\u00e9gica, con honestidad y solidaridad para sacar a nuestra Argentina adelante&#8221;, exhort\u00f3.<\/p>\n<p>&nbsp;<\/p>\n<p>&nbsp;<\/p>\n<h2>Buscar la unidad<\/h2>\n<p>&nbsp;<\/p>\n<p>&#8220;San Mart\u00edn nos lo dijo: \u2018Siempre hay que buscar la unidad de quienes somos hermanos en esta Argentina y en todo el continente Latinoamericano\u2019&#8221;, enfatiz\u00f3 Vald\u00e9s y recomend\u00f3 &#8220;recordarlo y seguir su ejemplo&#8221;.<\/p>\n<p>&nbsp;<\/p>\n<h2>Voto<\/h2>\n<p>&nbsp;<\/p>\n<p>El gobernador Gustavo Vald\u00e9s tambi\u00e9n destac\u00f3 que se cumplen 40 a\u00f1os de democracia y al comentar sobre la elecci\u00f3n presidencial que se viene solicit\u00f3 a los ciudadanos correntinos que &#8220;no voten con bronca, sino con la esperanza de que estamos construyendo una Naci\u00f3n para todos los argentinos&#8221;.<\/p>\n<p>&nbsp;<\/p>\n<p>Adem\u00e1s asever\u00f3: &#8220;El voto es de ustedes, no lo regalen, \u00fasenlo, comprom\u00e9tanse, que nadie decida por ustedes&#8221;.<\/p>\n<p>&nbsp;<\/p>\n<h2>El Gobernador agradeci\u00f3 el respaldo que recibieron los candidatos de ECO<\/h2>\n<div class=\"center medium m_image\">\n<figure><picture><source srcset=\"https:\/\/www.diarioepoca.com\/content\/bucket\/6\/1314416w380h348c.jpg.webp\" type=\"image\/webp\" media=\"(min-width: 640px)\" \/><source srcset=\"https:\/\/www.diarioepoca.com\/content\/bucket\/6\/1314416w440h403c.jpg.webp\" type=\"image\/webp\" media=\"(min-width: 300px)\" \/><source srcset=\"https:\/\/www.diarioepoca.com\/content\/bucket\/6\/1314416w380h348c.jpg\" media=\"(min-width: 300px)\" \/><img loading=\"lazy\" decoding=\"async\" class=\"pic\" src=\"https:\/\/www.diarioepoca.com\/content\/bucket\/6\/1314416w380h348c.jpg.webp\" alt=\"\" width=\"380\" height=\"348\" \/><\/picture><\/figure>\n<\/div>\n<p>&nbsp;<\/p>\n<p>&#8220;Hace menos de una semana los argentinos votamos, me siento honrado porque nos volvieron a respaldar mayoritariamente, no es f\u00e1cil ratificar la confianza&#8221;, reflexion\u00f3 el gobernador Gustavo Vald\u00e9s en un tramo de su discurso de homenaje al General San Mart\u00edn en Yapey\u00fa al mencionar los resultados electorales de las Primarias Abiertas, Simult\u00e1neas y Obligatorias.<\/p>\n<p>&nbsp;<\/p>\n<p>Afirm\u00f3: &#8220;Este apoyo que me dieron me obliga a seguir trabajando, dejando todo nuestro esfuerzo para que los correntinos sigamos avanzando, pero no me alcanza. Siempre hemos sido solidarios con la naci\u00f3n argentina, pero no nos vamos a salvar solos, necesitamos que Argentina arranque, necesitamos que alcancemos un estatus econ\u00f3mico de normalidad, pero tambi\u00e9n de previsibilidad que aliente al sector privado a invertir para generar riquezas y crear empleo genuino&#8221;.<\/p>\n","protected":false},"excerpt":{"rendered":"<p>&#8220;Actuemos con racionalidad, con coraje, con visi\u00f3n estrat\u00e9gica, con honestidad y solidaridad para sacar a nuestra Argentina adelante&#8221;, exhort\u00f3 el gobernador Gustavo Vald\u00e9s al encabezar, en Yapey\u00fa, el acto de homenaje al Libertador General San Mart\u00edn a 173 a\u00f1os de su paso a la inmortalidad, al tiempo que en tono pol\u00edtico alert\u00f3: &#8220;El riesgo que [&hellip;]<\/p>\n","protected":false},"author":2,"featured_media":18376,"comment_status":"closed","ping_status":"closed","sticky":false,"template":"","format":"standard","meta":{"footnotes":""},"categories":[79],"tags":[],"class_list":{"0":"post-18375","1":"post","2":"type-post","3":"status-publish","4":"format-standard","5":"has-post-thumbnail","7":"category-politica"},"_links":{"self":[{"href":"https:\/\/radiobitacora.com.ar\/web\/wp-json\/wp\/v2\/posts\/18375","targetHints":{"allow":["GET"]}}],"collection":[{"href":"https:\/\/radiobitacora.com.ar\/web\/wp-json\/wp\/v2\/posts"}],"about":[{"href":"https:\/\/radiobitacora.com.ar\/web\/wp-json\/wp\/v2\/types\/post"}],"author":[{"embeddable":true,"href":"https:\/\/radiobitacora.com.ar\/web\/wp-json\/wp\/v2\/users\/2"}],"replies":[{"embeddable":true,"href":"https:\/\/radiobitacora.com.ar\/web\/wp-json\/wp\/v2\/comments?post=18375"}],"version-history":[{"count":0,"href":"https:\/\/radiobitacora.com.ar\/web\/wp-json\/wp\/v2\/posts\/18375\/revisions"}],"wp:featuredmedia":[{"embeddable":true,"href":"https:\/\/radiobitacora.com.ar\/web\/wp-json\/wp\/v2\/media\/18376"}],"wp:attachment":[{"href":"https:\/\/radiobitacora.com.ar\/web\/wp-json\/wp\/v2\/media?parent=18375"}],"wp:term":[{"taxonomy":"category","embeddable":true,"href":"https:\/\/radiobitacora.com.ar\/web\/wp-json\/wp\/v2\/categories?post=18375"},{"taxonomy":"post_tag","embeddable":true,"href":"https:\/\/radiobitacora.com.ar\/web\/wp-json\/wp\/v2\/tags?post=18375"}],"curies":[{"name":"wp","href":"https:\/\/api.w.org\/{rel}","templated":true}]}}