{"id":18387,"date":"2023-08-22T07:17:11","date_gmt":"2023-08-22T10:17:11","guid":{"rendered":"https:\/\/radiobitacora.com.ar\/web\/?p=18387"},"modified":"2023-08-22T07:17:11","modified_gmt":"2023-08-22T10:17:11","slug":"massa-viaja-a-washington-por-reuniones-con-el-fmi-el-bid-y-el-banco-mundial","status":"publish","type":"post","link":"https:\/\/radiobitacora.com.ar\/web\/2023\/08\/22\/massa-viaja-a-washington-por-reuniones-con-el-fmi-el-bid-y-el-banco-mundial\/","title":{"rendered":"MASSA VIAJA A WASHINGTON POR REUNIONES CON EL FMI, EL BID Y EL BANCO MUNDIAL"},"content":{"rendered":"<h3>El ministro de Econom\u00eda, Sergio Massa, mantendr\u00e1 a partir de este martes una nutrida agenda en Estados Unidos. Adem\u00e1s de entrevistarse con la titular del FMI, Kristalina Georgieva, tambi\u00e9n se reunir\u00e1 con importantes directivos del Banco Mundial, el Interamericano de Desarrollo (BID), y del gobierno y el Tesoro del pa\u00eds norteamericano.<\/h3>\n<p>El martes, Massa mantendr\u00e1 encuentros con la directora gerente de Operaciones del Banco Mundial, Anna Bjerde; el presidente del BID, Ilan Goldfanj, adem\u00e1s de los directivos del Tesoro de Estados Unidos Jay Shambaugh y Micahael Kaplan.<\/p>\n<p>Por la noche de esa jornada mantendr\u00e1 una cena con funcionarios del gobierno estadounidense.<\/p>\n<p>El ministro de Econom\u00eda argentino y candidato a presidente por Uni\u00f3n por la Patria se encontrar\u00e1 con Brian Nichols, funcionario del gobierno de Joe Biden para Asuntos de Am\u00e9rica Latina, en una jornada en la que la principal actividad ser\u00e1 el encuentro con Georgieva.<\/p>\n<p>En las reuniones, Massa estar\u00e1 acompa\u00f1ado por el jefe de asesores del Ministerio, Leonardo Macdur; el responsable de la Secretar\u00eda Legal y Administrativa de la cartera, Ricardo Casal, y el director del Indec, Marco Lavagna.<\/p>\n<p>El imprevisto viaje de Massa se conoci\u00f3 el jueves \u00faltimo en una jornada en la que el FMI comenz\u00f3 a tomar contacto con el candidato presidencial y ganador en las PASO, Javier Milei, de La Libertad Avanza.<\/p>\n<p>El organismo tambi\u00e9n se contact\u00f3 con Luciano Laspina, principal referente econ\u00f3mico de la candidata presidencial de Juntos por el Cambio (JxC), Patricia Bullrich.<\/p>\n<p>El imprevisto viaje de Massa se conoci\u00f3 el jueves luego de que el FMI tomara contacto con Javier Milei El mi\u00e9rcoles pr\u00f3ximo, el directorio del organismo multilateral de cr\u00e9dito se reunir\u00e1 para aprobar un desembolso de 7.500 millones de d\u00f3lares para la Argentina.<\/p>\n<p>El viaje del ministro y candidato se produce despu\u00e9s de que el Banco Central (BCRA) dispuso una devaluaci\u00f3n y una suba en las tasas de inter\u00e9s y se adoptaron medidas, reclamadas por el organismo, para frenar la fuerte escalada del d\u00f3lar.<\/p>\n<p>Las decisiones de pol\u00edtica monetaria y econ\u00f3mica fueron avaladas el lunes por Julie Kozack, directora de Comunicaciones del FMI, quien indic\u00f3: \u201cValoramos a las acciones de pol\u00edticas recientes de las autoridades y al compromiso de salvaguardar la estabilidad, reconstruir las reservas y fortalecer el orden fiscal\u201d.<\/p>\n<p>En la \u00faltima semana de julio, las autoridades argentinas y los t\u00e9cnicos del FMI llegaron a un acuerdo sobre la quinta y sexta revisi\u00f3n en el marco del acuerdo de Servicio Ampliado del Fondo Argentina, que implica la concreci\u00f3n del desembolso para fortalecer las reservas del Banco Central.<\/p>\n<p>Para noviembre se esperar\u00eda por otro desembolso de 3.250 millones de d\u00f3lares que eleve la cifra por encima de 10.000 millones de la moneda estadounidense, que a\u00fan no est\u00e1 confirmado.<\/p>\n<p>Si bien inicialmente el viaje de Massa estaba previsto para ir en busca del desembolso que el organismo aprobar\u00eda el pr\u00f3ximo mi\u00e9rcoles por u$s7500 millones, desde su equipo tambi\u00e9n dejaron trascender que buscar\u00e1 posicionarse como \u201cel garante de la estabilidad y el orden vs. lo impredecible de Milei\u201d.<\/p>\n<p>\u201cEl lunes pasado se dio el cisne negro que hizo que se pierdan 17 puntos en las acciones de las empresas argentinas. Massa es el puente de confianza que garantiza estabilidad democr\u00e1tica frente a lo impredecible de las ideas de Milei\u201d, dijeron.<\/p>\n<p><strong>La agenda completa<\/strong><br \/>\n<strong>-Martes 22<\/strong><br \/>\nReuni\u00f3n con Anna Bjerde directora gerente de Operaciones, Banco Mundial.<br \/>\nReuni\u00f3n con Ilan Goldfajn presidenta del BID.<br \/>\nReuni\u00f3n Jay Shambaugh y Michael Kaplan del Tesoro de EEUU.<br \/>\nCena junto a funcionarios de USA.<\/p>\n<p><strong>-Mi\u00e9rcoles 23<\/strong><br \/>\nReuni\u00f3n con Brian Nichols funcionario del gobierno de Joe Biden para asuntos de Am\u00e9rica Latina.<br \/>\nReuni\u00f3n con Kristalina Georgieva<\/p>\n","protected":false},"excerpt":{"rendered":"<p>El ministro de Econom\u00eda, Sergio Massa, mantendr\u00e1 a partir de este martes una nutrida agenda en Estados Unidos. Adem\u00e1s de entrevistarse con la titular del FMI, Kristalina Georgieva, tambi\u00e9n se reunir\u00e1 con importantes directivos del Banco Mundial, el Interamericano de Desarrollo (BID), y del gobierno y el Tesoro del pa\u00eds norteamericano. El martes, Massa mantendr\u00e1 [&hellip;]<\/p>\n","protected":false},"author":2,"featured_media":18388,"comment_status":"closed","ping_status":"closed","sticky":false,"template":"","format":"standard","meta":{"footnotes":""},"categories":[65],"tags":[],"class_list":{"0":"post-18387","1":"post","2":"type-post","3":"status-publish","4":"format-standard","5":"has-post-thumbnail","7":"category-economia"},"_links":{"self":[{"href":"https:\/\/radiobitacora.com.ar\/web\/wp-json\/wp\/v2\/posts\/18387","targetHints":{"allow":["GET"]}}],"collection":[{"href":"https:\/\/radiobitacora.com.ar\/web\/wp-json\/wp\/v2\/posts"}],"about":[{"href":"https:\/\/radiobitacora.com.ar\/web\/wp-json\/wp\/v2\/types\/post"}],"author":[{"embeddable":true,"href":"https:\/\/radiobitacora.com.ar\/web\/wp-json\/wp\/v2\/users\/2"}],"replies":[{"embeddable":true,"href":"https:\/\/radiobitacora.com.ar\/web\/wp-json\/wp\/v2\/comments?post=18387"}],"version-history":[{"count":0,"href":"https:\/\/radiobitacora.com.ar\/web\/wp-json\/wp\/v2\/posts\/18387\/revisions"}],"wp:featuredmedia":[{"embeddable":true,"href":"https:\/\/radiobitacora.com.ar\/web\/wp-json\/wp\/v2\/media\/18388"}],"wp:attachment":[{"href":"https:\/\/radiobitacora.com.ar\/web\/wp-json\/wp\/v2\/media?parent=18387"}],"wp:term":[{"taxonomy":"category","embeddable":true,"href":"https:\/\/radiobitacora.com.ar\/web\/wp-json\/wp\/v2\/categories?post=18387"},{"taxonomy":"post_tag","embeddable":true,"href":"https:\/\/radiobitacora.com.ar\/web\/wp-json\/wp\/v2\/tags?post=18387"}],"curies":[{"name":"wp","href":"https:\/\/api.w.org\/{rel}","templated":true}]}}