{"id":18399,"date":"2023-08-22T07:43:09","date_gmt":"2023-08-22T10:43:09","guid":{"rendered":"https:\/\/radiobitacora.com.ar\/web\/?p=18399"},"modified":"2023-08-22T07:43:09","modified_gmt":"2023-08-22T10:43:09","slug":"bullrich-llama-a-todos-los-aliados-para-un-acto-en-caba-y-espera-por-valdes","status":"publish","type":"post","link":"https:\/\/radiobitacora.com.ar\/web\/2023\/08\/22\/bullrich-llama-a-todos-los-aliados-para-un-acto-en-caba-y-espera-por-valdes\/","title":{"rendered":"Bullrich llama a todos los aliados para un acto en Caba y espera por Vald\u00e9s"},"content":{"rendered":"<p>El PRO diagrama la campa\u00f1a de Patricia Bullrich candidata a presidenta de Juntos por el Cambio. En ese sentido, confirmaron a El Litoral que esperan confirmaci\u00f3n de una nueva visita de la exministra de Seguridad en la gesti\u00f3n de Mauricio Macri, quien el jueves encabezar\u00e1 en un gran acto en Ciudad Aut\u00f3noma de Buenos Aires y para el que fue especialmente invitado el gobernador Gustavo Vald\u00e9s. El mandatario a\u00fan no confirm\u00f3 que asistir\u00e1.<\/p>\n<p>El jueves reunir\u00e1 a todo el plantel de diputados y senadores de Juntos por el Cambio, m\u00e1s aquellos que ser\u00e1n candidatos en las elecciones, y los gobernadores de la fuerza, para instruirlos respecto a c\u00f3mo quiere planificar la estrategia hacia octubre.<\/p>\n<p>Si bien no va a salir a pegarse mano a mano con Milei, intensificar\u00e1 su discurso y mantendr\u00e1 su fuerte cr\u00edtica al kirchnerismo.<\/p>\n<p>Bullrich saldr\u00e1 fuerte desde lo discursivo y el viernes ir\u00e1 a C\u00f3rdoba, ciudad estrat\u00e9gica en su campa\u00f1a, en la que a Juntos por el Cambio se le fue medio mill\u00f3n de votos si se compara la performance de Mauricio Macri en las Paso 2019.<\/p>\n<div class=\"container_publi\" data-tipo=\"tipo_desktop \" data-pos=\"AMP_P1_cuerpo\"><\/div>\n<p>El s\u00e1bado har\u00e1 una recorrida por la provincia de Buenos Aires, acompa\u00f1ada de dirigentes territoriales de las dos listas que compitieron en Juntos por el Cambio: la suya y la de Larreta, as\u00ed como tambi\u00e9n de intendentes o candidatos a serlo que se impusieron en las internas.<\/p>\n<p>Bullrich est\u00e1 convencida de que se le fueron votos hacia Milei en las \u00faltimas semanas por no haber sido del todo ella en esa recta final y haber tenido que lidiar con un fuerte internismo con Rodr\u00edguez Larreta por la propia Paso. A su entorno le dice: \u201cLa \u00fanica que puede dar vuelta esta situaci\u00f3n soy yo\u201d. Adem\u00e1s, prev\u00e9 una reuni\u00f3n con Macri para charlar personalmente sobre cu\u00e1l va a ser el rol del expresidente en la campa\u00f1a. \u201cMauricio va a estar, como todo Juntos por el Cambio, dej\u00f3 bien en claro que apoya a Patricia\u201d, cuentan quienes creen que el supuesto acercamiento que tuvo con Milei no fue tal y que fue pensado por el propio liberal para mojarle la oreja a Bullrich.<\/p>\n","protected":false},"excerpt":{"rendered":"<p>El PRO diagrama la campa\u00f1a de Patricia Bullrich candidata a presidenta de Juntos por el Cambio. En ese sentido, confirmaron a El Litoral que esperan confirmaci\u00f3n de una nueva visita de la exministra de Seguridad en la gesti\u00f3n de Mauricio Macri, quien el jueves encabezar\u00e1 en un gran acto en Ciudad Aut\u00f3noma de Buenos Aires [&hellip;]<\/p>\n","protected":false},"author":2,"featured_media":18400,"comment_status":"closed","ping_status":"closed","sticky":false,"template":"","format":"standard","meta":{"footnotes":""},"categories":[79],"tags":[],"class_list":{"0":"post-18399","1":"post","2":"type-post","3":"status-publish","4":"format-standard","5":"has-post-thumbnail","7":"category-politica"},"_links":{"self":[{"href":"https:\/\/radiobitacora.com.ar\/web\/wp-json\/wp\/v2\/posts\/18399","targetHints":{"allow":["GET"]}}],"collection":[{"href":"https:\/\/radiobitacora.com.ar\/web\/wp-json\/wp\/v2\/posts"}],"about":[{"href":"https:\/\/radiobitacora.com.ar\/web\/wp-json\/wp\/v2\/types\/post"}],"author":[{"embeddable":true,"href":"https:\/\/radiobitacora.com.ar\/web\/wp-json\/wp\/v2\/users\/2"}],"replies":[{"embeddable":true,"href":"https:\/\/radiobitacora.com.ar\/web\/wp-json\/wp\/v2\/comments?post=18399"}],"version-history":[{"count":0,"href":"https:\/\/radiobitacora.com.ar\/web\/wp-json\/wp\/v2\/posts\/18399\/revisions"}],"wp:featuredmedia":[{"embeddable":true,"href":"https:\/\/radiobitacora.com.ar\/web\/wp-json\/wp\/v2\/media\/18400"}],"wp:attachment":[{"href":"https:\/\/radiobitacora.com.ar\/web\/wp-json\/wp\/v2\/media?parent=18399"}],"wp:term":[{"taxonomy":"category","embeddable":true,"href":"https:\/\/radiobitacora.com.ar\/web\/wp-json\/wp\/v2\/categories?post=18399"},{"taxonomy":"post_tag","embeddable":true,"href":"https:\/\/radiobitacora.com.ar\/web\/wp-json\/wp\/v2\/tags?post=18399"}],"curies":[{"name":"wp","href":"https:\/\/api.w.org\/{rel}","templated":true}]}}