{"id":18436,"date":"2023-08-23T08:32:24","date_gmt":"2023-08-23T11:32:24","guid":{"rendered":"https:\/\/radiobitacora.com.ar\/web\/?p=18436"},"modified":"2023-08-23T08:32:24","modified_gmt":"2023-08-23T11:32:24","slug":"anibal-fernandez-anuncio-la-creacion-de-un-comando-unificado-contra-los-saqueos-y-se-despego-de-los-dichos-de-cerruti","status":"publish","type":"post","link":"https:\/\/radiobitacora.com.ar\/web\/2023\/08\/23\/anibal-fernandez-anuncio-la-creacion-de-un-comando-unificado-contra-los-saqueos-y-se-despego-de-los-dichos-de-cerruti\/","title":{"rendered":"An\u00edbal Fern\u00e1ndez anunci\u00f3 la creaci\u00f3n de un comando unificado contra los saqueos y se despeg\u00f3 de los dichos de Cerruti"},"content":{"rendered":"<p class=\"paragraph\" data-mrf-recirculation=\"Links inline\">El ministro de Seguridad,\u00a0<b>An\u00edbal Fern\u00e1ndez<\/b>, anunci\u00f3 que se conformar\u00e1<b>\u00a0un comando unificado<\/b> de las cuatro fuerzas federales (Polic\u00eda, Prefectura, Gendarmer\u00eda y PSA) para coordinar una estrategia com\u00fan contra los saqueos y hechos violentos que se produjeron en distintos puntos del pa\u00eds en las \u00faltimas horas.<\/p>\n<div data-mrf-experience=\"IL_buEKwXjlRQGm9_YcfWcWTA\">\n<div class=\"r19iimbq r1j2tbbj\">\n<div data-mrf-recirculation=\"IL_buEKwXjlRQGm9_YcfWcWTA\" data-testid=\"text-html\">\n<div class=\"news-container\">\n<div class=\"news-module\">\n<div class=\"recommended-card__info\"><span class=\"recommended-card__info-interest-you\">Te puede interesar:<\/span><span class=\"recommended-card__info-title\">La C\u00e1mara Argentina de Comercio repudi\u00f3 los intentos de saqueo: \u201cPretenden violentar la ley y provocar caos\u201d<\/span><\/p>\n<div class=\"recommended-card__info-button recommended-card__info-button--deportes\"><\/div>\n<\/div>\n<\/div>\n<\/div>\n<\/div>\n<\/div>\n<\/div>\n<p class=\"paragraph\" data-mrf-recirculation=\"Links inline\">\u201cVamos a reunirnos hoy para crear este comando integrado por las cuatro fuerzas y\u00a0<b>vamos a invitar a la Polic\u00eda de la Ciudad y a las polic\u00edas provinciales<\/b>\u201d, puntualiz\u00f3 el funcionario al ingresar a su oficina.<\/p>\n<p class=\"paragraph\" data-mrf-recirculation=\"Links inline\">Fern\u00e1ndez se despeg\u00f3 adem\u00e1s de las declaraciones de la portavoz presidencial, Gabriela Cerruti, quien en el d\u00eda de ayer acus\u00f3 a Javier Milei de fagocitar los robos en los supermercados.<\/p>\n<p class=\"paragraph\" data-mrf-recirculation=\"Links inline\">\u201cNo tenemos datos fidedignos para decir que fue fulano o mengano, yo no lo puedo decir, ahora si otra persona del gobierno lo hizo sabr\u00e1 por qu\u00e9 lo hizo\u201d, asegur\u00f3 Fern\u00e1ndez.<\/p>\n<p class=\"paragraph\" data-mrf-recirculation=\"Links inline\">El ministro tambi\u00e9n pareci\u00f3 tomar distancia del presidente Alberto Fern\u00e1ndez, quien hab\u00eda difundido en sus redes sociales las acusaciones planteadas por Cerruti. \u201cYo tengo 66 a\u00f1os, si vos quer\u00e9s saber qu\u00e9 piensa el Presidente, baj\u00e1s ac\u00e1, tom\u00e1s Libertador, lleg\u00e1s a Casa Rosada, lo esper\u00e1s y le dec\u00eds lo que quieras\u201d, asegur\u00f3 ante la pregunta de un periodista que se encontraba en la puerta de su oficina.<\/p>\n<p class=\"paragraph\" data-mrf-recirculation=\"Links inline\">Pese a no coincidir con las acusaciones de Cerruti contra Milei, Fern\u00e1ndez asegur\u00f3 que los ataques a los comercios \u201cno son espont\u00e1neo\u201d y existe \u201cuna vocaci\u00f3n de generar conflicto\u201d.<\/p>\n<p class=\"paragraph\" data-mrf-recirculation=\"Links inline\">\u201cEn el a\u00f1o 89, cuando aparecieron los saqueos, siempre me qued\u00f3 grabada la expresi\u00f3n de un se\u00f1or que dec\u00eda que \u00e9l sab\u00eda que lo que estaba haciendo estaba mal, pero sus pibes estaban con hambre. No es este caso, hay mil ventanillas\u00a0para resolver esto temas\u201d, agreg\u00f3.<\/p>\n","protected":false},"excerpt":{"rendered":"<p>El ministro de Seguridad,\u00a0An\u00edbal Fern\u00e1ndez, anunci\u00f3 que se conformar\u00e1\u00a0un comando unificado de las cuatro fuerzas federales (Polic\u00eda, Prefectura, Gendarmer\u00eda y PSA) para coordinar una estrategia com\u00fan contra los saqueos y hechos violentos que se produjeron en distintos puntos del pa\u00eds en las \u00faltimas horas. Te puede interesar:La C\u00e1mara Argentina de Comercio repudi\u00f3 los intentos de [&hellip;]<\/p>\n","protected":false},"author":2,"featured_media":18437,"comment_status":"closed","ping_status":"closed","sticky":false,"template":"","format":"standard","meta":{"footnotes":""},"categories":[79],"tags":[],"class_list":{"0":"post-18436","1":"post","2":"type-post","3":"status-publish","4":"format-standard","5":"has-post-thumbnail","7":"category-politica"},"_links":{"self":[{"href":"https:\/\/radiobitacora.com.ar\/web\/wp-json\/wp\/v2\/posts\/18436","targetHints":{"allow":["GET"]}}],"collection":[{"href":"https:\/\/radiobitacora.com.ar\/web\/wp-json\/wp\/v2\/posts"}],"about":[{"href":"https:\/\/radiobitacora.com.ar\/web\/wp-json\/wp\/v2\/types\/post"}],"author":[{"embeddable":true,"href":"https:\/\/radiobitacora.com.ar\/web\/wp-json\/wp\/v2\/users\/2"}],"replies":[{"embeddable":true,"href":"https:\/\/radiobitacora.com.ar\/web\/wp-json\/wp\/v2\/comments?post=18436"}],"version-history":[{"count":0,"href":"https:\/\/radiobitacora.com.ar\/web\/wp-json\/wp\/v2\/posts\/18436\/revisions"}],"wp:featuredmedia":[{"embeddable":true,"href":"https:\/\/radiobitacora.com.ar\/web\/wp-json\/wp\/v2\/media\/18437"}],"wp:attachment":[{"href":"https:\/\/radiobitacora.com.ar\/web\/wp-json\/wp\/v2\/media?parent=18436"}],"wp:term":[{"taxonomy":"category","embeddable":true,"href":"https:\/\/radiobitacora.com.ar\/web\/wp-json\/wp\/v2\/categories?post=18436"},{"taxonomy":"post_tag","embeddable":true,"href":"https:\/\/radiobitacora.com.ar\/web\/wp-json\/wp\/v2\/tags?post=18436"}],"curies":[{"name":"wp","href":"https:\/\/api.w.org\/{rel}","templated":true}]}}