{"id":18442,"date":"2023-08-24T09:57:56","date_gmt":"2023-08-24T12:57:56","guid":{"rendered":"https:\/\/radiobitacora.com.ar\/web\/?p=18442"},"modified":"2023-08-24T09:57:56","modified_gmt":"2023-08-24T12:57:56","slug":"54o-edicion-exposicion-rural-goya-2023","status":"publish","type":"post","link":"https:\/\/radiobitacora.com.ar\/web\/2023\/08\/24\/54o-edicion-exposicion-rural-goya-2023\/","title":{"rendered":"54\u00ba EDICI\u00d3N EXPOSICI\u00d3N RURAL GOYA 2023"},"content":{"rendered":"<h3><strong>Bajo el auspicio de Goya Ciudad y el Honorable Concejo Deliberante de la Municipalidad de Goya, se llevar\u00e1 a cabo la 54\u00ba Exposici\u00f3n Rural Goya 2023. Desde el 24 hasta el 27 de agosto, el Predio de la Sociedad Rural Goya se transformar\u00e1 en el epicentro de la exposici\u00f3n ganadera, industrial y comercial m\u00e1s destacada de la regi\u00f3n.<picture><source srcset=\"https:\/\/883radiociudad.gob.ar\/wp-content\/uploads\/2023\/08\/54-expo-RURAL-7-300x300.jpeg.webp 300w, https:\/\/883radiociudad.gob.ar\/wp-content\/uploads\/2023\/08\/54-expo-RURAL-7-1024x1024.jpeg.webp 1024w, https:\/\/883radiociudad.gob.ar\/wp-content\/uploads\/2023\/08\/54-expo-RURAL-7-150x150.jpeg.webp 150w, https:\/\/883radiociudad.gob.ar\/wp-content\/uploads\/2023\/08\/54-expo-RURAL-7-768x768.jpeg.webp 768w, https:\/\/883radiociudad.gob.ar\/wp-content\/uploads\/2023\/08\/54-expo-RURAL-7.jpeg.webp 1080w\" type=\"image\/webp\" sizes=\"300px\" data-srcset=\"https:\/\/883radiociudad.gob.ar\/wp-content\/uploads\/2023\/08\/54-expo-RURAL-7-300x300.jpeg.webp 300w, https:\/\/883radiociudad.gob.ar\/wp-content\/uploads\/2023\/08\/54-expo-RURAL-7-1024x1024.jpeg.webp 1024w, https:\/\/883radiociudad.gob.ar\/wp-content\/uploads\/2023\/08\/54-expo-RURAL-7-150x150.jpeg.webp 150w, https:\/\/883radiociudad.gob.ar\/wp-content\/uploads\/2023\/08\/54-expo-RURAL-7-768x768.jpeg.webp 768w, https:\/\/883radiociudad.gob.ar\/wp-content\/uploads\/2023\/08\/54-expo-RURAL-7.jpeg.webp 1080w\" \/><img loading=\"lazy\" decoding=\"async\" class=\"size-medium wp-image-44975 alignleft lazyautosizes lazyloaded\" src=\"https:\/\/883radiociudad.gob.ar\/wp-content\/uploads\/2023\/08\/54-expo-RURAL-7-300x300.jpeg\" sizes=\"auto, 300px\" srcset=\"https:\/\/883radiociudad.gob.ar\/wp-content\/uploads\/2023\/08\/54-expo-RURAL-7-300x300.jpeg 300w, https:\/\/883radiociudad.gob.ar\/wp-content\/uploads\/2023\/08\/54-expo-RURAL-7-1024x1024.jpeg 1024w, https:\/\/883radiociudad.gob.ar\/wp-content\/uploads\/2023\/08\/54-expo-RURAL-7-150x150.jpeg 150w, https:\/\/883radiociudad.gob.ar\/wp-content\/uploads\/2023\/08\/54-expo-RURAL-7-768x768.jpeg 768w, https:\/\/883radiociudad.gob.ar\/wp-content\/uploads\/2023\/08\/54-expo-RURAL-7.jpeg 1080w\" alt=\"\" width=\"300\" height=\"300\" data-eio=\"p\" data-src=\"https:\/\/883radiociudad.gob.ar\/wp-content\/uploads\/2023\/08\/54-expo-RURAL-7-300x300.jpeg\" data-srcset=\"https:\/\/883radiociudad.gob.ar\/wp-content\/uploads\/2023\/08\/54-expo-RURAL-7-300x300.jpeg 300w, https:\/\/883radiociudad.gob.ar\/wp-content\/uploads\/2023\/08\/54-expo-RURAL-7-1024x1024.jpeg 1024w, https:\/\/883radiociudad.gob.ar\/wp-content\/uploads\/2023\/08\/54-expo-RURAL-7-150x150.jpeg 150w, https:\/\/883radiociudad.gob.ar\/wp-content\/uploads\/2023\/08\/54-expo-RURAL-7-768x768.jpeg 768w, https:\/\/883radiociudad.gob.ar\/wp-content\/uploads\/2023\/08\/54-expo-RURAL-7.jpeg 1080w\" data-sizes=\"auto\" data-eio-rwidth=\"300\" data-eio-rheight=\"300\" \/><\/picture><\/strong><\/h3>\n<p>Este a\u00f1o, la invitaci\u00f3n se extiende a experimentar la vida rural en su plenitud a trav\u00e9s de la edici\u00f3n actual de la Muestra de Ganader\u00eda, Agricultura, Granja, Industria y Comercio.<\/p>\n<p><strong><u>PROGRAMA DE ACTIVIDADES<\/u><\/strong><\/p>\n<p><strong>MI\u00c9RCOLES 16 DE AGOSTO<\/strong><\/p>\n<ul>\n<li>18:00 h Jornada Ganadera: \u201cHemopar\u00e1sitos y garrapatas en bovinos\u201d \u2013 Mitos de la tris-teza bovina. (INTA)<\/li>\n<li>19:00 h Jornada Ganadera: \u201cHemopar\u00e1sitos y garrapatas en bovinos\u201d \u2013 Situaci\u00f3n actual de la garrapata en corrientes (resistencia y control). (INTA)<\/li>\n<\/ul>\n<p><strong>JUEVES 24 DE AGOSTO<\/strong><\/p>\n<ul>\n<li>08:00 h Apertura del predio \u2013 armado de stands<\/li>\n<li>08:00-20:00 h Ingreso de animales<\/li>\n<\/ul>\n<h3><strong><picture><source srcset=\"https:\/\/883radiociudad.gob.ar\/wp-content\/uploads\/2023\/08\/54-expo-RURAL-5-300x300.jpeg.webp 300w, https:\/\/883radiociudad.gob.ar\/wp-content\/uploads\/2023\/08\/54-expo-RURAL-5-1024x1024.jpeg.webp 1024w, https:\/\/883radiociudad.gob.ar\/wp-content\/uploads\/2023\/08\/54-expo-RURAL-5-150x150.jpeg.webp 150w, https:\/\/883radiociudad.gob.ar\/wp-content\/uploads\/2023\/08\/54-expo-RURAL-5-768x768.jpeg.webp 768w, https:\/\/883radiociudad.gob.ar\/wp-content\/uploads\/2023\/08\/54-expo-RURAL-5.jpeg.webp 1080w\" type=\"image\/webp\" sizes=\"300px\" data-srcset=\"https:\/\/883radiociudad.gob.ar\/wp-content\/uploads\/2023\/08\/54-expo-RURAL-5-300x300.jpeg.webp 300w, https:\/\/883radiociudad.gob.ar\/wp-content\/uploads\/2023\/08\/54-expo-RURAL-5-1024x1024.jpeg.webp 1024w, https:\/\/883radiociudad.gob.ar\/wp-content\/uploads\/2023\/08\/54-expo-RURAL-5-150x150.jpeg.webp 150w, https:\/\/883radiociudad.gob.ar\/wp-content\/uploads\/2023\/08\/54-expo-RURAL-5-768x768.jpeg.webp 768w, https:\/\/883radiociudad.gob.ar\/wp-content\/uploads\/2023\/08\/54-expo-RURAL-5.jpeg.webp 1080w\" \/><img loading=\"lazy\" decoding=\"async\" class=\"size-medium wp-image-44980 alignright lazyautosizes lazyloaded\" src=\"https:\/\/883radiociudad.gob.ar\/wp-content\/uploads\/2023\/08\/54-expo-RURAL-5-300x300.jpeg\" sizes=\"auto, 300px\" srcset=\"https:\/\/883radiociudad.gob.ar\/wp-content\/uploads\/2023\/08\/54-expo-RURAL-5-300x300.jpeg 300w, https:\/\/883radiociudad.gob.ar\/wp-content\/uploads\/2023\/08\/54-expo-RURAL-5-1024x1024.jpeg 1024w, https:\/\/883radiociudad.gob.ar\/wp-content\/uploads\/2023\/08\/54-expo-RURAL-5-150x150.jpeg 150w, https:\/\/883radiociudad.gob.ar\/wp-content\/uploads\/2023\/08\/54-expo-RURAL-5-768x768.jpeg 768w, https:\/\/883radiociudad.gob.ar\/wp-content\/uploads\/2023\/08\/54-expo-RURAL-5.jpeg 1080w\" alt=\"\" width=\"300\" height=\"300\" data-eio=\"p\" data-src=\"https:\/\/883radiociudad.gob.ar\/wp-content\/uploads\/2023\/08\/54-expo-RURAL-5-300x300.jpeg\" data-srcset=\"https:\/\/883radiociudad.gob.ar\/wp-content\/uploads\/2023\/08\/54-expo-RURAL-5-300x300.jpeg 300w, https:\/\/883radiociudad.gob.ar\/wp-content\/uploads\/2023\/08\/54-expo-RURAL-5-1024x1024.jpeg 1024w, https:\/\/883radiociudad.gob.ar\/wp-content\/uploads\/2023\/08\/54-expo-RURAL-5-150x150.jpeg 150w, https:\/\/883radiociudad.gob.ar\/wp-content\/uploads\/2023\/08\/54-expo-RURAL-5-768x768.jpeg 768w, https:\/\/883radiociudad.gob.ar\/wp-content\/uploads\/2023\/08\/54-expo-RURAL-5.jpeg 1080w\" data-sizes=\"auto\" data-eio-rwidth=\"300\" data-eio-rheight=\"300\" \/><\/picture><\/strong><\/h3>\n<p><strong>\u00a0<\/strong><\/p>\n<p><strong>VIERNES 25 DE AGOSTO<\/strong><\/p>\n<ul>\n<li>07:30 \u2013 14:00 h admisi\u00f3n de animales<\/li>\n<li>08:30 h Recepci\u00f3n de los colegios a cargo del Ateneo Sociedad Rural de Goya<\/li>\n<li>09:30 h Charla \u201cBienestar Animal en Ganader\u00eda. Las p\u00e9rdidas que no se ven. \u00bfC\u00f3mo evi-tarlas?\u201d \u2013 Ing. Agr\u00f3nomo, Ricardo Ignacio Consigli<\/li>\n<li>11:00 h Charla \u201cBienestar Animal. Como evitar p\u00e9rdidas de carne. Practica en corrales\u201d. \u2013 Ing. Agr\u00f3nomo, Ricardo Ignacio Consigli<\/li>\n<li>17:00 h Charla \u201cLa calidad carnicera del animal y de su carne van de la mano. Que nos falta para mejorar\u201d \u2013 Ing. Agr\u00f3nomo, Ricardo Ignacio Consigli<\/li>\n<li>18:30 h Charla \u201cEl dilema de la sucesi\u00f3n en las empresas familiares\u201d \u2013 Ing. Agr\u00f3nomo Martin Lesser<\/li>\n<li>20:00 h Charla \u201cDesaf\u00edos Econ\u00f3micos en Argentina, impactos en el campo\u201d \u2013 Ernesto A. O\u2019Connor (Economista Jefe de CRA)<\/li>\n<li>21:00 h Pe\u00f1a Chamam\u00e9 y Folclore de la Rural \u2013 (Gente de Ley, La Ra\u00edz Chamamecera, Malones)<picture><source srcset=\"https:\/\/883radiociudad.gob.ar\/wp-content\/uploads\/2023\/08\/54-expo-RURAL-2-300x300.jpeg.webp 300w, https:\/\/883radiociudad.gob.ar\/wp-content\/uploads\/2023\/08\/54-expo-RURAL-2-1024x1024.jpeg.webp 1024w, https:\/\/883radiociudad.gob.ar\/wp-content\/uploads\/2023\/08\/54-expo-RURAL-2-150x150.jpeg.webp 150w, https:\/\/883radiociudad.gob.ar\/wp-content\/uploads\/2023\/08\/54-expo-RURAL-2-768x768.jpeg.webp 768w, https:\/\/883radiociudad.gob.ar\/wp-content\/uploads\/2023\/08\/54-expo-RURAL-2.jpeg.webp 1080w\" type=\"image\/webp\" sizes=\"300px\" data-srcset=\"https:\/\/883radiociudad.gob.ar\/wp-content\/uploads\/2023\/08\/54-expo-RURAL-2-300x300.jpeg.webp 300w, https:\/\/883radiociudad.gob.ar\/wp-content\/uploads\/2023\/08\/54-expo-RURAL-2-1024x1024.jpeg.webp 1024w, https:\/\/883radiociudad.gob.ar\/wp-content\/uploads\/2023\/08\/54-expo-RURAL-2-150x150.jpeg.webp 150w, https:\/\/883radiociudad.gob.ar\/wp-content\/uploads\/2023\/08\/54-expo-RURAL-2-768x768.jpeg.webp 768w, https:\/\/883radiociudad.gob.ar\/wp-content\/uploads\/2023\/08\/54-expo-RURAL-2.jpeg.webp 1080w\" \/><img loading=\"lazy\" decoding=\"async\" class=\"size-medium wp-image-44981 alignright lazyautosizes lazyloaded\" src=\"https:\/\/883radiociudad.gob.ar\/wp-content\/uploads\/2023\/08\/54-expo-RURAL-2-300x300.jpeg\" sizes=\"auto, 300px\" srcset=\"https:\/\/883radiociudad.gob.ar\/wp-content\/uploads\/2023\/08\/54-expo-RURAL-2-300x300.jpeg 300w, https:\/\/883radiociudad.gob.ar\/wp-content\/uploads\/2023\/08\/54-expo-RURAL-2-1024x1024.jpeg 1024w, https:\/\/883radiociudad.gob.ar\/wp-content\/uploads\/2023\/08\/54-expo-RURAL-2-150x150.jpeg 150w, https:\/\/883radiociudad.gob.ar\/wp-content\/uploads\/2023\/08\/54-expo-RURAL-2-768x768.jpeg 768w, https:\/\/883radiociudad.gob.ar\/wp-content\/uploads\/2023\/08\/54-expo-RURAL-2.jpeg 1080w\" alt=\"\" width=\"300\" height=\"300\" data-eio=\"p\" data-src=\"https:\/\/883radiociudad.gob.ar\/wp-content\/uploads\/2023\/08\/54-expo-RURAL-2-300x300.jpeg\" data-srcset=\"https:\/\/883radiociudad.gob.ar\/wp-content\/uploads\/2023\/08\/54-expo-RURAL-2-300x300.jpeg 300w, https:\/\/883radiociudad.gob.ar\/wp-content\/uploads\/2023\/08\/54-expo-RURAL-2-1024x1024.jpeg 1024w, https:\/\/883radiociudad.gob.ar\/wp-content\/uploads\/2023\/08\/54-expo-RURAL-2-150x150.jpeg 150w, https:\/\/883radiociudad.gob.ar\/wp-content\/uploads\/2023\/08\/54-expo-RURAL-2-768x768.jpeg 768w, https:\/\/883radiociudad.gob.ar\/wp-content\/uploads\/2023\/08\/54-expo-RURAL-2.jpeg 1080w\" data-sizes=\"auto\" data-eio-rwidth=\"300\" data-eio-rheight=\"300\" \/><\/picture><\/li>\n<\/ul>\n<p><strong>S\u00c1BADO 26 DE AGOSTO<\/strong><\/p>\n<ul>\n<li>08:00 h Apertura del predio<\/li>\n<li>09:30 h Jura de Caballos Criollos (patio central) \u2013 Jurado: Alejandro Solanet<\/li>\n<li>10.30 h Jura de Ovinos (pista central) \u2013 Jurado: Domingo Emilio Aguilar<\/li>\n<li>11:00 h Jura corrales Senangus (pista central) \u2013 Jurado: Carlos Roldan<\/li>\n<li>11:30 h Jura corrales Brahman (pista central) \u2013 Jurado: Carlos Roldan<\/li>\n<li>14:00 h Jura corral Braford (pista central) \u2013 Juan Benitez<\/li>\n<li>15:00 h Jura bozal Braford (patio central) \u2013 Juan Benitez<\/li>\n<li>15:30 h Competencia aparte campero (pista de aparte campero)<\/li>\n<li>16:00 h Jura bozal Brahman (patio central) \u2013 Carlos Roldan<\/li>\n<li>19:00 h Entrega de premios<\/li>\n<li>21:00 h Fog\u00f3n y noche de bares<\/li>\n<\/ul>\n<p><strong>DOMINGO 27 DE AGOSTO<picture><source srcset=\"https:\/\/883radiociudad.gob.ar\/wp-content\/uploads\/2023\/08\/54-expo-RURAL-6-300x300.jpeg.webp 300w, https:\/\/883radiociudad.gob.ar\/wp-content\/uploads\/2023\/08\/54-expo-RURAL-6-1024x1024.jpeg.webp 1024w, https:\/\/883radiociudad.gob.ar\/wp-content\/uploads\/2023\/08\/54-expo-RURAL-6-150x150.jpeg.webp 150w, https:\/\/883radiociudad.gob.ar\/wp-content\/uploads\/2023\/08\/54-expo-RURAL-6-768x768.jpeg.webp 768w, https:\/\/883radiociudad.gob.ar\/wp-content\/uploads\/2023\/08\/54-expo-RURAL-6.jpeg.webp 1080w\" type=\"image\/webp\" sizes=\"300px\" data-srcset=\"https:\/\/883radiociudad.gob.ar\/wp-content\/uploads\/2023\/08\/54-expo-RURAL-6-300x300.jpeg.webp 300w, https:\/\/883radiociudad.gob.ar\/wp-content\/uploads\/2023\/08\/54-expo-RURAL-6-1024x1024.jpeg.webp 1024w, https:\/\/883radiociudad.gob.ar\/wp-content\/uploads\/2023\/08\/54-expo-RURAL-6-150x150.jpeg.webp 150w, https:\/\/883radiociudad.gob.ar\/wp-content\/uploads\/2023\/08\/54-expo-RURAL-6-768x768.jpeg.webp 768w, https:\/\/883radiociudad.gob.ar\/wp-content\/uploads\/2023\/08\/54-expo-RURAL-6.jpeg.webp 1080w\" \/><img loading=\"lazy\" decoding=\"async\" class=\"size-medium wp-image-44976 alignright lazyautosizes lazyloaded\" src=\"https:\/\/883radiociudad.gob.ar\/wp-content\/uploads\/2023\/08\/54-expo-RURAL-6-300x300.jpeg\" sizes=\"auto, 300px\" srcset=\"https:\/\/883radiociudad.gob.ar\/wp-content\/uploads\/2023\/08\/54-expo-RURAL-6-300x300.jpeg 300w, https:\/\/883radiociudad.gob.ar\/wp-content\/uploads\/2023\/08\/54-expo-RURAL-6-1024x1024.jpeg 1024w, https:\/\/883radiociudad.gob.ar\/wp-content\/uploads\/2023\/08\/54-expo-RURAL-6-150x150.jpeg 150w, https:\/\/883radiociudad.gob.ar\/wp-content\/uploads\/2023\/08\/54-expo-RURAL-6-768x768.jpeg 768w, https:\/\/883radiociudad.gob.ar\/wp-content\/uploads\/2023\/08\/54-expo-RURAL-6.jpeg 1080w\" alt=\"\" width=\"300\" height=\"300\" data-eio=\"p\" data-src=\"https:\/\/883radiociudad.gob.ar\/wp-content\/uploads\/2023\/08\/54-expo-RURAL-6-300x300.jpeg\" data-srcset=\"https:\/\/883radiociudad.gob.ar\/wp-content\/uploads\/2023\/08\/54-expo-RURAL-6-300x300.jpeg 300w, https:\/\/883radiociudad.gob.ar\/wp-content\/uploads\/2023\/08\/54-expo-RURAL-6-1024x1024.jpeg 1024w, https:\/\/883radiociudad.gob.ar\/wp-content\/uploads\/2023\/08\/54-expo-RURAL-6-150x150.jpeg 150w, https:\/\/883radiociudad.gob.ar\/wp-content\/uploads\/2023\/08\/54-expo-RURAL-6-768x768.jpeg 768w, https:\/\/883radiociudad.gob.ar\/wp-content\/uploads\/2023\/08\/54-expo-RURAL-6.jpeg 1080w\" data-sizes=\"auto\" data-eio-rwidth=\"300\" data-eio-rheight=\"300\" \/><\/picture>\u00a0<\/strong><\/p>\n<ul>\n<li>\n<ul>\n<li>08:00 h Apertura del predio<\/li>\n<li>11:45 h Recepci\u00f3n de autoridades<\/li>\n<li>12:00 h Almuerzo inaugural<\/li>\n<li>14:00 h Inauguraci\u00f3n 54\u00ba Exposici\u00f3n Rural Goya<\/li>\n<li>14:30 h Remate reproductores a cargo de la firma Reggi &amp; Cia.<\/li>\n<li>17:30 h Festival de la Rural: Los<\/li>\n<li>Semaneros, Jorge Alberto y sus Pr\u00edncipes, entre otros.<\/li>\n<\/ul>\n<\/li>\n<\/ul>\n","protected":false},"excerpt":{"rendered":"<p>Bajo el auspicio de Goya Ciudad y el Honorable Concejo Deliberante de la Municipalidad de Goya, se llevar\u00e1 a cabo la 54\u00ba Exposici\u00f3n Rural Goya 2023. Desde el 24 hasta el 27 de agosto, el Predio de la Sociedad Rural Goya se transformar\u00e1 en el epicentro de la exposici\u00f3n ganadera, industrial y comercial m\u00e1s destacada [&hellip;]<\/p>\n","protected":false},"author":2,"featured_media":18443,"comment_status":"closed","ping_status":"closed","sticky":false,"template":"","format":"standard","meta":{"footnotes":""},"categories":[1],"tags":[],"class_list":{"0":"post-18442","1":"post","2":"type-post","3":"status-publish","4":"format-standard","5":"has-post-thumbnail","7":"category-sin-categoria"},"_links":{"self":[{"href":"https:\/\/radiobitacora.com.ar\/web\/wp-json\/wp\/v2\/posts\/18442","targetHints":{"allow":["GET"]}}],"collection":[{"href":"https:\/\/radiobitacora.com.ar\/web\/wp-json\/wp\/v2\/posts"}],"about":[{"href":"https:\/\/radiobitacora.com.ar\/web\/wp-json\/wp\/v2\/types\/post"}],"author":[{"embeddable":true,"href":"https:\/\/radiobitacora.com.ar\/web\/wp-json\/wp\/v2\/users\/2"}],"replies":[{"embeddable":true,"href":"https:\/\/radiobitacora.com.ar\/web\/wp-json\/wp\/v2\/comments?post=18442"}],"version-history":[{"count":0,"href":"https:\/\/radiobitacora.com.ar\/web\/wp-json\/wp\/v2\/posts\/18442\/revisions"}],"wp:featuredmedia":[{"embeddable":true,"href":"https:\/\/radiobitacora.com.ar\/web\/wp-json\/wp\/v2\/media\/18443"}],"wp:attachment":[{"href":"https:\/\/radiobitacora.com.ar\/web\/wp-json\/wp\/v2\/media?parent=18442"}],"wp:term":[{"taxonomy":"category","embeddable":true,"href":"https:\/\/radiobitacora.com.ar\/web\/wp-json\/wp\/v2\/categories?post=18442"},{"taxonomy":"post_tag","embeddable":true,"href":"https:\/\/radiobitacora.com.ar\/web\/wp-json\/wp\/v2\/tags?post=18442"}],"curies":[{"name":"wp","href":"https:\/\/api.w.org\/{rel}","templated":true}]}}