{"id":18448,"date":"2023-08-24T11:01:12","date_gmt":"2023-08-24T14:01:12","guid":{"rendered":"https:\/\/radiobitacora.com.ar\/web\/?p=18448"},"modified":"2023-08-24T11:01:12","modified_gmt":"2023-08-24T14:01:12","slug":"ser-parte-de-los-brics-nos-fortalece-el-mensaje-de-alberto-fernandez","status":"publish","type":"post","link":"https:\/\/radiobitacora.com.ar\/web\/2023\/08\/24\/ser-parte-de-los-brics-nos-fortalece-el-mensaje-de-alberto-fernandez\/","title":{"rendered":"&#8220;Ser parte de los BRICS nos fortalece&#8221;: el mensaje de Alberto Fern\u00e1ndez"},"content":{"rendered":"<p>El presidente Alberto Fern\u00e1ndez emiti\u00f3 un mensaje grabado en la Quinta Presidencial de Olivos para informar y celebrar el ingreso de la Argentina a la alianza de pa\u00edses BRICS. &#8220;Ser parte de los BRICS nos fortalece&#8221;, destac\u00f3 el mandatario.<\/p>\n<p>&nbsp;<\/p>\n<p>&#8220;Se abre un nuevo escenario para la Argentina, vamos a ser protagonistas de un destino com\u00fan en un bloque que representa m\u00e1s del 40% de la poblaci\u00f3n mundial&#8221;, destac\u00f3 el mandatario respecto a la incorporaci\u00f3n a este bloque econ\u00f3mica-comercial.<\/p>\n<p>&nbsp;<\/p>\n<p>Fern\u00e1ndez dijo que al mismo, la Argentina sigue fortaleciendo las relaciones con otros pa\u00edses del mundo. &#8220;Argentina fue, es y ser\u00e1 un pa\u00eds integracionista, es una pol\u00edtica de Estado buscar la integraci\u00f3n con diferentes instancias a nivel regional y mundial, porque est\u00e1 probado que de ese modo aumentamos nuestras posibilidades de abrir nuevos mercados, de consolidar los mercados existentes, de favorecer los flujos de inversi\u00f3n creando empleo, de aumentar las exportaciones y de desarrollar la aplicaci\u00f3n de nuevas y mejores tecnolog\u00edas&#8221;, asegur\u00f3.<\/p>\n<div class=\"external\">\n<blockquote class=\"instagram-media\" data-instgrm-captioned=\"\" data-instgrm-permalink=\"https:\/\/www.instagram.com\/reel\/CwUzfShBUG2\/?utm_source=ig_embed&amp;amp;utm_campaign=loading\" data-instgrm-version=\"14\">\n<div>\n<div>\n<div><\/div>\n<div>\n<div><\/div>\n<div><\/div>\n<\/div>\n<\/div>\n<div><\/div>\n<div><\/div>\n<div>\n<div>Ver esta publicaci\u00f3n en Instagram<\/div>\n<\/div>\n<div><\/div>\n<div>\n<div>\n<div><\/div>\n<div><\/div>\n<div><\/div>\n<\/div>\n<div>\n<div><\/div>\n<div><\/div>\n<\/div>\n<div>\n<div><\/div>\n<div><\/div>\n<div><\/div>\n<\/div>\n<\/div>\n<div>\n<div><\/div>\n<div><\/div>\n<\/div>\n<p><a href=\"https:\/\/www.instagram.com\/reel\/CwUzfShBUG2\/?utm_source=ig_embed&amp;amp;utm_campaign=loading\" target=\"_blank\" rel=\"noopener\">Una publicaci\u00f3n compartida de Alberto Ferna\u0301ndez (@alferdezok)<\/a><\/p>\n<\/div>\n<\/blockquote>\n<\/div>\n<p>&nbsp;<\/p>\n<p>&#8220;Tiene sentido que nuestro pa\u00eds se incorpore a los BRICS porque cuatro provincias tienen como principal socio comercial a Brasil, otras ocho a China; para San Juan y Santa Fe es la India el primer destino de sus productos exportables&#8221;, justific\u00f3.<\/p>\n<p>&nbsp;<\/p>\n<p>Fueron m\u00e1s de 60 las naciones que presentaron su solicitud de incorporaci\u00f3n y el bloque acord\u00f3 solo el ingreso de Argentina junto a Arabia Saud\u00ed, Egipto, Etiop\u00eda, Emiratos \u00c1rabes Unidos e Ir\u00e1n.<\/p>\n","protected":false},"excerpt":{"rendered":"<p>El presidente Alberto Fern\u00e1ndez emiti\u00f3 un mensaje grabado en la Quinta Presidencial de Olivos para informar y celebrar el ingreso de la Argentina a la alianza de pa\u00edses BRICS. &#8220;Ser parte de los BRICS nos fortalece&#8221;, destac\u00f3 el mandatario. &nbsp; &#8220;Se abre un nuevo escenario para la Argentina, vamos a ser protagonistas de un destino [&hellip;]<\/p>\n","protected":false},"author":2,"featured_media":18449,"comment_status":"closed","ping_status":"closed","sticky":false,"template":"","format":"standard","meta":{"footnotes":""},"categories":[79],"tags":[],"class_list":{"0":"post-18448","1":"post","2":"type-post","3":"status-publish","4":"format-standard","5":"has-post-thumbnail","7":"category-politica"},"_links":{"self":[{"href":"https:\/\/radiobitacora.com.ar\/web\/wp-json\/wp\/v2\/posts\/18448","targetHints":{"allow":["GET"]}}],"collection":[{"href":"https:\/\/radiobitacora.com.ar\/web\/wp-json\/wp\/v2\/posts"}],"about":[{"href":"https:\/\/radiobitacora.com.ar\/web\/wp-json\/wp\/v2\/types\/post"}],"author":[{"embeddable":true,"href":"https:\/\/radiobitacora.com.ar\/web\/wp-json\/wp\/v2\/users\/2"}],"replies":[{"embeddable":true,"href":"https:\/\/radiobitacora.com.ar\/web\/wp-json\/wp\/v2\/comments?post=18448"}],"version-history":[{"count":0,"href":"https:\/\/radiobitacora.com.ar\/web\/wp-json\/wp\/v2\/posts\/18448\/revisions"}],"wp:featuredmedia":[{"embeddable":true,"href":"https:\/\/radiobitacora.com.ar\/web\/wp-json\/wp\/v2\/media\/18449"}],"wp:attachment":[{"href":"https:\/\/radiobitacora.com.ar\/web\/wp-json\/wp\/v2\/media?parent=18448"}],"wp:term":[{"taxonomy":"category","embeddable":true,"href":"https:\/\/radiobitacora.com.ar\/web\/wp-json\/wp\/v2\/categories?post=18448"},{"taxonomy":"post_tag","embeddable":true,"href":"https:\/\/radiobitacora.com.ar\/web\/wp-json\/wp\/v2\/tags?post=18448"}],"curies":[{"name":"wp","href":"https:\/\/api.w.org\/{rel}","templated":true}]}}