{"id":18457,"date":"2023-08-24T11:22:52","date_gmt":"2023-08-24T14:22:52","guid":{"rendered":"https:\/\/radiobitacora.com.ar\/web\/?p=18457"},"modified":"2023-08-24T11:22:52","modified_gmt":"2023-08-24T14:22:52","slug":"putin-y-prigozhin-muerte-terror-y-dudas-en-el-cielo-de-moscu","status":"publish","type":"post","link":"https:\/\/radiobitacora.com.ar\/web\/2023\/08\/24\/putin-y-prigozhin-muerte-terror-y-dudas-en-el-cielo-de-moscu\/","title":{"rendered":"Putin y Prigozhin: muerte, terror y dudas en el cielo de Mosc\u00fa"},"content":{"rendered":"<p class=\"paragraph\" data-mrf-recirculation=\"Links inline\">Despu\u00e9s del abierto desaf\u00edo que encabez\u00f3\u00a0<b>Yevgeny Prigozhin\u00a0<\/b>el 22 y 23 de junio, se cre\u00eda que\u00a0<a href=\"https:\/\/www.infobae.com\/america\/mundo\/2023\/06\/27\/vladimir-putin-no-es-pedro-el-grande-los-agujeros-negros-y-la-guerra-en-moscu\/\" target=\"_blank\" rel=\"noopener noreferrer\" data-mrf-link=\"https:\/\/www.infobae.com\/america\/mundo\/2023\/06\/27\/vladimir-putin-no-es-pedro-el-grande-los-agujeros-negros-y-la-guerra-en-moscu\/\"><b>Vladimir Putin\u00a0<\/b>deb\u00eda actuar r\u00e1pido para evitar as\u00ed que su debilidad fuera aprovechada por m\u00e1s enemigos internos<\/a>. El jefe del\u00a0<b>Kremlin\u00a0<\/b>pareci\u00f3 zigzaguear y sus idas y venidas respecto a c\u00f3mo tratar al \u201ctraidor\u201d del\u00a0<b>Grupo Wagner\u00a0<\/b>alimentaban esa imagen de soledad. Pero\u00a0<b>Putin\u00a0<\/b>ten\u00eda otros planes, al parecer. Esper\u00f3 exactamente dos meses y un supuesto accidente -en proceso de investigaci\u00f3n- hizo el resto del trabajo:\u00a0<a href=\"https:\/\/www.infobae.com\/america\/mundo\/2023\/08\/23\/murio-yevgeny-prigozhin-el-jefe-del-grupo-wagner-en-un-accidente-aereo\/\" target=\"_blank\" rel=\"noopener noreferrer\" data-mrf-link=\"https:\/\/www.infobae.com\/america\/mundo\/2023\/08\/23\/murio-yevgeny-prigozhin-el-jefe-del-grupo-wagner-en-un-accidente-aereo\/\">su ex aliado, su ex mercenario, su ex chef, su ex oligarca, muri\u00f3<\/a>.<\/p>\n<p class=\"paragraph\" data-mrf-recirculation=\"Links inline\"><a href=\"https:\/\/www.infobae.com\/america\/mundo\/2023\/08\/23\/dos-meses-despues-del-motin-del-grupo-wagner-rusia-admitio-que-fue-cesado-sergei-surovikin-el-general-armagedon\/\" target=\"_blank\" rel=\"noopener noreferrer\" data-mrf-link=\"https:\/\/www.infobae.com\/america\/mundo\/2023\/08\/23\/dos-meses-despues-del-motin-del-grupo-wagner-rusia-admitio-que-fue-cesado-sergei-surovikin-el-general-armagedon\/\">Ocurri\u00f3 el mismo d\u00eda en que se inform\u00f3 el destino de otro conspirador:\u00a0<b>Sergei Surovikin<\/b><\/a>. El \u201cGeneral Armaged\u00f3n\u201d, como se conoc\u00eda a este sanguinario militar, fue despedido de sus funciones y obligado a tomarse unas vacaciones eternas.\u00a0<b>Estuvo desaparecido dos meses<\/b>. Ya no es m\u00e1s el jefe de las\u00a0<b>Fuerzas Aeroespaciales<\/b>. Pasar\u00e1 a ser protagonista de un largo ostracismo. No se sabe si su jubilaci\u00f3n ser\u00e1 en\u00a0<b>Siberia<\/b>, como sol\u00eda ser en tiempos sovi\u00e9ticos. Pero de poco importa. As\u00ed son las purgas.<\/p>\n<p class=\"paragraph\" data-mrf-recirculation=\"Links inline\">Muerte y destierro fueron el costo que pagaron los principales actores de la sublevaci\u00f3n que humill\u00f3 a\u00a0<b>Mosc\u00fa<\/b>.<\/p>\n<p class=\"paragraph\" data-mrf-recirculation=\"Links inline\">Esta vez no fue un t\u00e9 o un caf\u00e9 agrio, ni un sobre contaminado, ni una ventana abierta o una interminable escalera. Fue una operaci\u00f3n mucho m\u00e1s quir\u00fargica y elaboada teniendo en cuenta el blanco.\u00a0<b>Prigozhin\u00a0<\/b>no era un hombre que corriera riesgos innecesarios o no se ocupara detalladamente de su seguridad. Y los vuelos lo obsesionaban.\u00a0<b>Ten\u00eda incontables enemigos, no s\u00f3lo en el Kremlin, sino en todo el mundo<\/b>: Siria, Mali, Rep\u00fablica Centroafricana, Sud\u00e1n, Ucrania. Sus m\u00e9todos hab\u00edan atravesado gran parte del mundo gracias a los contratos de protecci\u00f3n -y destrucci\u00f3n- que le consegu\u00eda\u00a0<b>Putin<\/b>.<\/p>\n<p class=\"paragraph\" data-mrf-recirculation=\"Links inline\">Resulta muy extra\u00f1o, entonces,\u00a0<b>el plan de vuelo\u00a0<\/b>elegido por el jerarca mercenario este 23 de agosto. S\u00f3lo dos personas conoc\u00edan en cu\u00e1l de los dos aviones de negocios bajo su propiedad subir\u00eda\u00a0<b>Prigozhin<\/b>: su jefe de log\u00edstica y su custodio personal. Esa rutina se repet\u00eda siempre. Religiosamente. Ning\u00fan otro miembro del\u00a0<b>Grupo Wagner\u00a0<\/b>conoc\u00eda d\u00f3nde, cu\u00e1ndo ni en qu\u00e9 veh\u00edculo volar\u00eda. Incluso sol\u00eda hacer cambios de \u00faltimo momento para desconcertar a sus dos hombres de confianza. \u201c<i><b>Vamos en el otro avi\u00f3n<\/b><\/i>\u201d, ordenaba.<\/p>\n<p class=\"paragraph\" data-mrf-recirculation=\"Links inline\">Pero otros puntos levantan sospechas. Por un lado, parecer\u00eda poco sensato que un hombre sobre el cual pesa una\u00a0<b>condena de muerte t\u00e1cita\u00a0<\/b>informe con precisi\u00f3n el listado de los nombres de todos los integrantes del vuelo del cual participaba, inclu\u00eddo el suyo. Odiosas comparaciones: \u00bfalguien imagina a\u00a0<b>Osama Bin Laden\u00a0<\/b>o a\u00a0<b>Joaqu\u00edn \u201cEl Chapo\u201d Guzm\u00e1n\u00a0<\/b>completando esos datos para informar que est\u00e1 cruzando una frontera? El listado con los pasajeros y la hoja de ruta estaba en poder del\u00a0<b>Kremlin<\/b>.<\/p>\n<p class=\"paragraph\" data-mrf-recirculation=\"Links inline\">Otro inc\u00f3modo interrogante tiene que ver justamente con el resto de los pasajeros de ese vuelo:\u00a0<b>Dmitry Utkin\u00a0<\/b>-segundo al mando de\u00a0<b>Wagner\u00a0<\/b>y mano derecha de\u00a0<b>Prigozhin<\/b>-,\u00a0<b>Valeriy Chekalov<\/b>,\u00a0<b>Sergey Propustin<\/b>,\u00a0<b>Evgeniy Makaryan<\/b>,\u00a0<b>Aleksandr Totmin\u00a0<\/b>y\u00a0<b>Nikolay Matuseev<\/b>. Un listado de nombres demasiado tentador para cualquier enemigo de los mercenarios. No parece ser muy inteligente que toda la c\u00fapula \u201cwagnerita\u201d se traslade en un mismo avi\u00f3n. No s\u00f3lo por el temor a ser alcanzado por un misil, sino incluso por la prudencia de evitar precipitarse a tierra en un accidente genuino.<\/p>\n<p class=\"paragraph\" data-mrf-recirculation=\"Links inline\"><a href=\"https:\/\/www.infobae.com\/america\/mundo\/2023\/08\/21\/yevgeny-prigozhin-reaparecio-en-un-video-desde-africa-y-dijo-que-estan-reclutando-mercenarios-solo-contratamos-a-autenticos-guerreros\/\" target=\"_blank\" rel=\"noopener noreferrer\" data-mrf-link=\"https:\/\/www.infobae.com\/america\/mundo\/2023\/08\/21\/yevgeny-prigozhin-reaparecio-en-un-video-desde-africa-y-dijo-que-estan-reclutando-mercenarios-solo-contratamos-a-autenticos-guerreros\/\"><b>Prigozhin\u00a0<\/b>hab\u00eda aparecido dos d\u00edas antes, en su canal de\u00a0<i>Telegram<\/i>, anunciando que estaba en\u00a0<b>Mal\u00ed<\/b><\/a>, donde su corporaci\u00f3n militar tiene contratos millonarios. Hac\u00eda tiempo que no se lo ve\u00eda. \u201c<b>Cumpliendo nuestro deber. La temperatura supera los 50 grados. Tal y como nos gusta. El grupo Wagner realiza actividades de reconocimiento y b\u00fasqueda. Hace que Rusia sea a\u00fan m\u00e1s grande en todos los continentes y que \u00c1frica sea a\u00fan m\u00e1s libre. Justicia y felicidad para los pueblos africanos<\/b>\u201d, dijo el ejecutivo uniformado. \u201c<b>S\u00f3lo contratamos verdaderos guerreros<\/b>\u201d, a\u00f1adi\u00f3. Su aparici\u00f3n en tierra \u00e1rida, tal como mostraba la escenograf\u00eda, serv\u00eda para demostrar que estaba vivo y activo. Dos d\u00edas despu\u00e9s, a miles de kil\u00f3metros de all\u00ed, sufrir\u00eda la ca\u00edda de su avi\u00f3n.<\/p>\n<p class=\"paragraph\" data-mrf-recirculation=\"Links inline\">Ese mismo canal de\u00a0<i>Telegram\u00a0<\/i>sigue funcionando. En las primeras horas del jueves, menos de 24 horas despu\u00e9s de declararse oficialmente su muerte, sembr\u00f3 dudas sobre la veracidad del hecho. \u201c<i><b>Varios periodistas africanos, difundieron informes de \u2018testigos oculares\u2019 que supuestamente vieron hoy al jefe de la PMC Wagner Yevgeny Prigozhin en Mal\u00ed<\/b><\/i>\u201d, se\u00f1alan los responsables de difundir las noticias de su antiguo jefe. Aseguran que el patr\u00f3n se encontraba en el segundo avi\u00f3n que recorr\u00eda\u00a0<b>Mosc\u00fa<\/b>: \u00bffinalmente recurri\u00f3 a su viejo artilugio de cambiar de nave a \u00faltimo momento? En 24 horas se conocer\u00eda la verdad.<\/p>\n<p class=\"paragraph\" data-mrf-recirculation=\"Links inline\">Otra versi\u00f3n que difunde ese mismo medio: \u201c<i><b>Los cuerpos de los fallecidos en el accidente a\u00e9reo, incluido, presumiblemente, el de Yevgeny Prigozhin, no son identificables visualmente debido a las graves deformaciones sufridas como consecuencia de la explosi\u00f3n y el incendio. As\u00ed lo informa una fuente de la morgue. Sin embargo, seg\u00fan indicios indirectos los expertos siguen diciendo que Prigozhin est\u00e1 entre los muertos. La pericia gen\u00e9tica lo establecer\u00e1 con mayor precisi\u00f3n<\/b><\/i>\u201d. No est\u00e1 claro si los empleados de Wagner guardan esperanzas, tienen informaci\u00f3n o s\u00f3lo intentan mantener su trabajo.<\/p>\n<p class=\"paragraph\" data-mrf-recirculation=\"Links inline\"><b>Putin<\/b>, en tanto, recompuso su poder. Sustentado en el terror. Los conspiradores del\u00a0<b>Kremlin\u00a0<\/b>pensar\u00e1n dos veces -presumiblemente muchas m\u00e1s- antes de iniciar alg\u00fan operativo que deje por la mitad el trabajo.\u00a0<b>Bill Burns<\/b>, director de la\u00a0<b>CIA<\/b>, hab\u00eda anticipado este escenario: \u201c<a href=\"https:\/\/www.infobae.com\/estados-unidos\/2023\/07\/21\/el-director-de-la-cia-advirtio-que-el-jefe-de-wagner-deberia-cuidarse-putin-es-el-maximo-apostol-de-la-venganza\/\" target=\"_blank\" rel=\"noopener noreferrer\" data-mrf-link=\"https:\/\/www.infobae.com\/estados-unidos\/2023\/07\/21\/el-director-de-la-cia-advirtio-que-el-jefe-de-wagner-deberia-cuidarse-putin-es-el-maximo-apostol-de-la-venganza\/\"><b>Putin es el m\u00e1ximo ap\u00f3stol de la venganza<\/b><\/a>\u201d, dijo hace exactamente un mes atr\u00e1s. Tambi\u00e9n le recomend\u00f3 a\u00a0<b>Prigozhin\u00a0<\/b>cuidar sus espaldas.<\/p>\n<p class=\"paragraph\" data-mrf-recirculation=\"Links inline\">Para\u00a0<i>The Economist<\/i>, el ex agente de la\u00a0<b>KGB\u00a0<\/b>consolida su figura internamente, pero a un alto costo: \u201c<b>Estos m\u00e9todos tambi\u00e9n han socavado la noci\u00f3n de que Rusia es un Estado regular, exponiendo el r\u00e9gimen de Putin como una empresa mafiosa impulsada por caprichos personales y enemistades de sangre<\/b>\u201d. Y advierte: \u201c<b>La muerte de Prigozhin podr\u00eda ayudar a consolidar el poder de Putin. Pero tambi\u00e9n podr\u00eda reforzar el mito del l\u00edder de Wagner como patriota que dice la verdad, y desestabilizar a los partidarios de la guerra alienando a sus seguidores y defensores<\/b>\u201d.<\/p>\n<p class=\"paragraph\" data-mrf-recirculation=\"Links inline\">Ayer, al oficilizarse la muerte de\u00a0<b>Prigozhin<\/b>,\u00a0<b>Putin\u00a0<\/b>retorn\u00f3 a\u00a0<b>Mosc\u00fa\u00a0<\/b>de urgencia luego de participar de un acto por los 80 a\u00f1os de la batalla de\u00a0<b>Kursk<\/b>, una victoria clave y estrat\u00e9gica de la\u00a0<b>Uni\u00f3n Sovi\u00e9tica\u00a0<\/b>sobre\u00a0<b>Adolf Hitler<\/b>, cuya admiraci\u00f3n por\u00a0<b>Richard Wagner\u00a0<\/b>era absoluta. Iron\u00edas que se permite la pol\u00edtica -y el terror- en\u00a0<b>Mosc\u00fa<\/b>.<\/p>\n","protected":false},"excerpt":{"rendered":"<p>Despu\u00e9s del abierto desaf\u00edo que encabez\u00f3\u00a0Yevgeny Prigozhin\u00a0el 22 y 23 de junio, se cre\u00eda que\u00a0Vladimir Putin\u00a0deb\u00eda actuar r\u00e1pido para evitar as\u00ed que su debilidad fuera aprovechada por m\u00e1s enemigos internos. El jefe del\u00a0Kremlin\u00a0pareci\u00f3 zigzaguear y sus idas y venidas respecto a c\u00f3mo tratar al \u201ctraidor\u201d del\u00a0Grupo Wagner\u00a0alimentaban esa imagen de soledad. Pero\u00a0Putin\u00a0ten\u00eda otros planes, al [&hellip;]<\/p>\n","protected":false},"author":2,"featured_media":18458,"comment_status":"closed","ping_status":"closed","sticky":false,"template":"","format":"standard","meta":{"footnotes":""},"categories":[79],"tags":[],"class_list":{"0":"post-18457","1":"post","2":"type-post","3":"status-publish","4":"format-standard","5":"has-post-thumbnail","7":"category-politica"},"_links":{"self":[{"href":"https:\/\/radiobitacora.com.ar\/web\/wp-json\/wp\/v2\/posts\/18457","targetHints":{"allow":["GET"]}}],"collection":[{"href":"https:\/\/radiobitacora.com.ar\/web\/wp-json\/wp\/v2\/posts"}],"about":[{"href":"https:\/\/radiobitacora.com.ar\/web\/wp-json\/wp\/v2\/types\/post"}],"author":[{"embeddable":true,"href":"https:\/\/radiobitacora.com.ar\/web\/wp-json\/wp\/v2\/users\/2"}],"replies":[{"embeddable":true,"href":"https:\/\/radiobitacora.com.ar\/web\/wp-json\/wp\/v2\/comments?post=18457"}],"version-history":[{"count":0,"href":"https:\/\/radiobitacora.com.ar\/web\/wp-json\/wp\/v2\/posts\/18457\/revisions"}],"wp:featuredmedia":[{"embeddable":true,"href":"https:\/\/radiobitacora.com.ar\/web\/wp-json\/wp\/v2\/media\/18458"}],"wp:attachment":[{"href":"https:\/\/radiobitacora.com.ar\/web\/wp-json\/wp\/v2\/media?parent=18457"}],"wp:term":[{"taxonomy":"category","embeddable":true,"href":"https:\/\/radiobitacora.com.ar\/web\/wp-json\/wp\/v2\/categories?post=18457"},{"taxonomy":"post_tag","embeddable":true,"href":"https:\/\/radiobitacora.com.ar\/web\/wp-json\/wp\/v2\/tags?post=18457"}],"curies":[{"name":"wp","href":"https:\/\/api.w.org\/{rel}","templated":true}]}}