{"id":18463,"date":"2023-08-24T11:40:04","date_gmt":"2023-08-24T14:40:04","guid":{"rendered":"https:\/\/radiobitacora.com.ar\/web\/?p=18463"},"modified":"2023-08-24T11:40:04","modified_gmt":"2023-08-24T14:40:04","slug":"unica-en-el-mundo-nacio-una-jirafa-sin-manchas","status":"publish","type":"post","link":"https:\/\/radiobitacora.com.ar\/web\/2023\/08\/24\/unica-en-el-mundo-nacio-una-jirafa-sin-manchas\/","title":{"rendered":"\u00danica en el mundo: naci\u00f3 una jirafa sin manchas"},"content":{"rendered":"<article class=\"article-body article-body--first-paragraph content-protected-false\" data-td-script-src=\"https:\/\/www.ambito.com\/td\/modulos\/encuestas\/js\/function-embeds-min-version-1660312110.js\">La naturaleza sigue sorprendiendo: luego de que\u00a0<strong>Nicaragua<\/strong>\u00a0se vea revolucionada por el nacimiento de un<strong>\u00a0<a href=\"https:\/\/www.ambito.com\/informacion-general\/nicaragua-revolucionada-el-nacimiento-un-puma-albino-n5802471\" target=\"_blank\" rel=\"follow noopener\">puma albino blanco<\/a><\/strong>\u00a0en el\u00a0<strong><a href=\"https:\/\/www.ambito.com\/informacion-general\/un-humano-disfrazado-oso-la-polemica-acusacion-un-zoologico-china-n5784222\" target=\"_blank\" rel=\"follow noopener\">Zool\u00f3gico<\/a>\u00a0Thomas Belt<\/strong>, otro extra\u00f1o suceso se report\u00f3 en\u00a0<strong>Estados Unidos\u00a0<\/strong>con la bienvenida de una\u00a0<strong>nueva jirafa beb\u00e9 sin manchas<\/strong>.<\/p>\n<\/article>\n<article class=\"article-body article-body--second-paragraph content-protected-false\">El 31 de julio, el\u00a0<strong>zool\u00f3gico privado Brights\u00a0<\/strong>en\u00a0<strong>Tennessee<\/strong>\u00a0report\u00f3, por primera vez en la historia, el origen de una\u00a0<strong>jirafa somal\u00ed\u00a0<\/strong>(Giraffa reticulata)\u00a0<strong>distinta al rest<\/strong>o: tiene todo el pelaje de color marr\u00f3n rojizo s\u00f3lido, sin el patr\u00f3n de manchas propio de su especie, inform\u00f3\u00a0<strong>Science Alert<\/strong>.<\/p>\n<\/article>\n<article class=\"article-body article-body--third-paragraph content-protected-false\">Con\u00a0<strong>menos de un mes de vida<\/strong>\u00a0la cr\u00eda ya\u00a0<strong>mide m\u00e1s de 1 metro y 80 cent\u00edmetros<\/strong>, y est\u00e1 perfectamente integrada con el resto de la manada, a pesar de sus diferencias est\u00e9ticas.<\/p>\n<\/article>\n<article class=\"article-body article-body--fourth-paragraph content-protected-false\">Los expertos creen que sea probablemente\u00a0<strong>el \u00fanico ejemplar que existe en el mundo<\/strong>\u00a0actualmente, ya que la vida de una jirafa suele ser de aproximadamente 25 a 30 a\u00f1os. En\u00a0<strong>1972<\/strong>\u00a0naci\u00f3 en el zool\u00f3gico de Ueno, Tokio,<strong>\u00a0la \u00faltima<\/strong>\u00a0jirafa sin manchas de la cual se tiene constancia.<\/p>\n<\/article>\n<article class=\"article-body article-body--remaining-paragraph content-protected-false\">Ante la ausencia de las manchas, los expertos le realizaron an\u00e1lisis de sangre y compararon sus n\u00fameros con otra jirafa que naci\u00f3 dos semanas antes, ah\u00ed comprobaron que\u00a0<strong>se encuentra sana y que no hay nada de qu\u00e9 preocuparse.<\/strong><\/p>\n<div id=\"7834121-Libre-1014968582_wrap\" class=\"embed_cont type_imagen\" contenteditable=\"false\">\n<div id=\"7834121-Libre-1014968582_content\" class=\"embed_content\"><img decoding=\"async\" id=\"7834121-Libre-1014968582_embed\" title=\"\" src=\"https:\/\/media.ambito.com\/p\/08bff50672a7d0c63b879f09cdc2dbc6\/adjuntos\/239\/imagenes\/040\/932\/0040932279\/730x0\/smart\/jirafa-manchasjpg.jpg\" alt=\"\" width=\"730\" height=\"\" data-td-src-property=\"https:\/\/media.ambito.com\/p\/08bff50672a7d0c63b879f09cdc2dbc6\/adjuntos\/239\/imagenes\/040\/932\/0040932279\/730x0\/smart\/jirafa-manchasjpg.jpg\" \/><\/div>\n<\/div>\n<h2>La importancia de las manchas para la subsitencia<\/h2>\n<p>Las jirafas utilizan las\u00a0<strong>manchas<\/strong>\u00a0como una\u00a0<strong>forma de camuflaje<\/strong>\u00a0que les permite<strong>\u00a0sobrevivir en su h\u00e1bitat natural<\/strong>. As\u00ed como tambi\u00e9n, se descubri\u00f3 que el patr\u00f3n, el tama\u00f1o y el color de su pelaje\u00a0<strong>lo heredan de sus madres<\/strong>\u00a0y podr\u00eda<strong>\u00a0determinar su supervivencia<\/strong>.<\/p>\n<p>Seg\u00fan un estudio reciente, entre<strong>\u00a0m\u00e1s grande y redondeados<\/strong>\u00a0son los trazos en el pelaje de estos animales j\u00f3venes,\u00a0<strong>mayor<\/strong>\u00a0es la<strong>\u00a0posibilidad de sobrevivir<\/strong>. Tambi\u00e9n se cree que las manchas pueden tener relaci\u00f3n con la\u00a0<strong>regulaci\u00f3n de la temperatura<\/strong>\u00a0y otras caracter\u00edsticas a\u00fan desconocidas para los cient\u00edficos.<\/p>\n<p>En los\u00a0<strong>\u00faltimos treinta a\u00f1os<\/strong>, la\u00a0<strong>poblaci\u00f3n<\/strong>\u00a0mundial de jirafas\u00a0<strong>disminuy\u00f3 en un 40%.<\/strong>\u00a0Aunque estas especies no estaban bajo gran riesgo de extinci\u00f3n, ahora est\u00e1n\u00a0<strong>en la lista de animales \u201cvulnerables\u201d.<\/strong><\/p>\n<\/article>\n","protected":false},"excerpt":{"rendered":"<p>La naturaleza sigue sorprendiendo: luego de que\u00a0Nicaragua\u00a0se vea revolucionada por el nacimiento de un\u00a0puma albino blanco\u00a0en el\u00a0Zool\u00f3gico\u00a0Thomas Belt, otro extra\u00f1o suceso se report\u00f3 en\u00a0Estados Unidos\u00a0con la bienvenida de una\u00a0nueva jirafa beb\u00e9 sin manchas. El 31 de julio, el\u00a0zool\u00f3gico privado Brights\u00a0en\u00a0Tennessee\u00a0report\u00f3, por primera vez en la historia, el origen de una\u00a0jirafa somal\u00ed\u00a0(Giraffa reticulata)\u00a0distinta al resto: tiene [&hellip;]<\/p>\n","protected":false},"author":2,"featured_media":18464,"comment_status":"closed","ping_status":"closed","sticky":false,"template":"","format":"standard","meta":{"footnotes":""},"categories":[86],"tags":[],"class_list":{"0":"post-18463","1":"post","2":"type-post","3":"status-publish","4":"format-standard","5":"has-post-thumbnail","7":"category-sociedad"},"_links":{"self":[{"href":"https:\/\/radiobitacora.com.ar\/web\/wp-json\/wp\/v2\/posts\/18463","targetHints":{"allow":["GET"]}}],"collection":[{"href":"https:\/\/radiobitacora.com.ar\/web\/wp-json\/wp\/v2\/posts"}],"about":[{"href":"https:\/\/radiobitacora.com.ar\/web\/wp-json\/wp\/v2\/types\/post"}],"author":[{"embeddable":true,"href":"https:\/\/radiobitacora.com.ar\/web\/wp-json\/wp\/v2\/users\/2"}],"replies":[{"embeddable":true,"href":"https:\/\/radiobitacora.com.ar\/web\/wp-json\/wp\/v2\/comments?post=18463"}],"version-history":[{"count":0,"href":"https:\/\/radiobitacora.com.ar\/web\/wp-json\/wp\/v2\/posts\/18463\/revisions"}],"wp:featuredmedia":[{"embeddable":true,"href":"https:\/\/radiobitacora.com.ar\/web\/wp-json\/wp\/v2\/media\/18464"}],"wp:attachment":[{"href":"https:\/\/radiobitacora.com.ar\/web\/wp-json\/wp\/v2\/media?parent=18463"}],"wp:term":[{"taxonomy":"category","embeddable":true,"href":"https:\/\/radiobitacora.com.ar\/web\/wp-json\/wp\/v2\/categories?post=18463"},{"taxonomy":"post_tag","embeddable":true,"href":"https:\/\/radiobitacora.com.ar\/web\/wp-json\/wp\/v2\/tags?post=18463"}],"curies":[{"name":"wp","href":"https:\/\/api.w.org\/{rel}","templated":true}]}}