{"id":18512,"date":"2023-08-28T07:59:25","date_gmt":"2023-08-28T10:59:25","guid":{"rendered":"https:\/\/radiobitacora.com.ar\/web\/?p=18512"},"modified":"2023-08-28T07:59:25","modified_gmt":"2023-08-28T10:59:25","slug":"murio-el-fiscal-delgado-que-investigo-causas-de-corrupcion-ddhh-y-la-tragedia-de-once","status":"publish","type":"post","link":"https:\/\/radiobitacora.com.ar\/web\/2023\/08\/28\/murio-el-fiscal-delgado-que-investigo-causas-de-corrupcion-ddhh-y-la-tragedia-de-once\/","title":{"rendered":"Muri\u00f3 el fiscal Delgado, que investig\u00f3 causas de corrupci\u00f3n, DDHH y la tragedia de Once"},"content":{"rendered":"<p>Funcionarios del Gobierno, dirigentes pol\u00edticos y representantes del Poder Judicial expresaron ayer sus condolencias por el fallecimiento, a los 54 a\u00f1os, del fiscal federal Federico Delgado, quien llev\u00f3 a cabo investigaciones por delitos de corrupci\u00f3n y lesa humanidad, entre otras causas.<\/p>\n<p>Delgado llevaba m\u00e1s de dos d\u00e9cadas al frente de la Fiscal\u00eda en lo Criminal y Correccional Federal N\u00ba 6 de la ciudad de Buenos Aires.<\/p>\n<p>Desde all\u00ed, investig\u00f3 el supuesto pago de sobornos en el Senado; el megacanje de la deuda externa; la tragedia ferroviaria en la estaci\u00f3n Once; la documentaci\u00f3n filtrada por los llamados &#8216;Panam\u00e1 Papers&#8217;, en los que apareci\u00f3 mencionado el expresidente Mauricio Macri; el enriquecimiento il\u00edcito del exsecretario de Obras P\u00fablicas Jos\u00e9 L\u00f3pez y la muerte de cinco personas en el boliche Time Warp en el complejo Costa Salguero, entre otras causas judiciales.<\/p>\n<p>El fiscal federal tambi\u00e9n tuvo a su cargo investigaciones por delitos de lesa humanidad cometidas durante la \u00faltima dictadura militar bajo la \u00f3rbita del Primer Cuerpo del Ej\u00e9rcito.<\/p>\n<div class=\"container_publi\" data-tipo=\"tipo_desktop \" data-pos=\"AMP_P1_cuerpo\"><\/div>\n<p>El presidente Alberto Fern\u00e1ndez lament\u00f3 la muerte del &#8220;gran y honesto fiscal&#8221; Federico Delgado, a quien consider\u00f3 &#8220;un hombre capaz, imbuido en el concepto de justicia&#8221; y envi\u00f3 condolencias a sus seres queridos.<\/p>\n<p>&#8220;Federico Delgado, gran y honesto fiscal, cuestion\u00f3 las l\u00f3gicas que se impusieron en los \u00faltimos a\u00f1os en la Justicia Federal&#8221;, expres\u00f3 el Presidente en su cuenta de Twitter.<\/p>\n<p>Y se\u00f1al\u00f3: &#8220;Hoy perdimos a un hombre capaz, imbuido en el concepto de justicia, de esos fiscales que tanta falta le hacen al pa\u00eds. Acompa\u00f1o a sus seres queridos&#8221;.<\/p>\n","protected":false},"excerpt":{"rendered":"<p>Funcionarios del Gobierno, dirigentes pol\u00edticos y representantes del Poder Judicial expresaron ayer sus condolencias por el fallecimiento, a los 54 a\u00f1os, del fiscal federal Federico Delgado, quien llev\u00f3 a cabo investigaciones por delitos de corrupci\u00f3n y lesa humanidad, entre otras causas. Delgado llevaba m\u00e1s de dos d\u00e9cadas al frente de la Fiscal\u00eda en lo Criminal [&hellip;]<\/p>\n","protected":false},"author":2,"featured_media":18513,"comment_status":"closed","ping_status":"closed","sticky":false,"template":"","format":"standard","meta":{"footnotes":""},"categories":[86],"tags":[],"class_list":{"0":"post-18512","1":"post","2":"type-post","3":"status-publish","4":"format-standard","5":"has-post-thumbnail","7":"category-sociedad"},"_links":{"self":[{"href":"https:\/\/radiobitacora.com.ar\/web\/wp-json\/wp\/v2\/posts\/18512","targetHints":{"allow":["GET"]}}],"collection":[{"href":"https:\/\/radiobitacora.com.ar\/web\/wp-json\/wp\/v2\/posts"}],"about":[{"href":"https:\/\/radiobitacora.com.ar\/web\/wp-json\/wp\/v2\/types\/post"}],"author":[{"embeddable":true,"href":"https:\/\/radiobitacora.com.ar\/web\/wp-json\/wp\/v2\/users\/2"}],"replies":[{"embeddable":true,"href":"https:\/\/radiobitacora.com.ar\/web\/wp-json\/wp\/v2\/comments?post=18512"}],"version-history":[{"count":0,"href":"https:\/\/radiobitacora.com.ar\/web\/wp-json\/wp\/v2\/posts\/18512\/revisions"}],"wp:featuredmedia":[{"embeddable":true,"href":"https:\/\/radiobitacora.com.ar\/web\/wp-json\/wp\/v2\/media\/18513"}],"wp:attachment":[{"href":"https:\/\/radiobitacora.com.ar\/web\/wp-json\/wp\/v2\/media?parent=18512"}],"wp:term":[{"taxonomy":"category","embeddable":true,"href":"https:\/\/radiobitacora.com.ar\/web\/wp-json\/wp\/v2\/categories?post=18512"},{"taxonomy":"post_tag","embeddable":true,"href":"https:\/\/radiobitacora.com.ar\/web\/wp-json\/wp\/v2\/tags?post=18512"}],"curies":[{"name":"wp","href":"https:\/\/api.w.org\/{rel}","templated":true}]}}