{"id":18515,"date":"2023-08-28T08:07:32","date_gmt":"2023-08-28T11:07:32","guid":{"rendered":"https:\/\/radiobitacora.com.ar\/web\/?p=18515"},"modified":"2023-08-28T08:07:32","modified_gmt":"2023-08-28T11:07:32","slug":"cumbre-de-dirigentes-de-eco-para-trazar-la-senda-hacia-octubre","status":"publish","type":"post","link":"https:\/\/radiobitacora.com.ar\/web\/2023\/08\/28\/cumbre-de-dirigentes-de-eco-para-trazar-la-senda-hacia-octubre\/","title":{"rendered":"Cumbre de dirigentes de ECO para trazar la senda hacia octubre"},"content":{"rendered":"<p>Una campa\u00f1a que proponga el orden por sobre el caos en un escenario de tercios, se teje en el seno de Juntos por el Cambio con la mirada puesta en este 22 de octubre por la Presidencia de la Naci\u00f3n. Este panorama se replica en Corrientes, donde dirigentes de ECO+Vamos Corrientes se reunir\u00e1n esta ma\u00f1ana para definir estrategias de campa\u00f1a.<\/p>\n<p>&nbsp;<\/p>\n<p>El encuentro tendr\u00e1 lugar a las 11, en el sal\u00f3n Gran Paran\u00e1. Se espera la presencia de funcionarios, intendentes, legisladores, los candidatos, entre otros dirigentes que conforman la alianza gobernante en la provincia, seg\u00fan confirmaron a \u00e9poca. El gobernador, Gustavo Vald\u00e9s, presidir\u00e1 la actividad, aunque se desconoce si ser\u00e1 abierta como en ocasiones anteriores.<\/p>\n<p>&nbsp;<\/p>\n<p>&#8220;El lunes estaremos junt\u00e1ndonos ya con vista a la campa\u00f1a electoral&#8221;, hab\u00eda anticipado d\u00edas atr\u00e1s el Mandatario provincial. &#8220;Vamos a estar trabajando con ECO+Vamos Corrientes para poder llevar adelante todo el trabajo de la pr\u00f3xima campa\u00f1a con Juntos por el Cambio (JXC)&#8221;, hab\u00eda mencionado en contacto con la prensa tras actos oficiales.<\/p>\n<p>&nbsp;<\/p>\n<p>Ayer, varios referentes del espacio confirmaron a \u00e9poca que se desarrollar\u00e1 el encuentro, aunque no trascendieron los detalles de la agenda. S\u00ed se pudo saber que se trabajar\u00e1 en la estrategia de campa\u00f1a de cara octubre y en sincronizar el mensaje local con las nacionales. Esto, luego de que Vald\u00e9s participase de un encuentro nacional de JXC para respaldar a Patricia Bullrich.<\/p>\n<p>&nbsp;<\/p>\n<p>La candidata a Presidente de la Naci\u00f3n as\u00ed obtuvo la foto del respaldo de legisladores, gobernadores y de Horacio Rodr\u00edguez Larreta, quien perdi\u00f3 la interna de Juntos. &#8220;Nosotros no queremos un gobierno en el que uno gobierne y el resto acompa\u00f1e. Somos una coalici\u00f3n que no va a poder dudar, porque enfrente tenemos a los que nos dicen peronismo o disoluci\u00f3n nacional, los que est\u00e1n generando el mayor nivel de destrucci\u00f3n, de rotura del tejido social, de p\u00e9rdida de valor cultural, de p\u00e9rdida de valor educativo, de descapitalizaci\u00f3n de Argentina, son esos mismos los que nos vienen a decir a nosotros que o son ellos o es la disoluci\u00f3n nacional&#8221;, manifest\u00f3 la exministra de Seguridad, quien propone como Vice al radical Luis Petri.<\/p>\n<div class=\"center medium m_image\">\n<figure><picture><source srcset=\"https:\/\/www.diarioepoca.com\/content\/bucket\/5\/1316535w380h178c.jpg.webp\" type=\"image\/webp\" media=\"(min-width: 640px)\" \/><source srcset=\"https:\/\/www.diarioepoca.com\/content\/bucket\/5\/1316535w440h206c.jpg.webp\" type=\"image\/webp\" media=\"(min-width: 300px)\" \/><source srcset=\"https:\/\/www.diarioepoca.com\/content\/bucket\/5\/1316535w380h178c.jpg\" media=\"(min-width: 300px)\" \/><img loading=\"lazy\" decoding=\"async\" class=\"pic\" src=\"https:\/\/www.diarioepoca.com\/content\/bucket\/5\/1316535w380h178c.jpg.webp\" alt=\"\" width=\"380\" height=\"178\" \/><\/picture><\/figure>\n<\/div>\n<p>&nbsp;<\/p>\n<p>&#8220;Apoyamos a Patricia Bullrich como candidata a Presidente de la Naci\u00f3n, porque nos parece la mejor opci\u00f3n para la Rep\u00fablica Argentina. Sabemos que tiene coraje, sabemos que tiene firmeza y experiencia en el gobierno. Y lo que nos propone es un orden en esta Argentina que es ca\u00f3tica. Es ca\u00f3tica en la econom\u00eda, es ca\u00f3tica en la seguridad, es ca\u00f3tica en todo. Por eso necesitamos volver al orden, pero para eso debemos saber qu\u00e9 hacer. Y Patricia sabe qu\u00e9 hacer&#8221;, remarc\u00f3, por su parte, Vald\u00e9s.<\/p>\n<p>&nbsp;<\/p>\n<p>As\u00ed, para Juntos por el Cambio, tanto el espacio del oficialismo y el liberalismo denominado libertario, representar\u00edan el caos para el pa\u00eds. Esto, en referencia a la cuesti\u00f3n econ\u00f3mica y de seguridad, como a la ruptura de instituciones, de acuerdo con el discurso del principal bloque opositor.<\/p>\n<div class=\"center medium m_image\">\n<figure><picture><source srcset=\"https:\/\/www.diarioepoca.com\/content\/bucket\/6\/1316536w380h178c.jpg.webp\" type=\"image\/webp\" media=\"(min-width: 640px)\" \/><source srcset=\"https:\/\/www.diarioepoca.com\/content\/bucket\/6\/1316536w440h206c.jpg.webp\" type=\"image\/webp\" media=\"(min-width: 300px)\" \/><source srcset=\"https:\/\/www.diarioepoca.com\/content\/bucket\/6\/1316536w380h178c.jpg\" media=\"(min-width: 300px)\" \/><img loading=\"lazy\" decoding=\"async\" class=\"pic\" src=\"https:\/\/www.diarioepoca.com\/content\/bucket\/6\/1316536w380h178c.jpg.webp\" alt=\"\" width=\"380\" height=\"178\" \/><\/picture><\/figure>\n<\/div>\n<p>&nbsp;<\/p>\n<p>&nbsp;<\/p>\n<h2>Capital intangible<\/h2>\n<p>&nbsp;<\/p>\n<p>&#8220;Tenemos que tener en cuenta algo, que Argentina necesita un cambio. Cuando hay caos, se necesita un cambio pero no puede ser que este cambio genere caos&#8221;, declar\u00f3 a \u00e9poca el senador provincial Noel Breard. &#8220;Nosotros somos cambio con estrategia&#8221;, expuso el legislador radical.<\/p>\n<p>&nbsp;<\/p>\n<p>&#8220;El capital intangible que tiene Juntos por el Cambio son tres importantes, con los socios. El radicalismo, tiene en su ADNI la democracia, la Coalici\u00f3n C\u00edvica, el republicanismo y el PRO, el liberalismo. Es una combinaci\u00f3n de esquemas que garantizan y generan un mont\u00f3n de valores&#8221;, relacion\u00f3 el dirigente radical.<\/p>\n<p>&nbsp;<\/p>\n<p>&#8220;El cambio con institucionalidad es lo que queremos en el marco del espacio p\u00fablico&#8221;, enfatiz\u00f3 el senador respecto de la proyecci\u00f3n de lo que ser\u00e1n los 50 d\u00edas de campa\u00f1a.<\/p>\n<p>&nbsp;<\/p>\n<p>&nbsp;<\/p>\n<h2>Campa\u00f1a de cercan\u00eda<\/h2>\n<p>&nbsp;<\/p>\n<p>De acuerdo con el cronograma electoral nacional vigente, la campa\u00f1a arranca el 2 de septiembre. Esta se desarrollar\u00e1 en simult\u00e1neo en ocho municipios de Corrientes que elegir\u00e1n concejales y es la fecha en la cual vence la presentaci\u00f3n de listas de candidatos.<\/p>\n<p>&nbsp;<\/p>\n<p>En esta instancia se espera mayor trabajo territorial. Ello, a su vez, en consonancia con una idea de mayor cercan\u00eda con la gente.<\/p>\n<p>&nbsp;<\/p>\n<p>La cercan\u00eda fue un pedido que hizo Patricia Bullrich ante la dirigencia. &#8220;Quiero cercan\u00eda, no quiero marketing. Hay que escuchar m\u00e1s que hablar&#8221;, destac\u00f3 la exministra de Seguridad. &#8220;Son un ej\u00e9rcito, tienen que estar en la calle laburando&#8221;, los areng\u00f3.<\/p>\n<p>&nbsp;<\/p>\n<p>&#8220;Yo quiero pedirle a cada uno de ustedes, que se van a quedar en su provincia y recorrer lugar por lugar, que sea con un mensaje claro. El desaf\u00edo no es un tema de un d\u00eda, ni para improvisados&#8221;, asever\u00f3. &#8220;Es algo mucho m\u00e1s verdadero, m\u00e1s de fondo. Tenemos que terminar con la Argentina de la matriz kirchnerista que entr\u00f3 en todos lados, en las escuelas, en las universidades&#8221;, afirm\u00f3 Bullrich.<\/p>\n<p>&nbsp;<\/p>\n<p>&#8220;Los \u00fanicos capaces de sacar esa matriz de poder perverso que el kirchnerismo gener\u00f3 como l\u00f3gica de esclavizaci\u00f3n de la sociedad para mantener el poder somos nosotros: Juntos por el Cambi\u00f3&#8221;, hab\u00eda arengado a la militancia y a los dirigentes d\u00edas atr\u00e1s la candidata a Presidente de la Naci\u00f3n.<\/p>\n<p>&nbsp;<\/p>\n<p>&nbsp;<\/p>\n<h2>PASO<\/h2>\n<p>&nbsp;<\/p>\n<p>&#8220;Ahora empieza un nuevo desaf\u00edo: estar en el balotaje del 22 de octubre para lo cual estamos muy entusiasmados&#8221;, enfatiz\u00f3 la diputada nacional por Corrientes, Ingrid Jetter, quien trabaj\u00f3 en la campa\u00f1a de Bullrich durante las PASO. No obstante, destac\u00f3 la &#8220;altura y la responsabilidad institucional que mostraron las personas que compitieron, tanto Rodr\u00edguez Larreta como Morales (Gerardo)&#8221;.<\/p>\n<p>&nbsp;<\/p>\n<p>La legisladora nacional del PRO hizo autocr\u00edtica respecto de las primarias. &#8220;Ya nos pas\u00f3 con Macri (Mauricio), se soslaya las PASO, no se le da la atenci\u00f3n que tienen. Quiz\u00e1s en estas PASO pusimos m\u00e1s foco en el compromiso con uno u otro candidato, pero nos falt\u00f3 hacer pol\u00edtica, hablar con la gente, escucharlos, explicar por qu\u00e9 Patricia es la mejor candidata, ya que tiene la experiencia de haber estado en la gesti\u00f3n p\u00fablica y tambi\u00e9n una gran vocaci\u00f3n de cambio&#8221;, analiz\u00f3 en di\u00e1logo con radio La Red Corrientes.<\/p>\n<p>&nbsp;<\/p>\n<p>&nbsp;<\/p>\n<h2>&#8220;Verdadero cambio&#8221;<\/h2>\n<p>&nbsp;<\/p>\n<p>Jetter expuso que la exministra de Seguridad representa el &#8220;verdadero cambio&#8221;. &#8220;Tanto los que votaron por Milei como los que votaron por Patricia tienen como primera cualidad el cambio y que no solo el kirchnerismo est\u00e1 sepultado sino el sistema que lo llev\u00f3 hasta ac\u00e1 y que hay que cambiar&#8221;, expres\u00f3.<\/p>\n<p>&nbsp;<\/p>\n<p>&#8220;Nosotros venimos proponiendo una profunda reforma laboral, una baja impositiva, un presupuesto con d\u00e9ficit cero y Patricia hace mucho hincapi\u00e9 en la austeridad, en el combate de frente a la corrupci\u00f3n, narcotr\u00e1fico e inseguridad&#8221;, asever\u00f3.<\/p>\n<p>&nbsp;<\/p>\n<p>&#8220;Lo positivo de Patricia es que ha estado siempre en la funci\u00f3n p\u00fablica, haciendo todo lo que te comunica con la vida real, todo alejado de lo que es la casta&#8221;, la diferenci\u00f3 de Milei. Y, en cuanto a la posibilidad de construir consensos, se\u00f1al\u00f3 que &#8220;si llega a la Presidencia, tendr\u00e1 11 gobernadores del mismo signo pol\u00edtico, mayor\u00eda en la C\u00e1mara de Diputados, y as\u00ed los cambios estar\u00edan respaldados y con seguridad de que puedan llegar a concretarse con ese peso pol\u00edtico&#8221;, manifest\u00f3 Jetter.<\/p>\n","protected":false},"excerpt":{"rendered":"<p>Una campa\u00f1a que proponga el orden por sobre el caos en un escenario de tercios, se teje en el seno de Juntos por el Cambio con la mirada puesta en este 22 de octubre por la Presidencia de la Naci\u00f3n. Este panorama se replica en Corrientes, donde dirigentes de ECO+Vamos Corrientes se reunir\u00e1n esta ma\u00f1ana [&hellip;]<\/p>\n","protected":false},"author":2,"featured_media":18516,"comment_status":"closed","ping_status":"closed","sticky":false,"template":"","format":"standard","meta":{"footnotes":""},"categories":[79],"tags":[],"class_list":{"0":"post-18515","1":"post","2":"type-post","3":"status-publish","4":"format-standard","5":"has-post-thumbnail","7":"category-politica"},"_links":{"self":[{"href":"https:\/\/radiobitacora.com.ar\/web\/wp-json\/wp\/v2\/posts\/18515","targetHints":{"allow":["GET"]}}],"collection":[{"href":"https:\/\/radiobitacora.com.ar\/web\/wp-json\/wp\/v2\/posts"}],"about":[{"href":"https:\/\/radiobitacora.com.ar\/web\/wp-json\/wp\/v2\/types\/post"}],"author":[{"embeddable":true,"href":"https:\/\/radiobitacora.com.ar\/web\/wp-json\/wp\/v2\/users\/2"}],"replies":[{"embeddable":true,"href":"https:\/\/radiobitacora.com.ar\/web\/wp-json\/wp\/v2\/comments?post=18515"}],"version-history":[{"count":0,"href":"https:\/\/radiobitacora.com.ar\/web\/wp-json\/wp\/v2\/posts\/18515\/revisions"}],"wp:featuredmedia":[{"embeddable":true,"href":"https:\/\/radiobitacora.com.ar\/web\/wp-json\/wp\/v2\/media\/18516"}],"wp:attachment":[{"href":"https:\/\/radiobitacora.com.ar\/web\/wp-json\/wp\/v2\/media?parent=18515"}],"wp:term":[{"taxonomy":"category","embeddable":true,"href":"https:\/\/radiobitacora.com.ar\/web\/wp-json\/wp\/v2\/categories?post=18515"},{"taxonomy":"post_tag","embeddable":true,"href":"https:\/\/radiobitacora.com.ar\/web\/wp-json\/wp\/v2\/tags?post=18515"}],"curies":[{"name":"wp","href":"https:\/\/api.w.org\/{rel}","templated":true}]}}