{"id":18524,"date":"2023-08-29T07:33:06","date_gmt":"2023-08-29T10:33:06","guid":{"rendered":"https:\/\/radiobitacora.com.ar\/web\/?p=18524"},"modified":"2023-08-29T07:33:06","modified_gmt":"2023-08-29T10:33:06","slug":"mas-de-30-mil-personas-acompanaron-el-agasajo-de-la-municipalidad-a-ninos-y-ninas","status":"publish","type":"post","link":"https:\/\/radiobitacora.com.ar\/web\/2023\/08\/29\/mas-de-30-mil-personas-acompanaron-el-agasajo-de-la-municipalidad-a-ninos-y-ninas\/","title":{"rendered":"M\u00c1S DE 30 MIL PERSONAS ACOMPA\u00d1ARON EL AGASAJO DE LA MUNICIPALIDAD A NI\u00d1OS Y NI\u00d1AS"},"content":{"rendered":"<h3><strong>Las familias acompa\u00f1aron a los ni\u00f1os y ni\u00f1as que celebraron su d\u00eda, en un agasajo organizado por la Municipalidad con los consejos vecinales, que prepararon el chocolate. M\u00e1s de 170 personas trabajaron en la elaboraci\u00f3n del chocolate desde temprano en la ma\u00f1ana.\u00a0 Participaron todas las \u00e1reas de la Municipalidad con distintos puestos donde se ofrecieron actividades recreativas y l\u00fadicas e inclusive de educaci\u00f3n de normas de tr\u00e1nsito. Hubo peloteros que estuvieron distribuidos por todo el predio de Costa Surub\u00ed. En el escenario mayor se hicieron espect\u00e1culos art\u00edsticos\u00a0 y sorteos.\u00a0<picture><source srcset=\"https:\/\/883radiociudad.gob.ar\/wp-content\/uploads\/2023\/08\/DIA-DEL-NINO-5-300x200.jpeg.webp 300w, https:\/\/883radiociudad.gob.ar\/wp-content\/uploads\/2023\/08\/DIA-DEL-NINO-5-1024x682.jpeg.webp 1024w, https:\/\/883radiociudad.gob.ar\/wp-content\/uploads\/2023\/08\/DIA-DEL-NINO-5-768x512.jpeg.webp 768w, https:\/\/883radiociudad.gob.ar\/wp-content\/uploads\/2023\/08\/DIA-DEL-NINO-5-1536x1023.jpeg.webp 1536w, https:\/\/883radiociudad.gob.ar\/wp-content\/uploads\/2023\/08\/DIA-DEL-NINO-5.jpeg.webp 1600w\" type=\"image\/webp\" sizes=\"300px\" data-srcset=\"https:\/\/883radiociudad.gob.ar\/wp-content\/uploads\/2023\/08\/DIA-DEL-NINO-5-300x200.jpeg.webp 300w, https:\/\/883radiociudad.gob.ar\/wp-content\/uploads\/2023\/08\/DIA-DEL-NINO-5-1024x682.jpeg.webp 1024w, https:\/\/883radiociudad.gob.ar\/wp-content\/uploads\/2023\/08\/DIA-DEL-NINO-5-768x512.jpeg.webp 768w, https:\/\/883radiociudad.gob.ar\/wp-content\/uploads\/2023\/08\/DIA-DEL-NINO-5-1536x1023.jpeg.webp 1536w, https:\/\/883radiociudad.gob.ar\/wp-content\/uploads\/2023\/08\/DIA-DEL-NINO-5.jpeg.webp 1600w\" \/><img loading=\"lazy\" decoding=\"async\" class=\"size-medium wp-image-45232 alignright lazyautosizes lazyloaded\" src=\"https:\/\/883radiociudad.gob.ar\/wp-content\/uploads\/2023\/08\/DIA-DEL-NINO-5-300x200.jpeg\" sizes=\"auto, 300px\" srcset=\"https:\/\/883radiociudad.gob.ar\/wp-content\/uploads\/2023\/08\/DIA-DEL-NINO-5-300x200.jpeg 300w, https:\/\/883radiociudad.gob.ar\/wp-content\/uploads\/2023\/08\/DIA-DEL-NINO-5-1024x682.jpeg 1024w, https:\/\/883radiociudad.gob.ar\/wp-content\/uploads\/2023\/08\/DIA-DEL-NINO-5-768x512.jpeg 768w, https:\/\/883radiociudad.gob.ar\/wp-content\/uploads\/2023\/08\/DIA-DEL-NINO-5-1536x1023.jpeg 1536w, https:\/\/883radiociudad.gob.ar\/wp-content\/uploads\/2023\/08\/DIA-DEL-NINO-5.jpeg 1600w\" alt=\"\" width=\"300\" height=\"200\" data-eio=\"p\" data-src=\"https:\/\/883radiociudad.gob.ar\/wp-content\/uploads\/2023\/08\/DIA-DEL-NINO-5-300x200.jpeg\" data-srcset=\"https:\/\/883radiociudad.gob.ar\/wp-content\/uploads\/2023\/08\/DIA-DEL-NINO-5-300x200.jpeg 300w, https:\/\/883radiociudad.gob.ar\/wp-content\/uploads\/2023\/08\/DIA-DEL-NINO-5-1024x682.jpeg 1024w, https:\/\/883radiociudad.gob.ar\/wp-content\/uploads\/2023\/08\/DIA-DEL-NINO-5-768x512.jpeg 768w, https:\/\/883radiociudad.gob.ar\/wp-content\/uploads\/2023\/08\/DIA-DEL-NINO-5-1536x1023.jpeg 1536w, https:\/\/883radiociudad.gob.ar\/wp-content\/uploads\/2023\/08\/DIA-DEL-NINO-5.jpeg 1600w\" data-sizes=\"auto\" data-eio-rwidth=\"300\" data-eio-rheight=\"200\" \/><\/picture>\u00a0<\/strong><\/h3>\n<p>El domingo 27 de agosto, la Municipalidad de Goya realiz\u00f3 en el predio Costa Surub\u00ed una mega fiesta, en agasajo a ni\u00f1os y ni\u00f1as de la ciudad y la zona rural. Desde horas del mediod\u00eda, colectivos desde distintos puntos de la ciudad y la zona rural se dirigieron hasta el predio Ferial de Costa Surub\u00ed trasladando\u00a0 principalmente a ni\u00f1as y ni\u00f1os para participar de este mega evento.<\/p>\n<h3><strong><picture><source srcset=\"https:\/\/883radiociudad.gob.ar\/wp-content\/uploads\/2023\/08\/DIA-DEL-NINO-2-300x200.jpeg.webp 300w, https:\/\/883radiociudad.gob.ar\/wp-content\/uploads\/2023\/08\/DIA-DEL-NINO-2-1024x682.jpeg.webp 1024w, https:\/\/883radiociudad.gob.ar\/wp-content\/uploads\/2023\/08\/DIA-DEL-NINO-2-768x512.jpeg.webp 768w, https:\/\/883radiociudad.gob.ar\/wp-content\/uploads\/2023\/08\/DIA-DEL-NINO-2-1536x1023.jpeg.webp 1536w, https:\/\/883radiociudad.gob.ar\/wp-content\/uploads\/2023\/08\/DIA-DEL-NINO-2.jpeg.webp 1600w\" type=\"image\/webp\" sizes=\"300px\" data-srcset=\"https:\/\/883radiociudad.gob.ar\/wp-content\/uploads\/2023\/08\/DIA-DEL-NINO-2-300x200.jpeg.webp 300w, https:\/\/883radiociudad.gob.ar\/wp-content\/uploads\/2023\/08\/DIA-DEL-NINO-2-1024x682.jpeg.webp 1024w, https:\/\/883radiociudad.gob.ar\/wp-content\/uploads\/2023\/08\/DIA-DEL-NINO-2-768x512.jpeg.webp 768w, https:\/\/883radiociudad.gob.ar\/wp-content\/uploads\/2023\/08\/DIA-DEL-NINO-2-1536x1023.jpeg.webp 1536w, https:\/\/883radiociudad.gob.ar\/wp-content\/uploads\/2023\/08\/DIA-DEL-NINO-2.jpeg.webp 1600w\" \/><img loading=\"lazy\" decoding=\"async\" class=\"size-medium wp-image-45230 alignleft lazyautosizes lazyloaded\" src=\"https:\/\/883radiociudad.gob.ar\/wp-content\/uploads\/2023\/08\/DIA-DEL-NINO-2-300x200.jpeg\" sizes=\"auto, 300px\" srcset=\"https:\/\/883radiociudad.gob.ar\/wp-content\/uploads\/2023\/08\/DIA-DEL-NINO-2-300x200.jpeg 300w, https:\/\/883radiociudad.gob.ar\/wp-content\/uploads\/2023\/08\/DIA-DEL-NINO-2-1024x682.jpeg 1024w, https:\/\/883radiociudad.gob.ar\/wp-content\/uploads\/2023\/08\/DIA-DEL-NINO-2-768x512.jpeg 768w, https:\/\/883radiociudad.gob.ar\/wp-content\/uploads\/2023\/08\/DIA-DEL-NINO-2-1536x1023.jpeg 1536w, https:\/\/883radiociudad.gob.ar\/wp-content\/uploads\/2023\/08\/DIA-DEL-NINO-2.jpeg 1600w\" alt=\"\" width=\"300\" height=\"200\" data-eio=\"p\" data-src=\"https:\/\/883radiociudad.gob.ar\/wp-content\/uploads\/2023\/08\/DIA-DEL-NINO-2-300x200.jpeg\" data-srcset=\"https:\/\/883radiociudad.gob.ar\/wp-content\/uploads\/2023\/08\/DIA-DEL-NINO-2-300x200.jpeg 300w, https:\/\/883radiociudad.gob.ar\/wp-content\/uploads\/2023\/08\/DIA-DEL-NINO-2-1024x682.jpeg 1024w, https:\/\/883radiociudad.gob.ar\/wp-content\/uploads\/2023\/08\/DIA-DEL-NINO-2-768x512.jpeg 768w, https:\/\/883radiociudad.gob.ar\/wp-content\/uploads\/2023\/08\/DIA-DEL-NINO-2-1536x1023.jpeg 1536w, https:\/\/883radiociudad.gob.ar\/wp-content\/uploads\/2023\/08\/DIA-DEL-NINO-2.jpeg 1600w\" data-sizes=\"auto\" data-eio-rwidth=\"300\" data-eio-rheight=\"200\" \/><\/picture><\/strong><\/h3>\n<p>Desde aproximadamente las 13 horas, se desarroll\u00f3 una variedad de divertimentos, sorteos y regalos. El intendente Mariano Hormaechea agradeci\u00f3 el acompa\u00f1amiento de la poblaci\u00f3n y de las distintas instituciones.<\/p>\n<p>En el cierre de la jornada en agasajo de los ni\u00f1os y las ni\u00f1as que realiz\u00f3 la Municipalidad en el predio Costa Surub\u00ed, el\u00a0 intendente Mariano Hormaechea hizo uso de la palabra y dijo: \u201cRealmente estoy contento de estar terminando esta tarde hermosa. La hemos pasado en familia. Desde el escenario tengo una imagen de un predio de Costa Surub\u00ed muy lindo. Quer\u00edamos hacer este gran festejo en familia sabiendo que en el mes de agosto la ciudad de Goya rinde homenaje a los ni\u00f1os y ni\u00f1as y que en todos los barrios todas las instituciones est\u00e1n preocupadas y ocupadas por festejar el d\u00eda del ni\u00f1o\u201d.<\/p>\n<h3><strong><picture><source srcset=\"https:\/\/883radiociudad.gob.ar\/wp-content\/uploads\/2023\/08\/DIA-DEL-NINO-3-300x200.jpeg.webp 300w, https:\/\/883radiociudad.gob.ar\/wp-content\/uploads\/2023\/08\/DIA-DEL-NINO-3-1024x682.jpeg.webp 1024w, https:\/\/883radiociudad.gob.ar\/wp-content\/uploads\/2023\/08\/DIA-DEL-NINO-3-768x512.jpeg.webp 768w, https:\/\/883radiociudad.gob.ar\/wp-content\/uploads\/2023\/08\/DIA-DEL-NINO-3-1536x1023.jpeg.webp 1536w, https:\/\/883radiociudad.gob.ar\/wp-content\/uploads\/2023\/08\/DIA-DEL-NINO-3.jpeg.webp 1600w\" type=\"image\/webp\" sizes=\"300px\" data-srcset=\"https:\/\/883radiociudad.gob.ar\/wp-content\/uploads\/2023\/08\/DIA-DEL-NINO-3-300x200.jpeg.webp 300w, https:\/\/883radiociudad.gob.ar\/wp-content\/uploads\/2023\/08\/DIA-DEL-NINO-3-1024x682.jpeg.webp 1024w, https:\/\/883radiociudad.gob.ar\/wp-content\/uploads\/2023\/08\/DIA-DEL-NINO-3-768x512.jpeg.webp 768w, https:\/\/883radiociudad.gob.ar\/wp-content\/uploads\/2023\/08\/DIA-DEL-NINO-3-1536x1023.jpeg.webp 1536w, https:\/\/883radiociudad.gob.ar\/wp-content\/uploads\/2023\/08\/DIA-DEL-NINO-3.jpeg.webp 1600w\" \/><img loading=\"lazy\" decoding=\"async\" class=\"size-medium wp-image-45231 alignright lazyautosizes lazyloaded\" src=\"https:\/\/883radiociudad.gob.ar\/wp-content\/uploads\/2023\/08\/DIA-DEL-NINO-3-300x200.jpeg\" sizes=\"auto, 300px\" srcset=\"https:\/\/883radiociudad.gob.ar\/wp-content\/uploads\/2023\/08\/DIA-DEL-NINO-3-300x200.jpeg 300w, https:\/\/883radiociudad.gob.ar\/wp-content\/uploads\/2023\/08\/DIA-DEL-NINO-3-1024x682.jpeg 1024w, https:\/\/883radiociudad.gob.ar\/wp-content\/uploads\/2023\/08\/DIA-DEL-NINO-3-768x512.jpeg 768w, https:\/\/883radiociudad.gob.ar\/wp-content\/uploads\/2023\/08\/DIA-DEL-NINO-3-1536x1023.jpeg 1536w, https:\/\/883radiociudad.gob.ar\/wp-content\/uploads\/2023\/08\/DIA-DEL-NINO-3.jpeg 1600w\" alt=\"\" width=\"300\" height=\"200\" data-eio=\"p\" data-src=\"https:\/\/883radiociudad.gob.ar\/wp-content\/uploads\/2023\/08\/DIA-DEL-NINO-3-300x200.jpeg\" data-srcset=\"https:\/\/883radiociudad.gob.ar\/wp-content\/uploads\/2023\/08\/DIA-DEL-NINO-3-300x200.jpeg 300w, https:\/\/883radiociudad.gob.ar\/wp-content\/uploads\/2023\/08\/DIA-DEL-NINO-3-1024x682.jpeg 1024w, https:\/\/883radiociudad.gob.ar\/wp-content\/uploads\/2023\/08\/DIA-DEL-NINO-3-768x512.jpeg 768w, https:\/\/883radiociudad.gob.ar\/wp-content\/uploads\/2023\/08\/DIA-DEL-NINO-3-1536x1023.jpeg 1536w, https:\/\/883radiociudad.gob.ar\/wp-content\/uploads\/2023\/08\/DIA-DEL-NINO-3.jpeg 1600w\" data-sizes=\"auto\" data-eio-rwidth=\"300\" data-eio-rheight=\"200\" \/><\/picture><\/strong><\/h3>\n<p>\u201cQuisimos estar aqu\u00ed todos juntos y creo que sali\u00f3 todo muy lindo. Fue una tarde maravillosa que nos permiti\u00f3 pasar todos juntos\u201d, dijo.<\/p>\n<p>\u201cYo quiero agradecer al equipo de la Municipalidad que vino a trabajar ya hace un tiempo. Quiero agradecer a las comisiones vecinales. Quiero agradecerles a todos y darle un aplauso. La verdad es que tienen puesta la camiseta de la ciudad de Goya: las comisiones vecinales; las instituciones tambi\u00e9n; C\u00e1ritas que se ha sumado y el gran equipo que ha servido el chocolate\u201d.<\/p>\n<p>\u201cAgradezco a las empresas que desinteresadamente estuvieron colaborando. Al Ej\u00e9rcito Argentino que tambi\u00e9n estuvo sirviendo el chocolate. Estamos muy contentos, muy felices, gracias a la ciudad de Goya por la confianza y feliz d\u00eda del ni\u00f1o para todos\u201d.<\/p>\n<p><strong>FESTEJO MULTITUDINARIO<picture><source srcset=\"https:\/\/883radiociudad.gob.ar\/wp-content\/uploads\/2023\/08\/DIA-DEL-NINO-4-300x200.jpeg.webp 300w, https:\/\/883radiociudad.gob.ar\/wp-content\/uploads\/2023\/08\/DIA-DEL-NINO-4-1024x682.jpeg.webp 1024w, https:\/\/883radiociudad.gob.ar\/wp-content\/uploads\/2023\/08\/DIA-DEL-NINO-4-768x512.jpeg.webp 768w, https:\/\/883radiociudad.gob.ar\/wp-content\/uploads\/2023\/08\/DIA-DEL-NINO-4-1536x1023.jpeg.webp 1536w, https:\/\/883radiociudad.gob.ar\/wp-content\/uploads\/2023\/08\/DIA-DEL-NINO-4.jpeg.webp 1600w\" type=\"image\/webp\" sizes=\"300px\" data-srcset=\"https:\/\/883radiociudad.gob.ar\/wp-content\/uploads\/2023\/08\/DIA-DEL-NINO-4-300x200.jpeg.webp 300w, https:\/\/883radiociudad.gob.ar\/wp-content\/uploads\/2023\/08\/DIA-DEL-NINO-4-1024x682.jpeg.webp 1024w, https:\/\/883radiociudad.gob.ar\/wp-content\/uploads\/2023\/08\/DIA-DEL-NINO-4-768x512.jpeg.webp 768w, https:\/\/883radiociudad.gob.ar\/wp-content\/uploads\/2023\/08\/DIA-DEL-NINO-4-1536x1023.jpeg.webp 1536w, https:\/\/883radiociudad.gob.ar\/wp-content\/uploads\/2023\/08\/DIA-DEL-NINO-4.jpeg.webp 1600w\" \/><img loading=\"lazy\" decoding=\"async\" class=\"size-medium wp-image-45228 alignright lazyautosizes lazyloaded\" src=\"https:\/\/883radiociudad.gob.ar\/wp-content\/uploads\/2023\/08\/DIA-DEL-NINO-4-300x200.jpeg\" sizes=\"auto, 300px\" srcset=\"https:\/\/883radiociudad.gob.ar\/wp-content\/uploads\/2023\/08\/DIA-DEL-NINO-4-300x200.jpeg 300w, https:\/\/883radiociudad.gob.ar\/wp-content\/uploads\/2023\/08\/DIA-DEL-NINO-4-1024x682.jpeg 1024w, https:\/\/883radiociudad.gob.ar\/wp-content\/uploads\/2023\/08\/DIA-DEL-NINO-4-768x512.jpeg 768w, https:\/\/883radiociudad.gob.ar\/wp-content\/uploads\/2023\/08\/DIA-DEL-NINO-4-1536x1023.jpeg 1536w, https:\/\/883radiociudad.gob.ar\/wp-content\/uploads\/2023\/08\/DIA-DEL-NINO-4.jpeg 1600w\" alt=\"\" width=\"300\" height=\"200\" data-eio=\"p\" data-src=\"https:\/\/883radiociudad.gob.ar\/wp-content\/uploads\/2023\/08\/DIA-DEL-NINO-4-300x200.jpeg\" data-srcset=\"https:\/\/883radiociudad.gob.ar\/wp-content\/uploads\/2023\/08\/DIA-DEL-NINO-4-300x200.jpeg 300w, https:\/\/883radiociudad.gob.ar\/wp-content\/uploads\/2023\/08\/DIA-DEL-NINO-4-1024x682.jpeg 1024w, https:\/\/883radiociudad.gob.ar\/wp-content\/uploads\/2023\/08\/DIA-DEL-NINO-4-768x512.jpeg 768w, https:\/\/883radiociudad.gob.ar\/wp-content\/uploads\/2023\/08\/DIA-DEL-NINO-4-1536x1023.jpeg 1536w, https:\/\/883radiociudad.gob.ar\/wp-content\/uploads\/2023\/08\/DIA-DEL-NINO-4.jpeg 1600w\" data-sizes=\"auto\" data-eio-rwidth=\"300\" data-eio-rheight=\"200\" \/><\/picture>\u00a0\u00a0<picture><source srcset=\"https:\/\/883radiociudad.gob.ar\/wp-content\/uploads\/2023\/08\/DIA-DEL-NINO-8-300x200.jpeg.webp 300w, https:\/\/883radiociudad.gob.ar\/wp-content\/uploads\/2023\/08\/DIA-DEL-NINO-8-1024x682.jpeg.webp 1024w, https:\/\/883radiociudad.gob.ar\/wp-content\/uploads\/2023\/08\/DIA-DEL-NINO-8-768x512.jpeg.webp 768w, https:\/\/883radiociudad.gob.ar\/wp-content\/uploads\/2023\/08\/DIA-DEL-NINO-8-1536x1023.jpeg.webp 1536w, https:\/\/883radiociudad.gob.ar\/wp-content\/uploads\/2023\/08\/DIA-DEL-NINO-8.jpeg.webp 1600w\" type=\"image\/webp\" sizes=\"300px\" data-srcset=\"https:\/\/883radiociudad.gob.ar\/wp-content\/uploads\/2023\/08\/DIA-DEL-NINO-8-300x200.jpeg.webp 300w, https:\/\/883radiociudad.gob.ar\/wp-content\/uploads\/2023\/08\/DIA-DEL-NINO-8-1024x682.jpeg.webp 1024w, https:\/\/883radiociudad.gob.ar\/wp-content\/uploads\/2023\/08\/DIA-DEL-NINO-8-768x512.jpeg.webp 768w, https:\/\/883radiociudad.gob.ar\/wp-content\/uploads\/2023\/08\/DIA-DEL-NINO-8-1536x1023.jpeg.webp 1536w, https:\/\/883radiociudad.gob.ar\/wp-content\/uploads\/2023\/08\/DIA-DEL-NINO-8.jpeg.webp 1600w\" \/><img loading=\"lazy\" decoding=\"async\" class=\"size-medium wp-image-45226 alignleft lazyautosizes lazyloaded\" src=\"https:\/\/883radiociudad.gob.ar\/wp-content\/uploads\/2023\/08\/DIA-DEL-NINO-8-300x200.jpeg\" sizes=\"auto, 300px\" srcset=\"https:\/\/883radiociudad.gob.ar\/wp-content\/uploads\/2023\/08\/DIA-DEL-NINO-8-300x200.jpeg 300w, https:\/\/883radiociudad.gob.ar\/wp-content\/uploads\/2023\/08\/DIA-DEL-NINO-8-1024x682.jpeg 1024w, https:\/\/883radiociudad.gob.ar\/wp-content\/uploads\/2023\/08\/DIA-DEL-NINO-8-768x512.jpeg 768w, https:\/\/883radiociudad.gob.ar\/wp-content\/uploads\/2023\/08\/DIA-DEL-NINO-8-1536x1023.jpeg 1536w, https:\/\/883radiociudad.gob.ar\/wp-content\/uploads\/2023\/08\/DIA-DEL-NINO-8.jpeg 1600w\" alt=\"\" width=\"300\" height=\"200\" data-eio=\"p\" data-src=\"https:\/\/883radiociudad.gob.ar\/wp-content\/uploads\/2023\/08\/DIA-DEL-NINO-8-300x200.jpeg\" data-srcset=\"https:\/\/883radiociudad.gob.ar\/wp-content\/uploads\/2023\/08\/DIA-DEL-NINO-8-300x200.jpeg 300w, https:\/\/883radiociudad.gob.ar\/wp-content\/uploads\/2023\/08\/DIA-DEL-NINO-8-1024x682.jpeg 1024w, https:\/\/883radiociudad.gob.ar\/wp-content\/uploads\/2023\/08\/DIA-DEL-NINO-8-768x512.jpeg 768w, https:\/\/883radiociudad.gob.ar\/wp-content\/uploads\/2023\/08\/DIA-DEL-NINO-8-1536x1023.jpeg 1536w, https:\/\/883radiociudad.gob.ar\/wp-content\/uploads\/2023\/08\/DIA-DEL-NINO-8.jpeg 1600w\" data-sizes=\"auto\" data-eio-rwidth=\"300\" data-eio-rheight=\"200\" \/><\/picture>\u00a0<\/strong><\/p>\n<p>Una espl\u00e9ndida tarde acompa\u00f1\u00f3 los festejos. Una multitud calculada en 30 mil personas, se hizo presente en el predio Costa Surub\u00ed donde el gobierno municipal a trav\u00e9s de sus diferentes \u00e1reas articul\u00f3 las actividades dedicadas a los ni\u00f1os y ni\u00f1as de la ciudad y el campo.\u00a0 Hubo inflables, concursos deportivos, adem\u00e1s de\u00a0 sorteos de bicicletas, pelotas y otros juguetes que concentraron la atenci\u00f3n de los m\u00e1s chicos.<strong><picture><source srcset=\"https:\/\/883radiociudad.gob.ar\/wp-content\/uploads\/2023\/08\/DIA-DEL-NINO-9-300x200.jpeg.webp 300w, https:\/\/883radiociudad.gob.ar\/wp-content\/uploads\/2023\/08\/DIA-DEL-NINO-9-1024x682.jpeg.webp 1024w, https:\/\/883radiociudad.gob.ar\/wp-content\/uploads\/2023\/08\/DIA-DEL-NINO-9-768x512.jpeg.webp 768w, https:\/\/883radiociudad.gob.ar\/wp-content\/uploads\/2023\/08\/DIA-DEL-NINO-9-1536x1023.jpeg.webp 1536w, https:\/\/883radiociudad.gob.ar\/wp-content\/uploads\/2023\/08\/DIA-DEL-NINO-9.jpeg.webp 1600w\" type=\"image\/webp\" sizes=\"300px\" data-srcset=\"https:\/\/883radiociudad.gob.ar\/wp-content\/uploads\/2023\/08\/DIA-DEL-NINO-9-300x200.jpeg.webp 300w, https:\/\/883radiociudad.gob.ar\/wp-content\/uploads\/2023\/08\/DIA-DEL-NINO-9-1024x682.jpeg.webp 1024w, https:\/\/883radiociudad.gob.ar\/wp-content\/uploads\/2023\/08\/DIA-DEL-NINO-9-768x512.jpeg.webp 768w, https:\/\/883radiociudad.gob.ar\/wp-content\/uploads\/2023\/08\/DIA-DEL-NINO-9-1536x1023.jpeg.webp 1536w, https:\/\/883radiociudad.gob.ar\/wp-content\/uploads\/2023\/08\/DIA-DEL-NINO-9.jpeg.webp 1600w\" \/><img loading=\"lazy\" decoding=\"async\" class=\"size-medium wp-image-45225 alignright lazyautosizes lazyloaded\" src=\"https:\/\/883radiociudad.gob.ar\/wp-content\/uploads\/2023\/08\/DIA-DEL-NINO-9-300x200.jpeg\" sizes=\"auto, 300px\" srcset=\"https:\/\/883radiociudad.gob.ar\/wp-content\/uploads\/2023\/08\/DIA-DEL-NINO-9-300x200.jpeg 300w, https:\/\/883radiociudad.gob.ar\/wp-content\/uploads\/2023\/08\/DIA-DEL-NINO-9-1024x682.jpeg 1024w, https:\/\/883radiociudad.gob.ar\/wp-content\/uploads\/2023\/08\/DIA-DEL-NINO-9-768x512.jpeg 768w, https:\/\/883radiociudad.gob.ar\/wp-content\/uploads\/2023\/08\/DIA-DEL-NINO-9-1536x1023.jpeg 1536w, https:\/\/883radiociudad.gob.ar\/wp-content\/uploads\/2023\/08\/DIA-DEL-NINO-9.jpeg 1600w\" alt=\"\" width=\"300\" height=\"200\" data-eio=\"p\" data-src=\"https:\/\/883radiociudad.gob.ar\/wp-content\/uploads\/2023\/08\/DIA-DEL-NINO-9-300x200.jpeg\" data-srcset=\"https:\/\/883radiociudad.gob.ar\/wp-content\/uploads\/2023\/08\/DIA-DEL-NINO-9-300x200.jpeg 300w, https:\/\/883radiociudad.gob.ar\/wp-content\/uploads\/2023\/08\/DIA-DEL-NINO-9-1024x682.jpeg 1024w, https:\/\/883radiociudad.gob.ar\/wp-content\/uploads\/2023\/08\/DIA-DEL-NINO-9-768x512.jpeg 768w, https:\/\/883radiociudad.gob.ar\/wp-content\/uploads\/2023\/08\/DIA-DEL-NINO-9-1536x1023.jpeg 1536w, https:\/\/883radiociudad.gob.ar\/wp-content\/uploads\/2023\/08\/DIA-DEL-NINO-9.jpeg 1600w\" data-sizes=\"auto\" data-eio-rwidth=\"300\" data-eio-rheight=\"200\" \/><\/picture><\/strong><\/p>\n<p>Se presentaron numerosos espect\u00e1culos musicales Desde Semilla Eterna hasta La Banda de Carlitos, el escenario cobr\u00f3 vida con actuaciones que captaron la atenci\u00f3n de grandes y chicos por igual.<\/p>\n<p>La magia y el arte tambi\u00e9n fueron protagonistas de esta fiesta. Desde Adaway Belly Dance hasta el Coro Infanto Juvenil, pasando por Killi Dance, los talentos locales se unieron para brindar momentos memorables. El evento cont\u00f3 con los personajes de Paw Patrol, con un espect\u00e1culo presentado por Clap Producciones.<\/p>\n<p>Tambi\u00e9n fue destacada la presentaci\u00f3n del mago John, quien en la tarde del domingo despleg\u00f3 su destreza y encanto en un show que gust\u00f3 a todos. La danza tambi\u00e9n tuvo su espacio, con institutos como Danzarte, Ch\u00e9vere, Movimiento y Liberarte, que aportaron su gracia y pasi\u00f3n en cada paso.<strong><picture><source srcset=\"https:\/\/883radiociudad.gob.ar\/wp-content\/uploads\/2023\/08\/DIA-DEL-NINO-6-300x200.jpeg.webp 300w, https:\/\/883radiociudad.gob.ar\/wp-content\/uploads\/2023\/08\/DIA-DEL-NINO-6-1024x682.jpeg.webp 1024w, https:\/\/883radiociudad.gob.ar\/wp-content\/uploads\/2023\/08\/DIA-DEL-NINO-6-768x512.jpeg.webp 768w, https:\/\/883radiociudad.gob.ar\/wp-content\/uploads\/2023\/08\/DIA-DEL-NINO-6-1536x1023.jpeg.webp 1536w, https:\/\/883radiociudad.gob.ar\/wp-content\/uploads\/2023\/08\/DIA-DEL-NINO-6.jpeg.webp 1600w\" type=\"image\/webp\" sizes=\"300px\" data-srcset=\"https:\/\/883radiociudad.gob.ar\/wp-content\/uploads\/2023\/08\/DIA-DEL-NINO-6-300x200.jpeg.webp 300w, https:\/\/883radiociudad.gob.ar\/wp-content\/uploads\/2023\/08\/DIA-DEL-NINO-6-1024x682.jpeg.webp 1024w, https:\/\/883radiociudad.gob.ar\/wp-content\/uploads\/2023\/08\/DIA-DEL-NINO-6-768x512.jpeg.webp 768w, https:\/\/883radiociudad.gob.ar\/wp-content\/uploads\/2023\/08\/DIA-DEL-NINO-6-1536x1023.jpeg.webp 1536w, https:\/\/883radiociudad.gob.ar\/wp-content\/uploads\/2023\/08\/DIA-DEL-NINO-6.jpeg.webp 1600w\" \/><img loading=\"lazy\" decoding=\"async\" class=\"size-medium wp-image-45227 alignleft lazyautosizes lazyloaded\" src=\"https:\/\/883radiociudad.gob.ar\/wp-content\/uploads\/2023\/08\/DIA-DEL-NINO-6-300x200.jpeg\" sizes=\"auto, 300px\" srcset=\"https:\/\/883radiociudad.gob.ar\/wp-content\/uploads\/2023\/08\/DIA-DEL-NINO-6-300x200.jpeg 300w, https:\/\/883radiociudad.gob.ar\/wp-content\/uploads\/2023\/08\/DIA-DEL-NINO-6-1024x682.jpeg 1024w, https:\/\/883radiociudad.gob.ar\/wp-content\/uploads\/2023\/08\/DIA-DEL-NINO-6-768x512.jpeg 768w, https:\/\/883radiociudad.gob.ar\/wp-content\/uploads\/2023\/08\/DIA-DEL-NINO-6-1536x1023.jpeg 1536w, https:\/\/883radiociudad.gob.ar\/wp-content\/uploads\/2023\/08\/DIA-DEL-NINO-6.jpeg 1600w\" alt=\"\" width=\"300\" height=\"200\" data-eio=\"p\" data-src=\"https:\/\/883radiociudad.gob.ar\/wp-content\/uploads\/2023\/08\/DIA-DEL-NINO-6-300x200.jpeg\" data-srcset=\"https:\/\/883radiociudad.gob.ar\/wp-content\/uploads\/2023\/08\/DIA-DEL-NINO-6-300x200.jpeg 300w, https:\/\/883radiociudad.gob.ar\/wp-content\/uploads\/2023\/08\/DIA-DEL-NINO-6-1024x682.jpeg 1024w, https:\/\/883radiociudad.gob.ar\/wp-content\/uploads\/2023\/08\/DIA-DEL-NINO-6-768x512.jpeg 768w, https:\/\/883radiociudad.gob.ar\/wp-content\/uploads\/2023\/08\/DIA-DEL-NINO-6-1536x1023.jpeg 1536w, https:\/\/883radiociudad.gob.ar\/wp-content\/uploads\/2023\/08\/DIA-DEL-NINO-6.jpeg 1600w\" data-sizes=\"auto\" data-eio-rwidth=\"300\" data-eio-rheight=\"200\" \/><\/picture><\/strong><\/p>\n<p>En el cierre se present\u00f3 un show musical reuniendo a los \u201cSuperh\u00e9roes\u201d y a los personajes de Frozen que pusieron el broche de oro a esta celebraci\u00f3n pensada exclusivamente para los m\u00e1s chicos.<\/p>\n<p>Para garantizar la comodidad de todos, se dispuso un servicio de transporte que parti\u00f3 a las 13 horas desde diferentes puntos estrat\u00e9gicos de la ciudad y zona rural, como el CIC Sur, SUM barrio Esperanza, Club San Ram\u00f3n, Capillas Santa Rita y San Juan en 1ra Secci\u00f3n, Capilla Cruz de Los Milagros en Punta Batel 2da secci\u00f3n, Capilla San Antonio en 3ra secci\u00f3n, entre otros.<\/p>\n<div class=\"at-below-post addthis_tool\" data-url=\"https:\/\/883radiociudad.gob.ar\/mas-de-30-mil-personas-acompanaron-el-agasajo-de-la-municipalidad-a-ninos-y-ninas\/\"><\/div>\n<div class=\"post-item-metadata entry-meta\"><\/div>\n<nav class=\"navigation post-navigation\" aria-label=\"Continue Reading\">\n<h2 class=\"screen-reader-text\">Continue Reading<\/h2>\n<div class=\"nav-links\">\n<div class=\"nav-previous\"><\/div>\n<\/div>\n<\/nav>\n","protected":false},"excerpt":{"rendered":"<p>Las familias acompa\u00f1aron a los ni\u00f1os y ni\u00f1as que celebraron su d\u00eda, en un agasajo organizado por la Municipalidad con los consejos vecinales, que prepararon el chocolate. M\u00e1s de 170 personas trabajaron en la elaboraci\u00f3n del chocolate desde temprano en la ma\u00f1ana.\u00a0 Participaron todas las \u00e1reas de la Municipalidad con distintos puestos donde se ofrecieron [&hellip;]<\/p>\n","protected":false},"author":2,"featured_media":18525,"comment_status":"closed","ping_status":"closed","sticky":false,"template":"","format":"standard","meta":{"footnotes":""},"categories":[56],"tags":[],"class_list":{"0":"post-18524","1":"post","2":"type-post","3":"status-publish","4":"format-standard","5":"has-post-thumbnail","7":"category-locales"},"_links":{"self":[{"href":"https:\/\/radiobitacora.com.ar\/web\/wp-json\/wp\/v2\/posts\/18524","targetHints":{"allow":["GET"]}}],"collection":[{"href":"https:\/\/radiobitacora.com.ar\/web\/wp-json\/wp\/v2\/posts"}],"about":[{"href":"https:\/\/radiobitacora.com.ar\/web\/wp-json\/wp\/v2\/types\/post"}],"author":[{"embeddable":true,"href":"https:\/\/radiobitacora.com.ar\/web\/wp-json\/wp\/v2\/users\/2"}],"replies":[{"embeddable":true,"href":"https:\/\/radiobitacora.com.ar\/web\/wp-json\/wp\/v2\/comments?post=18524"}],"version-history":[{"count":0,"href":"https:\/\/radiobitacora.com.ar\/web\/wp-json\/wp\/v2\/posts\/18524\/revisions"}],"wp:featuredmedia":[{"embeddable":true,"href":"https:\/\/radiobitacora.com.ar\/web\/wp-json\/wp\/v2\/media\/18525"}],"wp:attachment":[{"href":"https:\/\/radiobitacora.com.ar\/web\/wp-json\/wp\/v2\/media?parent=18524"}],"wp:term":[{"taxonomy":"category","embeddable":true,"href":"https:\/\/radiobitacora.com.ar\/web\/wp-json\/wp\/v2\/categories?post=18524"},{"taxonomy":"post_tag","embeddable":true,"href":"https:\/\/radiobitacora.com.ar\/web\/wp-json\/wp\/v2\/tags?post=18524"}],"curies":[{"name":"wp","href":"https:\/\/api.w.org\/{rel}","templated":true}]}}