{"id":18542,"date":"2023-08-30T07:38:32","date_gmt":"2023-08-30T10:38:32","guid":{"rendered":"https:\/\/radiobitacora.com.ar\/web\/?p=18542"},"modified":"2023-08-30T07:38:32","modified_gmt":"2023-08-30T10:38:32","slug":"agradecimiento-y-un-pedido-especial-de-valdes-a-toyota-argentina","status":"publish","type":"post","link":"https:\/\/radiobitacora.com.ar\/web\/2023\/08\/30\/agradecimiento-y-un-pedido-especial-de-valdes-a-toyota-argentina\/","title":{"rendered":"Agradecimiento y un pedido especial de Vald\u00e9s a Toyota Argentina"},"content":{"rendered":"<p>El gobernador Gustavo Vald\u00e9s agradeci\u00f3 a Audec y Toyota por la confianza en los correntinos. \u201cToyota no solo est\u00e1 en las buenas, tambi\u00e9n estuvo en las malas, cuando nos incendi\u00e1bamos, Toyota nos ayud\u00f3. Les compramos 100 camionetas para los bomberos\u201d, dijo.<\/p>\n<p>Luego el mandatario, se refiri\u00f3 al trabajo de log\u00edstica que realiza la marca para llevar sus productos a Brasil \u00a0y aprovech\u00f3 para mencionar que Paso de los Libres cuenta con 500 hect\u00e1reas para brindar la log\u00edstica que necesita la marca para sus productos. \u201cOjal\u00e1 podamos seguir trabajando juntos y generar m\u00e1s puestos de trabajo para los correntinos\u201d, dijo.<\/p>\n<p>En declaraciones a El Litoral, Vald\u00e9s explic\u00f3: \u201cPor supuesto que tenemos m\u00e1s desaf\u00edos. Toda la producci\u00f3n de Toyota hacia Brasil es de una log\u00edstica importante. Hace pie y sale por Uruguayana, nosotros queremos ofrecer la responsabilidad de un gobierno serio. Hemos invertido para ofrecer todo un centro log\u00edstico en Paso de los Libres, tenemos 500 hect\u00e1reas desarrolladas por el gobierno de la provincia de Corrientes. Venimos invirtiendo pesito a pesito para que nosotros podamos tener todo ac\u00e1, para esa minuciosa log\u00edstica de Toyota Argentina. Ojal\u00e1 alg\u00fan d\u00eda podamos ser \u00fatil para que Toyota pueda compartir toda esa log\u00edstica, generar nueva mano de obra\u201d.<\/p>\n<div class=\"container_publi\" data-tipo=\"tipo_desktop \" data-pos=\"AMP_P1_cuerpo\"><\/div>\n<p>\u201cYa es una realidad el Centro Log\u00edstico en Paso de los Libres, ojal\u00e1 que podamos contar con una empresa del nivel internacional que tiene Toyota y que sea apoyo para la distribuci\u00f3n y la log\u00edstica de sus veh\u00edculos en la Argentina. \u00a0Hay que ser confiable y hay que trabajar conjuntamente con ellos para poder hacerlo\u201d, agreg\u00f3.<\/p>\n","protected":false},"excerpt":{"rendered":"<p>El gobernador Gustavo Vald\u00e9s agradeci\u00f3 a Audec y Toyota por la confianza en los correntinos. \u201cToyota no solo est\u00e1 en las buenas, tambi\u00e9n estuvo en las malas, cuando nos incendi\u00e1bamos, Toyota nos ayud\u00f3. Les compramos 100 camionetas para los bomberos\u201d, dijo. Luego el mandatario, se refiri\u00f3 al trabajo de log\u00edstica que realiza la marca para [&hellip;]<\/p>\n","protected":false},"author":2,"featured_media":18543,"comment_status":"closed","ping_status":"closed","sticky":false,"template":"","format":"standard","meta":{"footnotes":""},"categories":[79],"tags":[],"class_list":{"0":"post-18542","1":"post","2":"type-post","3":"status-publish","4":"format-standard","5":"has-post-thumbnail","7":"category-politica"},"_links":{"self":[{"href":"https:\/\/radiobitacora.com.ar\/web\/wp-json\/wp\/v2\/posts\/18542","targetHints":{"allow":["GET"]}}],"collection":[{"href":"https:\/\/radiobitacora.com.ar\/web\/wp-json\/wp\/v2\/posts"}],"about":[{"href":"https:\/\/radiobitacora.com.ar\/web\/wp-json\/wp\/v2\/types\/post"}],"author":[{"embeddable":true,"href":"https:\/\/radiobitacora.com.ar\/web\/wp-json\/wp\/v2\/users\/2"}],"replies":[{"embeddable":true,"href":"https:\/\/radiobitacora.com.ar\/web\/wp-json\/wp\/v2\/comments?post=18542"}],"version-history":[{"count":0,"href":"https:\/\/radiobitacora.com.ar\/web\/wp-json\/wp\/v2\/posts\/18542\/revisions"}],"wp:featuredmedia":[{"embeddable":true,"href":"https:\/\/radiobitacora.com.ar\/web\/wp-json\/wp\/v2\/media\/18543"}],"wp:attachment":[{"href":"https:\/\/radiobitacora.com.ar\/web\/wp-json\/wp\/v2\/media?parent=18542"}],"wp:term":[{"taxonomy":"category","embeddable":true,"href":"https:\/\/radiobitacora.com.ar\/web\/wp-json\/wp\/v2\/categories?post=18542"},{"taxonomy":"post_tag","embeddable":true,"href":"https:\/\/radiobitacora.com.ar\/web\/wp-json\/wp\/v2\/tags?post=18542"}],"curies":[{"name":"wp","href":"https:\/\/api.w.org\/{rel}","templated":true}]}}