{"id":18554,"date":"2023-08-30T08:18:35","date_gmt":"2023-08-30T11:18:35","guid":{"rendered":"https:\/\/radiobitacora.com.ar\/web\/?p=18554"},"modified":"2023-08-30T08:18:35","modified_gmt":"2023-08-30T11:18:35","slug":"bono-once-provincias-no-pagaran-y-otras-tres-ya-confirmaron-que-si","status":"publish","type":"post","link":"https:\/\/radiobitacora.com.ar\/web\/2023\/08\/30\/bono-once-provincias-no-pagaran-y-otras-tres-ya-confirmaron-que-si\/","title":{"rendered":"Bono: once provincias no pagar\u00e1n y otras tres ya confirmaron que s\u00ed"},"content":{"rendered":"<article class=\"article-body article-body--first-paragraph content-protected-false\" data-td-script-src=\"https:\/\/www.ambito.com\/td\/modulos\/encuestas\/js\/function-embeds-min-version-1660312129.js\">El anuncio del\u00a0<strong><a href=\"https:\/\/www.ambito.com\/economia\/bono-60000-trabajadores-quienes-lo-cobraran-y-cuando-n5805952\" target=\"_blank\" rel=\"follow noopener\">bono<\/a><\/strong>\u00a0de\u00a0<strong><a href=\"https:\/\/www.ambito.com\/economia\/multaran-las-empresas-que-no-paguen-el-bono-sus-trabajadores-n5806974\" target=\"_blank\" rel=\"follow noopener\">$60.000<\/a><\/strong>\u00a0para<strong>\u00a0trabajadores en relaci\u00f3n de dependencia<\/strong>\u00a0fue una de las medidas que provocaron mayor alivio en los\u00a0<strong>ingresos<\/strong>. Sin embargo, para los\u00a0<strong>estatales\u00a0<\/strong>exist\u00eda un asterisco en el monto: si bien se garantizaban los dos pagos para\u00a0<strong>septiembre\u00a0<\/strong>y\u00a0<strong>octubre<\/strong>\u00a0a los empleados nacionales, cada provincia deb\u00eda encargarse de otorgarle la suma a sus respectivos contratados.<\/p>\n<\/article>\n<article class=\"article-body article-body--second-paragraph content-protected-false\">En ese marco,\u00a0<strong>Gerardo Zamora<\/strong>, gobernador de<strong>\u00a0<a href=\"https:\/\/www.ambito.com\/economia\/santiago-del-estero-anuncio-un-bono-400000-quienes-alcanza-n5807108\" target=\"_blank\" rel=\"follow noopener\">Santiago del Estero<\/a>,\u00a0<\/strong>fue uno de los primeros en confirmar que abonar\u00eda el\u00a0<strong>bono<\/strong>\u00a0aunque con sus propias condiciones:\u00a0<strong>aumento salarial de $55.000\u00a0<\/strong>y una suma de\u00a0<strong>$400.000 a pagarse en cuatro cuotas<\/strong>.<\/p>\n<\/article>\n<article class=\"article-body article-body--third-paragraph content-protected-false\">En el bando opositor, el radical\u00a0<strong>Rodolfo Su\u00e1rez\u00a0<\/strong>tambi\u00e9n confirm\u00f3 que se plegar\u00e1 al anuncio nacional abonando\u00a0<strong>$60.000\u00a0<\/strong>en dos meses para los\u00a0<strong>trabajadores estatales\u00a0<\/strong>de\u00a0<strong>Mendoza<\/strong>.<\/p>\n<\/article>\n<article class=\"article-body article-body--fourth-paragraph content-protected-false\">Por su parte,\u00a0<strong>Ricardo Quintela<\/strong>\u00a0anunci\u00f3 -a la manera de\u00a0<strong>Sergio Massa<\/strong>, con una serie de videos publicados en sus redes sociales que enumeraban distintos anuncios- que los empleados de\u00a0<strong>La Rioja\u00a0<\/strong>recibir\u00e1n un\u00a0<strong>incremento del 5% del sueldo b\u00e1sico<\/strong>\u00a0junto a una\u00a0<strong>suma fija de $55.000<\/strong>. Las medida<strong>s no alcanzan a funcionarios de rangos superiores\u00a0<\/strong>a secretarios, ministros, los cinco miembros del Tribunal de Cuentas y jueces del Tribunal Superior, ni a diputados ni intendentes.<\/p>\n<\/article>\n<article class=\"article-body article-body--remaining-paragraph content-protected-false\">\n<div id=\"embed3801_wrap\" class=\"embed_cont type_freetext\" contenteditable=\"false\" data-provider=\"twitter\">\n<div id=\"embed3801_content\" class=\"embed_content\">\n<div id=\"embed3801_embed\">\n<blockquote class=\"twitter-tweet\" data-td-script-src=\"https:\/\/platform.twitter.com\/widgets.js\">\n<p dir=\"ltr\" lang=\"es\">Quiero comunicarles que decidimos aplicar un aumento salarial teniendo en cuenta la situaci\u00f3n de emergencia econ\u00f3mica que estamos atravesando y tambi\u00e9n uni\u00e9ndonos a los recientes anuncios del Gobierno Nacional, que brind\u00f3 el ministro de econom\u00eda\u00a0<a href=\"https:\/\/twitter.com\/SergioMassa?ref_src=twsrc%5Etfw\">@SergioMassa<\/a>.\u00a0<a href=\"https:\/\/t.co\/7TlQ6xbZiZ\">pic.twitter.com\/7TlQ6xbZiZ<\/a><\/p>\n<p>\u2014 Ricardo Quintela (@QuintelaRicardo)\u00a0<a href=\"https:\/\/twitter.com\/QuintelaRicardo\/status\/1696308698052780391?ref_src=twsrc%5Etfw\">August 28, 2023<\/a><\/p><\/blockquote>\n<\/div>\n<\/div>\n<\/div>\n<h2>Bono del gobierno: once provincias y la ciudad de Buenos Aires no pagar\u00e1n<\/h2>\n<p class=\"com-paragraph   --s\">Por otro lado, otros cuatro distritos anunciaron que no dar\u00e1n un monto especial como el que dispuso el gobierno. En las \u00faltimas horas, trascendi\u00f3 la confirmaci\u00f3n del ministro de Trabajo santafesino,\u00a0<strong>Juan Manuel Pusineri<\/strong>: &#8220;<strong>La provincia de Santa Fe no va a pagar el bono<\/strong>, va a pagar la paritaria&#8221;.<\/p>\n<p class=\"com-paragraph   --s\">Adem\u00e1s, detall\u00f3 en el programa local Radioinforme 3 que &#8220;en la provincia tenemos un acuerdo paritario que se termin\u00f3 de definir hace d\u00edas. Tenemos un<strong>\u00a025% de aumento sobre los salarios de febrero<\/strong>. Se suman m\u00e1s aumentos y cl\u00e1usulas de actualizaci\u00f3n autom\u00e1tica&#8221;.<\/p>\n<p>En esa misma l\u00ednea argument\u00f3\u00a0<strong>Adolfo Safr\u00e1n<\/strong>, ministro de Hacienda de la provincia de\u00a0<strong>Misiones<\/strong>, que confirm\u00f3 que en su distrito no se abonar\u00e1 el bono porque estipularon &#8220;<strong>aumentos en julio y agosto\u00a0<\/strong>y hay otros sectores como la\u00a0<strong>docencia\u00a0<\/strong>y las<strong>\u00a0fuerzas de seguridad<\/strong>\u00a0que recibir\u00e1n incrementos en septiembre&#8221;.<\/p>\n<p>Por su parte, el gobernador electo de<strong>\u00a0Jujuy<\/strong>\u00a0y actual ministro de Hacienda,<strong>\u00a0Carlos Sadir<\/strong>, argument\u00f3 que su gobierno &#8220;<strong>no est\u00e1 en condiciones de pagar un bono<\/strong>\u201d a pesar de que &#8220;hay una recuperaci\u00f3n real del salario en nuestra provincia&#8221;. \u201cLo descarto de plano,<strong>\u00a0salvo que el Gobierno nacional nos env\u00ede los recursos&#8221;<\/strong>, concluy\u00f3 el dirigente radical.<\/p>\n<p>Antes de ingresar a la reuni\u00f3n del\u00a0<strong>Consejo Provincial del Partido Justicial<\/strong>, el gobernador reelecto\u00a0<strong>Sergio Ziliotto<\/strong>\u00a0afirm\u00f3 que no pagar\u00e1 el bono porque &#8220;en\u00a0<strong>La Pampa<\/strong>\u00a0hace 4 a\u00f1os que garantizamos<strong>\u00a0cl\u00e1usula gatillo\u00a0<\/strong>por encima del nivel de la\u00a0<strong>inflaci\u00f3n<\/strong>\u00a0y hoy por hoy hay un esfuerzo mayor para los trabajadores que tienen cargas familiares&#8221;. &#8220;Habr\u00e1 una complementaci\u00f3n para los sectores de menos recursos&#8221;, adelant\u00f3.<\/p>\n<p>Por la provincia de\u00a0<strong>C\u00f3rdoba<\/strong>, la confirmaci\u00f3n de que no se pagar\u00e1 el\u00a0<strong>bono<\/strong>\u00a0lleg\u00f3 de parte del secretario general de la Gobernaci\u00f3n,<strong>\u00a0Julio C\u00e9sar Comello<\/strong>: &#8220;Con el aumento que hemos otorgado a todo el\u00a0<strong>sector p\u00fablico<\/strong>, ning\u00fan trabajador tendr\u00e1 un aumento menor a<strong>\u00a0$33.000<\/strong>. [&#8230;] En C\u00f3rdoba ya est\u00e1 consolidado con la porcentualidad con que los escalofones tienen&#8221;, declar\u00f3 en Radio Pulxo.<\/p>\n<p>En tanto a la provincia de\u00a0<strong>Entre R\u00edos<\/strong>,\u00a0<strong>Gustavo Bordet\u00a0<\/strong>confirm\u00f3 que su propia provincia\u00a0<strong>no pagar\u00eda el bono<\/strong>. \u201c<strong>Tenemos nuestro propio sistema de paritarias<\/strong>, con un 72% de aumento acumulado con el \u00faltimo incremento del 5% que acordamos este mes. Y si lo comparamos con la inflaci\u00f3n, por casi\u00a0<strong>15\/16 puntos por encima de la inflaci\u00f3n<\/strong>&#8220;, precis\u00f3 en la presentaci\u00f3n de obras de remodelaci\u00f3n en una escuela de\u00a0<strong>Paran\u00e1.<\/strong><\/p>\n<p class=\"paragraph\" data-mrf-recirculation=\"Links inline\">A trav\u00e9s de un comunicado, el Gobierno de\u00a0<strong>Neuqu\u00e9n<\/strong>, encabezado por\u00a0<strong>Omar Guti\u00e9rrez<\/strong>, explic\u00f3 el motivo por el que sus trabajadores estatales no recibir\u00e1n el bono: &#8220;La provincia no prev\u00e9 otorgar sumas fijas a\u00a0<strong>empleados estatales<\/strong>. La totalidad de los trabajadores est\u00e1n bajo\u00a0<strong>convenios colectivos<\/strong>\u00a0y se acord\u00f3 en paritarias con todos los<strong>\u00a0gremios<\/strong>&#8220;.<\/p>\n<p class=\"paragraph\" data-mrf-recirculation=\"Links inline\">\u201cSe recompondr\u00e1 el\u00a0<strong>salario estatal\u00a0<\/strong>en la medida de nuestras posibilidades\u201d, dijo el gobernador de<strong>\u00a0Tucum\u00e1n<\/strong>,\u00a0<strong>Juan Manzur<\/strong>, para La Gaceta en el marco de la negociaci\u00f3n paritaria que se est\u00e1 desarrollando con los\u00a0<strong>gremios estatales\u00a0<\/strong>en este momento en la provincia por tres meses, que no contemplar\u00e1 el pago del\u00a0<strong>bono<\/strong>.<\/p>\n<p class=\"paragraph\" data-mrf-recirculation=\"Links inline\">Al haber anunciado en mayo un\u00a0<strong>bono propio de $120.000\u00a0<\/strong>a pagar en seis cuotas, al que se le a\u00f1adieron en el \u00faltimo mes dos cuotas extras de\u00a0<strong>$20.000\u00a0<\/strong>cada una antes de fin de a\u00f1o, la provincia de\u00a0<strong>Catamarca\u00a0<\/strong>tampoco se plegar\u00e1 a la medida.<\/p>\n<p class=\"paragraph\" data-mrf-recirculation=\"Links inline\">Situaci\u00f3n similar ocurre en\u00a0<strong>Santa Cruz<\/strong>, donde\u00a0<strong>Alicia Kirchner\u00a0<\/strong>anunci\u00f3 el pasado 15 de julio el pago de un bono de\u00a0<strong>$100.000\u00a0<\/strong>para quienes ganen un salario bruto inferior a<strong>\u00a0$300.000\u00a0<\/strong>y de\u00a0<strong>$60.000<\/strong>, para quienes superan ese ingreso. En simult\u00e1neo, est\u00e1n negociando\u00a0<strong>paritarias<\/strong>.<\/p>\n<p class=\"paragraph\" data-mrf-recirculation=\"Links inline\">En el caso de\u00a0<strong>Salta<\/strong>,\u00a0<strong>Ricardo Villada<\/strong>, ministro de Gobierno, sintetiz\u00f3: &#8220;Si nosotros no tenemos para afrontar una ayuda extraordinaria de estas caracter\u00edsticas,\u00a0<strong>sin ayuda de Naci\u00f3n<\/strong>, imag\u00ednese los municipios\u201d. \u201cVamos a ver si avanzamos en un esquema de\u00a0<strong>compensaci\u00f3n de la inflaci\u00f3n<\/strong>, o si planteamos un esquema de remuneraci\u00f3n fija\u201d, a\u00f1adi\u00f3.<\/p>\n<p class=\"paragraph\" data-mrf-recirculation=\"Links inline\">Finalmente, la\u00a0<strong>ciudad de Buenos Aires<\/strong>\u00a0tampoco abonar\u00e1 el\u00a0<strong>bono anunciado de $60.000<\/strong>\u00a0a sus\u00a0<strong>trabajadores estatales<\/strong>, sosteniendo que existe &#8220;una<strong>\u00a0paritaria mensual\u00a0<\/strong>abierta con todos los<strong>\u00a0gremios porte\u00f1os<\/strong>&#8221; que acompa\u00f1ar\u00eda el ritmo de la inflaci\u00f3n.<\/p>\n<\/article>\n","protected":false},"excerpt":{"rendered":"<p>El anuncio del\u00a0bono\u00a0de\u00a0$60.000\u00a0para\u00a0trabajadores en relaci\u00f3n de dependencia\u00a0fue una de las medidas que provocaron mayor alivio en los\u00a0ingresos. Sin embargo, para los\u00a0estatales\u00a0exist\u00eda un asterisco en el monto: si bien se garantizaban los dos pagos para\u00a0septiembre\u00a0y\u00a0octubre\u00a0a los empleados nacionales, cada provincia deb\u00eda encargarse de otorgarle la suma a sus respectivos contratados. En ese marco,\u00a0Gerardo Zamora, gobernador de\u00a0Santiago [&hellip;]<\/p>\n","protected":false},"author":2,"featured_media":18555,"comment_status":"closed","ping_status":"closed","sticky":false,"template":"","format":"standard","meta":{"footnotes":""},"categories":[65],"tags":[],"class_list":{"0":"post-18554","1":"post","2":"type-post","3":"status-publish","4":"format-standard","5":"has-post-thumbnail","7":"category-economia"},"_links":{"self":[{"href":"https:\/\/radiobitacora.com.ar\/web\/wp-json\/wp\/v2\/posts\/18554","targetHints":{"allow":["GET"]}}],"collection":[{"href":"https:\/\/radiobitacora.com.ar\/web\/wp-json\/wp\/v2\/posts"}],"about":[{"href":"https:\/\/radiobitacora.com.ar\/web\/wp-json\/wp\/v2\/types\/post"}],"author":[{"embeddable":true,"href":"https:\/\/radiobitacora.com.ar\/web\/wp-json\/wp\/v2\/users\/2"}],"replies":[{"embeddable":true,"href":"https:\/\/radiobitacora.com.ar\/web\/wp-json\/wp\/v2\/comments?post=18554"}],"version-history":[{"count":0,"href":"https:\/\/radiobitacora.com.ar\/web\/wp-json\/wp\/v2\/posts\/18554\/revisions"}],"wp:featuredmedia":[{"embeddable":true,"href":"https:\/\/radiobitacora.com.ar\/web\/wp-json\/wp\/v2\/media\/18555"}],"wp:attachment":[{"href":"https:\/\/radiobitacora.com.ar\/web\/wp-json\/wp\/v2\/media?parent=18554"}],"wp:term":[{"taxonomy":"category","embeddable":true,"href":"https:\/\/radiobitacora.com.ar\/web\/wp-json\/wp\/v2\/categories?post=18554"},{"taxonomy":"post_tag","embeddable":true,"href":"https:\/\/radiobitacora.com.ar\/web\/wp-json\/wp\/v2\/tags?post=18554"}],"curies":[{"name":"wp","href":"https:\/\/api.w.org\/{rel}","templated":true}]}}