{"id":18572,"date":"2023-08-31T11:22:41","date_gmt":"2023-08-31T14:22:41","guid":{"rendered":"https:\/\/radiobitacora.com.ar\/web\/?p=18572"},"modified":"2023-08-31T11:22:41","modified_gmt":"2023-08-31T14:22:41","slug":"camion-oftalmologico-llegara-a-goya-el-11-y-12-de-septiembre","status":"publish","type":"post","link":"https:\/\/radiobitacora.com.ar\/web\/2023\/08\/31\/camion-oftalmologico-llegara-a-goya-el-11-y-12-de-septiembre\/","title":{"rendered":"Cami\u00f3n Oftalmol\u00f3gico llegar\u00e1 a Goya el 11 y 12 de septiembre"},"content":{"rendered":"<p>En un esfuerzo por brindar\u00a0<strong>atenci\u00f3n oftalmol\u00f3gica accesible<\/strong>\u00a0a la comunidad de Goya, anuncian la llegada del\u00a0<em>Cami\u00f3n Oftalmol\u00f3gico<\/em>\u00a0los d\u00edas 11 y 12 de septiembre. Este evento, organizado por\u00a0<strong>el equipo de Sergio Massa Presidente<\/strong>\u00a0\ud83d\udc53, tiene como objetivo realizar\u00a0<strong>estudios de graduaci\u00f3n<\/strong>\u00a0\ud83d\udcda, ofreciendo una oportunidad invaluable para que los residentes de la ciudad puedan evaluar su\u00a0<strong>visi\u00f3n de manera precisa<\/strong>.<\/p>\n<p>Es importante destacar que los estudios llevados a cabo en el\u00a0<em>Cami\u00f3n Oftalmol\u00f3gico<\/em>\u00a0se enfocan en la\u00a0<strong>determinaci\u00f3n de la graduaci\u00f3n visual<\/strong>\u00a0\ud83d\udd2c. No se realizan procedimientos de\u00a0<strong>alta complejidad<\/strong>, como el estudio de\u00a0<strong>fondo de ojos<\/strong>\u00a0\ud83d\udc41\ufe0f\u200d\ud83d\udde8\ufe0f. Si durante el proceso de evaluaci\u00f3n se detectan condiciones como\u00a0<strong>cataratas<\/strong>\u00a0\ud83c\udf0a u otros problemas visuales, los t\u00e9cnicos no recetar\u00e1n lentes de inmediato. En su lugar, informar\u00e1n a la persona sobre la necesidad de someterse a un\u00a0<strong>estudio m\u00e1s exhaustivo<\/strong>\u00a0para obtener un\u00a0<strong>diagn\u00f3stico completo<\/strong>.<\/p>\n<p>Uno de los aspectos relevantes de esta iniciativa es la oferta de\u00a0<strong>anteojos a precios accesibles<\/strong>\u00a0\ud83d\udcb2. El modelo m\u00e1s econ\u00f3mico comienza desde los\u00a0<strong>$8.500 (ocho mil quinientos pesos)<\/strong>\u00a0e incluye el\u00a0<strong>cristal org\u00e1nico blanco de base<\/strong>, el\u00a0<strong>marco sin costo adicional<\/strong>\u00a0y el\u00a0<strong>estudio sin cargo<\/strong>. Sin embargo, aquellos que deseen mejoras en sus lentes, como\u00a0<strong>tratamientos fotocrom\u00e1ticos o antirreflejos<\/strong>\u00a0\ud83d\udc53, ver\u00e1n un\u00a0<strong>aumento en el precio final<\/strong>. Similarmente, el\u00a0<strong>costo variar\u00e1 en funci\u00f3n del nivel de aumento necesario<\/strong>.<\/p>\n<p>Para quienes busquen opciones m\u00e1s avanzadas, existe la posibilidad de adquirir un\u00a0<strong>lente multifocal<\/strong>\u00a0\ud83c\udf10,\u00a0<strong>fotocrom\u00e1tico<\/strong>\u00a0\ud83c\udf1e,\u00a0<strong>antirreflejo<\/strong>\u00a0y con\u00a0<strong>protecci\u00f3n UV<\/strong>\u00a0\u2600\ufe0f, cuyo valor es de\u00a0<strong>40 mil pesos<\/strong>. Cabe mencionar que este mismo lente tendr\u00eda un\u00a0<strong>precio cercano a los 72 mil pesos en una \u00f3ptica convencional<\/strong>. Adem\u00e1s, se ofrece la alternativa de elegir un\u00a0<strong>marco de metal reforzado<\/strong>\u00a0\ud83d\udd27, a un\u00a0<strong>costo adicional de 4 mil pesos junto con el valor del lente<\/strong>.<\/p>\n<p>El proceso de\u00a0<strong>adquisici\u00f3n de los lentes<\/strong>\u00a0contempla un\u00a0<strong>pago inicial de 4 mil pesos en concepto de se\u00f1a<\/strong>\u00a0\ud83d\udcb0, el cual se efect\u00faa el mismo d\u00eda en que se realiza el\u00a0<strong>estudio<\/strong>. Posteriormente, la\u00a0<strong>entrega de los lentes<\/strong>\u00a0se programar\u00e1 para\u00a0<strong>20 d\u00edas despu\u00e9s<\/strong>, momento en el cual se cancelar\u00e1 el\u00a0<strong>saldo pendiente correspondiente al lente seleccionado<\/strong>.<\/p>\n<p>La llegada del\u00a0<em>Cami\u00f3n Oftalmol\u00f3gico<\/em>\u00a0a Goya representa una\u00a0<strong>oportunidad valiosa para evaluar la visi\u00f3n de manera precisa<\/strong>\u00a0\ud83d\udd0d y acceder a\u00a0<strong>opciones de correcci\u00f3n visual a precios asequibles<\/strong>. No pierdas la oportunidad de aprovechar este\u00a0<strong>evento y cuidar tu salud visual<\/strong>.<\/p>\n<p>Lunes 11 y martes 12, de 08:00 a 12:00 y de 14:00 a 17:00. Consultas y turnos:\u00a0<strong>3777 66-5641<\/strong><\/p>\n","protected":false},"excerpt":{"rendered":"<p>En un esfuerzo por brindar\u00a0atenci\u00f3n oftalmol\u00f3gica accesible\u00a0a la comunidad de Goya, anuncian la llegada del\u00a0Cami\u00f3n Oftalmol\u00f3gico\u00a0los d\u00edas 11 y 12 de septiembre. Este evento, organizado por\u00a0el equipo de Sergio Massa Presidente\u00a0\ud83d\udc53, tiene como objetivo realizar\u00a0estudios de graduaci\u00f3n\u00a0\ud83d\udcda, ofreciendo una oportunidad invaluable para que los residentes de la ciudad puedan evaluar su\u00a0visi\u00f3n de manera precisa. Es [&hellip;]<\/p>\n","protected":false},"author":2,"featured_media":18573,"comment_status":"closed","ping_status":"closed","sticky":false,"template":"","format":"standard","meta":{"footnotes":""},"categories":[56],"tags":[],"class_list":{"0":"post-18572","1":"post","2":"type-post","3":"status-publish","4":"format-standard","5":"has-post-thumbnail","7":"category-locales"},"_links":{"self":[{"href":"https:\/\/radiobitacora.com.ar\/web\/wp-json\/wp\/v2\/posts\/18572","targetHints":{"allow":["GET"]}}],"collection":[{"href":"https:\/\/radiobitacora.com.ar\/web\/wp-json\/wp\/v2\/posts"}],"about":[{"href":"https:\/\/radiobitacora.com.ar\/web\/wp-json\/wp\/v2\/types\/post"}],"author":[{"embeddable":true,"href":"https:\/\/radiobitacora.com.ar\/web\/wp-json\/wp\/v2\/users\/2"}],"replies":[{"embeddable":true,"href":"https:\/\/radiobitacora.com.ar\/web\/wp-json\/wp\/v2\/comments?post=18572"}],"version-history":[{"count":0,"href":"https:\/\/radiobitacora.com.ar\/web\/wp-json\/wp\/v2\/posts\/18572\/revisions"}],"wp:featuredmedia":[{"embeddable":true,"href":"https:\/\/radiobitacora.com.ar\/web\/wp-json\/wp\/v2\/media\/18573"}],"wp:attachment":[{"href":"https:\/\/radiobitacora.com.ar\/web\/wp-json\/wp\/v2\/media?parent=18572"}],"wp:term":[{"taxonomy":"category","embeddable":true,"href":"https:\/\/radiobitacora.com.ar\/web\/wp-json\/wp\/v2\/categories?post=18572"},{"taxonomy":"post_tag","embeddable":true,"href":"https:\/\/radiobitacora.com.ar\/web\/wp-json\/wp\/v2\/tags?post=18572"}],"curies":[{"name":"wp","href":"https:\/\/api.w.org\/{rel}","templated":true}]}}