{"id":18620,"date":"2023-09-01T08:10:53","date_gmt":"2023-09-01T11:10:53","guid":{"rendered":"https:\/\/radiobitacora.com.ar\/web\/?p=18620"},"modified":"2023-09-01T08:10:53","modified_gmt":"2023-09-01T11:10:53","slug":"massa-lanzo-el-programa-previaje-5-y-afirmo-que-los-argentinos-tenemos-con-que-salir-adelante","status":"publish","type":"post","link":"https:\/\/radiobitacora.com.ar\/web\/2023\/09\/01\/massa-lanzo-el-programa-previaje-5-y-afirmo-que-los-argentinos-tenemos-con-que-salir-adelante\/","title":{"rendered":"Massa lanz\u00f3 el programa Previaje 5 y afirm\u00f3 que &#8220;los argentinos tenemos con qu\u00e9 salir adelante&#8221;"},"content":{"rendered":"<p>El ministro de Econom\u00eda, Sergio Massa, encabez\u00f3 el lanzamiento de la quinta edici\u00f3n del Previaje, defendi\u00f3 la inversi\u00f3n del Estado para promover la actividad econ\u00f3mica y afirm\u00f3 que \u201clos argentinos tenemos con qu\u00e9 salir adelante\u201d.<\/p>\n<p>En ese marco, convoc\u00f3 a la ciudadan\u00eda a \u201cdefender al pa\u00eds y a lo que valemos\u201d, durante su participaci\u00f3n en un acto en Paran\u00e1, Entre R\u00edos, que comparti\u00f3 con el ministro de Turismo y Deportes, Mat\u00edas Lammens, y el gobernador de esa provincia, Gustavo Bordet.<\/p>\n<p>Tambi\u00e9n formaron parte del lanzamiento l<strong>a vicegobernadora Mar\u00eda Laura Stratta; el intendente de Paran\u00e1, Ad\u00e1n Bahl; el presidente de la C\u00e1mara Argentina de Turismo, Gustavo Hani; el titular de Aerol\u00edneas Argentinas, Pablo Ceriani; y autoridades de Turismo de distintas provincias<\/strong>.<\/p>\n<p><strong>\u201cA pesar de las dificultades que tenemos como pa\u00eds, la crisis que tenemos que atravesar est\u00e1 terminando, y eso nos permite mirar un 2024 mucho mejor\u201d<\/strong>, dijo el candidato presidencial de Uni\u00f3n por la Patria (UxP).<\/p>\n<figure class=\"mb-3\"><img decoding=\"async\" class=\" lazy \" src=\"https:\/\/www.telam.com.ar\/thumbs\/bluesteel\/advf\/imagenes\/2023\/08\/64f11b5283c76_1200.jpg\" alt=\"Prensa Economa\" width=\"100%\" height=\"100%\" \/><\/p>\n<div class=\"media-icons\"><\/div><figcaption>Prensa: Econom\u00eda.<\/figcaption><\/figure>\n<p>&nbsp;<\/p>\n<h2 class=\"\">Sobre el programa<\/h2>\n<p>La nueva edici\u00f3n del Previaje permitir\u00e1 la compra de servicios tur\u00edsticos entre el 1 y el 7 de septiembre pr\u00f3ximos, para ser utilizados entre el 29 de ese mes y el 17 de octubre en todo el pa\u00eds. De esta manera, se incluye el \u00faltimo fin de semana extralargo del a\u00f1o (del 13 al 16\/10, por el D\u00eda del Respeto a la Diversidad Cultural).<\/p>\n<blockquote class=\"\"><p>En las cuatro ediciones anteriores hubo 7 millones de turistas que accedieron al programa<\/p><\/blockquote>\n<p><strong>Previaje es un programa de preventa tur\u00edstica que reintegra el 50% del valor de las compras relacionadas con el viaje en cr\u00e9ditos<\/strong>. En el caso de personas afiliadas al PAMI,\u00a0<strong>la devoluci\u00f3n ser\u00e1 del 70%<\/strong>.<\/p>\n<p><strong>La tarjeta de PreViaje<\/strong>\u00a0se podr\u00e1 utilizar tanto en servicios tur\u00edsticos (agencias de viajes y excursiones, alojamientos, alquiler de autos y equipamiento, gastronom\u00eda, transporte a\u00e9reo de cabotaje, terrestre de larga distancia y tur\u00edstico) como en consumos culturales (artesan\u00edas, cine, galer\u00edas, museos, productos regionales, recitales y teatros) de todo el pa\u00eds hasta el 31 de octubre de 2023.<\/p>\n<figure class=\"mb-3\"><img decoding=\"async\" class=\" lazy \" src=\"https:\/\/www.telam.com.ar\/thumbs\/bluesteel\/advf\/imagenes\/2023\/08\/64f11b529abed_1200.jpg\" alt=\"Prensa Economa\" width=\"100%\" height=\"100%\" \/><\/p>\n<div class=\"media-icons\"><\/div><figcaption>Prensa: Econom\u00eda.<\/figcaption><\/figure>\n<p>Los prestadores tur\u00edsticos que participaron de PreViaje 4 no deber\u00e1n volver a inscribirse en esta edici\u00f3n. Tampoco es necesario que los locales del sector est\u00e9n registrados en el programa para recibir pagos con la tarjeta, inform\u00f3 el Ministerio de Turismo.<\/p>\n<p>\u201cEl Previaje es la decisi\u00f3n del Estado de invertir en una pol\u00edtica para promover una actividad econ\u00f3mica. El Estado le devolver\u00e1 a la gente el 50% de lo que gasten y hasta 100.000 pesos para poder hacer turismo\u201d dentro del pa\u00eds, destac\u00f3 Massa.<\/p>\n<h2 class=\"\">\u201cLos invito a defender un proyecto industrial porque el turismo es una industria sin chimenea<\/h2>\n<p>\u201cEstamos en un momento especial del pa\u00eds donde algunas cosas que tenemos se ponen en juego. Tenemos turismo receptivo porque tenemos el Instituto Nacional de Promoci\u00f3n Tur\u00edstica (Inprotur) que promociona a la Argentina en el mundo\u201d, resalt\u00f3 el jefe del Palacio de Hacienda.<\/p>\n<figure class=\"left mb-3\"><img decoding=\"async\" class=\" lazy \" src=\"https:\/\/www.telam.com.ar\/thumbs\/bluesteel\/advf\/imagenes\/2023\/08\/64f11b52c8fe1_450.jpg\" alt=\"Prensa Economa\" width=\"100%\" height=\"100%\" \/><\/p>\n<div class=\"media-icons\"><\/div><figcaption>Prensa: Econom\u00eda.<\/figcaption><\/figure>\n<p>Y agreg\u00f3 que \u201cpodemos hacer el Previaje porque tenemos nuestra aerol\u00ednea de bandera a la que adem\u00e1s de agregarle durante todos estos a\u00f1os frecuencias y servicios, en pocas horas la estaremos equipando con 12 aviones Embraer nuevos de mayor capacidad\u201d.<\/p>\n<p>En esa l\u00ednea, Massa cuestion\u00f3 -sin nombrarlos- a los candidatos a presidentes de la oposici\u00f3n al sostener que \u201chay otros que dicen que esto es un gasto: que Aerol\u00edneas, el Inprotur y el Previaje son gastos, y que tiene que viajar el que pueda&#8221;.<\/p>\n<p>Tras lo cual afirm\u00f3 que &#8220;no somos ese pa\u00eds de mierda que ellos dicen y por eso queremos que cada argentino y argentina tenga la oportunidad de conocerlo y recorrerlo\u201d.<\/p>\n<p>Y prosigui\u00f3:\u00a0<strong>\u201cLos invito a defender un proyecto industrial porque el turismo es una industria sin chimenea, la gastronom\u00eda son industrias sin chimeneas que nos genera casi 650.00 empleos y m\u00e1s de US$1000 millones por mes de ingresos de divisas\u201d<\/strong>.<\/p>\n<p>Por \u00faltimo, el candidato a presidente por Uni\u00f3n por la Patria sostuvo que &#8220;para nosotros el Previaje 5 es un paso m\u00e1s en un camino&#8221; y prometi\u00f3 que &#8220;van a haber Previaje 6, 7, 8, 9 y 10 si en octubre y en noviembre los argentinos nos dan la oportunidad de seguir adelante&#8221;.<\/p>\n<blockquote class=\"\"><p>\u201cEl Previaje es la decisi\u00f3n del Estado de invertir en una pol\u00edtica para promover una actividad econ\u00f3mica. El Estado le devolver\u00e1 a la gente el 50% de lo que gasten y hasta 100.000 pesos para poder hacer turismo\u201d<cite class=\"author\">Sergio Massa<\/cite><\/p><\/blockquote>\n<p>De acuerdo a informaci\u00f3n oficial,\u00a0<strong>en las cuatro ediciones anteriores hubo 7 millones de turistas que accedieron al programa<\/strong>.<\/p>\n<p>El beneficio tuvo un impacto positivo para las econom\u00edas regionales de m\u00e1s de $658.000 millones y gener\u00f3 m\u00e1s de 60.000 empleos.<\/p>\n<p>El costo fiscal de la medida es bajo porque el Estado nacional recupera el 83% de lo invertido mediante recaudaci\u00f3n.<\/p>\n<figure class=\"mb-3\"><img decoding=\"async\" class=\" lazy \" src=\"https:\/\/www.telam.com.ar\/thumbs\/bluesteel\/advf\/imagenes\/2023\/08\/64f11bc599941_1200.jpg\" alt=\"Prensa Economa\" width=\"100%\" height=\"100%\" \/><\/p>\n<div class=\"media-icons\"><\/div><figcaption>Prensa: Econom\u00eda.<\/figcaption><\/figure>\n<p>Hasta el momento participaron de Previaje m\u00e1s de 20.000 establecimientos tur\u00edsticos, y las provincias de R\u00edo Negro, Santa Cruz, Mendoza, Tierra del Fuego, Neuqu\u00e9n, Misiones, Entre R\u00edos y Salta recibieron m\u00e1s del 62% de los comprobantes cargados.<\/p>\n<p>Al respecto, Lammens destac\u00f3 durante su intervenci\u00f3n en el acto oficial que &#8220;Previaje es la pol\u00edtica p\u00fablica mas importante de la historia en t\u00e9rminos de turismo&#8221;.<\/p>\n<div class=\"video_repositive\">\n<div id=\"fS2yJXGbcNM\" class=\"video_telam\">\n<div class=\"feature_article_inner\">\n<div class=\"feature_article_title\">\n<h2 class=\"text-center\">Lammens afirm\u00f3 que Previaje es &#8220;la pol\u00edtica p\u00fablica m\u00e1s importante&#8221; en t\u00e9rminos de turismo<\/h2>\n<\/div>\n<\/div>\n<div class=\"definition\">VER VIDEO\u00a0<i class=\"fas fa-play\"><\/i><\/div>\n<\/div>\n<\/div>\n<p>&#8220;No es suficiente un Estado presente sino uno que sea inteligente, eficiente y que invierta en la ciudadan\u00eda&#8221;, agreg\u00f3 el ministro.<\/p>\n<p>Y ponder\u00f3 que &#8220;el turismo hace 16 meses seguidos que encabeza la creaci\u00f3n de empleo registrado y es uno de los sectores que mas aporta en t\u00e9rminos de divisas y que m\u00e1s ha crecido en la evoluci\u00f3n interanual&#8221;.<\/p>\n<div class=\"jumbotron pt-4 mt-3\">\n<h3 class=\"module-title\">MASSA DIJO QUE LAS &#8220;EMPRESAS NO PUEDEN ELEGIR&#8221; SI PAGAN SUMA FIJA Y VALOR\u00d3 QUE TRABAJADORES TENGAN PLATA<\/h3>\n<p>El ministro de Econom\u00eda y candidato presidencial de Uni\u00f3n por la Patria (UxP), Sergio Massa, indic\u00f3 este jueves que\u00a0<strong>&#8220;las empresas no pueden elegir&#8221;<\/strong>\u00a0<strong>si pagar o no la suma fija de .000 para empleados privados<\/strong>, anunciado el domingo y ratificado anoche por decreto, y destac\u00f3 que<strong>\u00a0&#8220;el motor m\u00e1s importante de la econom\u00eda es que los trabajadores tengan plata en el bolsillo&#8221;.<\/strong><\/p>\n<p>&#8220;Las leyes laborales y decretos vinculados todos son de cumplimiento de orden p\u00fablico. Las empresas no pueden elegir, y los empresarios saben que el motor m\u00e1s importante de la econom\u00eda es que los trabajadores tengan plata en el bolsillo&#8221;, se\u00f1al\u00f3 Massa en declaraciones a los medios presentes en Entre R\u00edos, luego del acto donde puso en marcha el programa PreViaje 5.<\/p>\n<p>El ministro consider\u00f3 que &#8220;venimos de un proceso de enorme crecimiento de la rentabilidad empresaria y creo que hacer el esfuerzo de ponerle un peso en el bolsillo al laburante que la viene pasando mal es de todo empleador y empresario bien nacido&#8221;.<\/p>\n<p><strong>&#8220;Hay algunos que hacen pol\u00edtica y declaraciones, pero miles de pymes est\u00e1n contentas porque, para muchas, el empleado es casi de su familia. No lo vive en una relaci\u00f3n patr\u00f3n-empleado&#8221;<\/strong>, a\u00f1adi\u00f3.<\/p>\n<p>El presidente Alberto Fern\u00e1ndez firm\u00f3 anoche el decreto de una asignaci\u00f3n no remunerativa para los trabajadores que cumplen tareas en relaci\u00f3n de dependencia en el sector privado de 60.000 pesos, en dos cuotas de 30.000 pesos con &#8220;los salarios devengados en los meses de agosto y septiembre&#8221; pr\u00f3ximos.<\/p>\n<p>Seg\u00fan el Decreto de Necesidad y Urgencia presidencial 438\/2023, la asignaci\u00f3n ser\u00e1 otorgada &#8220;por \u00fanica vez&#8221; para trabajadores en relaci\u00f3n de dependencia del sector privado y trabajadores estatales a nivel nacional, por lo que los gobernadores e intendentes deber\u00e1n decidir por su cuenta si acoplarse o no a la medida en sus jurisdicciones.<\/p>\n<p>Al respecto, Massa indic\u00f3 que &#8220;hay gobernadores de todos los colores pol\u00edticos que de alguna manera ven\u00edan discutiendo paritarias y se les cruzaba, y hay otros que no, y ellos s\u00ed asumieron el bono&#8221;.<\/p>\n<p><strong>&#8220;Quienes plantearon que no, no fue un no a la medida, sino porque vienen discutiendo su propia paritaria. El decreto dice el bono es suma fija a cuenta o absorbe la paritari<\/strong>a&#8221;, detall\u00f3.<\/p>\n<p>Y expres\u00f3 que desde el gobierno nacional &#8220;no queremos meternos en la paritaria, porque la paritaria libre es una de las cosas que hemos recuperado en la Argentina&#8221;.<\/p>\n<p>&#8220;Lo que queremos es que cuando hay salarios muy bajos y hay situaciones que de alguna manera generan desequilibrio o desigualdad, el Estado fije un piso para que la discusi\u00f3n se eleve, para que el trabajador gane mejor&#8221;, complet\u00f3.<\/p>\n<\/div>\n","protected":false},"excerpt":{"rendered":"<p>El ministro de Econom\u00eda, Sergio Massa, encabez\u00f3 el lanzamiento de la quinta edici\u00f3n del Previaje, defendi\u00f3 la inversi\u00f3n del Estado para promover la actividad econ\u00f3mica y afirm\u00f3 que \u201clos argentinos tenemos con qu\u00e9 salir adelante\u201d. En ese marco, convoc\u00f3 a la ciudadan\u00eda a \u201cdefender al pa\u00eds y a lo que valemos\u201d, durante su participaci\u00f3n en [&hellip;]<\/p>\n","protected":false},"author":2,"featured_media":18621,"comment_status":"closed","ping_status":"closed","sticky":false,"template":"","format":"standard","meta":{"footnotes":""},"categories":[73],"tags":[],"class_list":{"0":"post-18620","1":"post","2":"type-post","3":"status-publish","4":"format-standard","5":"has-post-thumbnail","7":"category-turismo"},"_links":{"self":[{"href":"https:\/\/radiobitacora.com.ar\/web\/wp-json\/wp\/v2\/posts\/18620","targetHints":{"allow":["GET"]}}],"collection":[{"href":"https:\/\/radiobitacora.com.ar\/web\/wp-json\/wp\/v2\/posts"}],"about":[{"href":"https:\/\/radiobitacora.com.ar\/web\/wp-json\/wp\/v2\/types\/post"}],"author":[{"embeddable":true,"href":"https:\/\/radiobitacora.com.ar\/web\/wp-json\/wp\/v2\/users\/2"}],"replies":[{"embeddable":true,"href":"https:\/\/radiobitacora.com.ar\/web\/wp-json\/wp\/v2\/comments?post=18620"}],"version-history":[{"count":0,"href":"https:\/\/radiobitacora.com.ar\/web\/wp-json\/wp\/v2\/posts\/18620\/revisions"}],"wp:featuredmedia":[{"embeddable":true,"href":"https:\/\/radiobitacora.com.ar\/web\/wp-json\/wp\/v2\/media\/18621"}],"wp:attachment":[{"href":"https:\/\/radiobitacora.com.ar\/web\/wp-json\/wp\/v2\/media?parent=18620"}],"wp:term":[{"taxonomy":"category","embeddable":true,"href":"https:\/\/radiobitacora.com.ar\/web\/wp-json\/wp\/v2\/categories?post=18620"},{"taxonomy":"post_tag","embeddable":true,"href":"https:\/\/radiobitacora.com.ar\/web\/wp-json\/wp\/v2\/tags?post=18620"}],"curies":[{"name":"wp","href":"https:\/\/api.w.org\/{rel}","templated":true}]}}