{"id":18632,"date":"2023-09-01T08:41:41","date_gmt":"2023-09-01T11:41:41","guid":{"rendered":"https:\/\/radiobitacora.com.ar\/web\/?p=18632"},"modified":"2023-09-01T08:41:41","modified_gmt":"2023-09-01T11:41:41","slug":"movilizaciones-y-actos-a-un-ano-del-atentado-contra-cristina","status":"publish","type":"post","link":"https:\/\/radiobitacora.com.ar\/web\/2023\/09\/01\/movilizaciones-y-actos-a-un-ano-del-atentado-contra-cristina\/","title":{"rendered":"Movilizaciones y actos a un a\u00f1o del atentado contra Cristina"},"content":{"rendered":"<p>Organizaciones sociales, sindicales, feministas y de adultos mayores adherentes a Uni\u00f3n por la Patria (UxP) se movilizar\u00e1n este viernes en reclamo de &#8220;justicia&#8221;, contra la &#8220;impunidad&#8221; y para exigir castigo a los responsables, porque &#8220;con violencia pol\u00edtica no hay democracia&#8221;,\u00a0<strong>al cumplirse un a\u00f1o del intento de magnicidio contra la vicepresidenta Cristina Kirchner<\/strong>.<\/p>\n<p>La organizaci\u00f3n La Patria es el Otro realizar\u00e1 una\u00a0<strong>&#8220;Misa por la Paz, Patria y Democracia&#8221;<\/strong>\u00a0a las 17 en la Parroquia San Martin de Porres de la localidad bonaerense de Moreno, public\u00f3 en Twitter uno de sus referentes, el ministro de Desarrollo bonaerense,\u00a0<strong>Andr\u00e9s Larroque<\/strong>.<\/p>\n<p><strong>Luis Rivadeneira<\/strong>, referente de los\u00a0<strong>Jubilados de UxP<\/strong>, dijo a T\u00e9lam que a un a\u00f1o del intento de magnicidio &#8220;seguimos movilizados, con la consigna &#8216;Justicia x Cristina&#8217;, y este viernes\u00a0<strong>vamos a seguir exigiendo el esclarecimiento del hecho y el castigo a los autores principales, instigadores y a quienes financiaron el atentado<\/strong>. Para nosotros, sin justicia no hay ni habr\u00e1 democracia&#8221;.<\/p>\n<p>Las agrupaciones de jubilados convocan a concentrarse a las 15 en Entre R\u00edos e Hip\u00f3lito Yrigoyen, en uno de los ingresos al Congreso.<\/p>\n<p>La diputada nacional oficialista\u00a0<strong>Mar\u00eda Rosa Mart\u00ednez<\/strong>\u00a0dijo a esta agencia que la\u00a0<strong>Asamblea Feminista de la Ciudad de Buenos Aires<\/strong>, que nuclea a agrupaciones alineadas en el peronismo y aut\u00f3nomas, acord\u00f3 movilizarse a las 16 frente al Palacio de Justicia con la consigna &#8220;Con violencia pol\u00edtica no hay democracia. Feminismos con Cristina&#8221;.<\/p>\n<p>Record\u00f3 que con el atentado\u00a0<strong>&#8220;hubo un intento de quebrar la democracia&#8221;<\/strong>\u00a0y exhort\u00f3 a que la &#8220;violencia no sea el eje organizador de la sociedad&#8221; porque sin duda &#8220;estuvimos en peligro&#8221;.<\/p>\n<p>&#8220;Creo que Cristina est\u00e1 en peligro desde el 2014, pero la sociedad estuvo en peligro el 1\u00b0 de septiembre del a\u00f1o pasado&#8221;, dijo, y advirti\u00f3: &#8220;Yo propuse ir al Senado para darle un abrazo a Cristina y decirle ac\u00e1 estamos, pero est\u00e1 bueno ir a Tribunales, a la Corte Suprema donde la injusticia reina&#8221;, agreg\u00f3.<\/p>\n<p>A\u00f1adi\u00f3 que\u00a0<strong>tambi\u00e9n habr\u00e1 movilizaciones en las provincias<\/strong>\u00a0porque &#8220;Cristina no es capitalina, sino del pueblo&#8221;.<\/p>\n<p>La agrupaci\u00f3n\u00a0<strong>La C\u00e1mpora<\/strong>\u00a0proyect\u00f3 la noche del jueves un documental sobre el fallido magnicidio denominado &#8216;La bala que no sali\u00f3 y el fallo que s\u00ed saldr\u00e1&#8221;, que remite al t\u00edtulo de un editorial publicado por el diario Clar\u00edn en septiembre del a\u00f1o pasado. Se puede ver completo desde\u00a0<a href=\"https:\/\/www.youtube.com\/watch?v=agecoemGI6g\" target=\"_blank\" rel=\"noopener\">Youtube<\/a>.<\/p>\n<p>Rivadeneira dijo que &#8220;la causa judicial no avanza, dejaron pasar casi un a\u00f1o para peritar el celular del diputado de Juntos por el Cambio (Gerardo) Milman, despu\u00e9s que se prob\u00f3 que en una fundaci\u00f3n trucha de (Patricia) Bullrich le &#8216;limpiaron&#8217; los tel\u00e9fonos celulares a sus dos secretarias.&#8221;, afirm\u00f3 Rivadeneira..<\/p>\n<p>Adem\u00e1s, &#8220;se prob\u00f3 que Milman, mientras estaba en el bar, sab\u00eda lo que le iba a pasar a Cristina&#8221; (Fern\u00e1ndez de Kirchner), agreg\u00f3, en referencia a sus supuestos dichos referidos a que cuando ocurriera el atentado \u00e9l iba a estar lejos de la Capital Federal.<\/p>\n<p>&#8220;La oposici\u00f3n pol\u00edtica y los medios hegem\u00f3nicos minimizaron el intento de magnicidio contra Cristina. Recordemos que Patricia Bullrich se neg\u00f3 a repudiar el hecho. Est\u00e1s cuestiones y otras cuestiones conexas, son el principal motivo para que sigamos exigiendo el esclarecimiento&#8221;, concluy\u00f3 el jubilado.<\/p>\n<p><strong>La lista Verde y Blanca de ATE<\/strong>\u00a0convoc\u00f3 por su parte desde las 16 frente al Anexo del Congreso, en Riobamba 25, con la idea de &#8220;realizar diferentes acciones junto a otras organizaciones para visibilizar la responsabilidad de Milman&#8221;.<\/p>\n<p>Y se\u00f1alaron en un comunicado: &#8220;No queremos el odio en nuestra patria. Exigimos Justicia y una verdadera investigaci\u00f3n del atentado contra CFK&#8221;.<\/p>\n","protected":false},"excerpt":{"rendered":"<p>Organizaciones sociales, sindicales, feministas y de adultos mayores adherentes a Uni\u00f3n por la Patria (UxP) se movilizar\u00e1n este viernes en reclamo de &#8220;justicia&#8221;, contra la &#8220;impunidad&#8221; y para exigir castigo a los responsables, porque &#8220;con violencia pol\u00edtica no hay democracia&#8221;,\u00a0al cumplirse un a\u00f1o del intento de magnicidio contra la vicepresidenta Cristina Kirchner. La organizaci\u00f3n La [&hellip;]<\/p>\n","protected":false},"author":2,"featured_media":18633,"comment_status":"closed","ping_status":"closed","sticky":false,"template":"","format":"standard","meta":{"footnotes":""},"categories":[79],"tags":[],"class_list":{"0":"post-18632","1":"post","2":"type-post","3":"status-publish","4":"format-standard","5":"has-post-thumbnail","7":"category-politica"},"_links":{"self":[{"href":"https:\/\/radiobitacora.com.ar\/web\/wp-json\/wp\/v2\/posts\/18632","targetHints":{"allow":["GET"]}}],"collection":[{"href":"https:\/\/radiobitacora.com.ar\/web\/wp-json\/wp\/v2\/posts"}],"about":[{"href":"https:\/\/radiobitacora.com.ar\/web\/wp-json\/wp\/v2\/types\/post"}],"author":[{"embeddable":true,"href":"https:\/\/radiobitacora.com.ar\/web\/wp-json\/wp\/v2\/users\/2"}],"replies":[{"embeddable":true,"href":"https:\/\/radiobitacora.com.ar\/web\/wp-json\/wp\/v2\/comments?post=18632"}],"version-history":[{"count":0,"href":"https:\/\/radiobitacora.com.ar\/web\/wp-json\/wp\/v2\/posts\/18632\/revisions"}],"wp:featuredmedia":[{"embeddable":true,"href":"https:\/\/radiobitacora.com.ar\/web\/wp-json\/wp\/v2\/media\/18633"}],"wp:attachment":[{"href":"https:\/\/radiobitacora.com.ar\/web\/wp-json\/wp\/v2\/media?parent=18632"}],"wp:term":[{"taxonomy":"category","embeddable":true,"href":"https:\/\/radiobitacora.com.ar\/web\/wp-json\/wp\/v2\/categories?post=18632"},{"taxonomy":"post_tag","embeddable":true,"href":"https:\/\/radiobitacora.com.ar\/web\/wp-json\/wp\/v2\/tags?post=18632"}],"curies":[{"name":"wp","href":"https:\/\/api.w.org\/{rel}","templated":true}]}}