{"id":18635,"date":"2023-09-04T07:20:12","date_gmt":"2023-09-04T10:20:12","guid":{"rendered":"https:\/\/radiobitacora.com.ar\/web\/?p=18635"},"modified":"2023-09-04T07:20:12","modified_gmt":"2023-09-04T10:20:12","slug":"valdes-sobre-el-bono-a-empleados-si-nacion-nos-manda-la-plata-pagamos","status":"publish","type":"post","link":"https:\/\/radiobitacora.com.ar\/web\/2023\/09\/04\/valdes-sobre-el-bono-a-empleados-si-nacion-nos-manda-la-plata-pagamos\/","title":{"rendered":"VALD\u00c9S SOBRE EL BONO A EMPLEADOS: \u201cSI NACI\u00d3N NOS MANDA LA PLATA, PAGAMOS\u201d"},"content":{"rendered":"<h3><strong>As\u00ed lo afirm\u00f3 el gobernador Gustavo Vald\u00e9s en referencia al bono a empleados impulsado por el Ministerio de Econom\u00eda liderado por Sergio Massa. Hizo referencia a que Corrientes tiene su propia \u201cpol\u00edtica salarial\u201d, con anuncios de incrementos determinados\u00a0con anterioridad.<\/strong><\/h3>\n<p>El Primer Mandatario de la Provincia Gustavo Vald\u00e9s hizo declaraciones este viernes acerca de las \u00faltimas medidas econ\u00f3micas que Sergio Massa anunci\u00f3 el \u00faltimo domingo. Al respecto, el gobernador destac\u00f3 que \u201csi el Gobierno Nacional nos manda la plata, pagamos o no tenemos problemas en\u00a0hacerles de agentes de pago\u201d,\u00a0en referencia al bono para empleados estatales y privados impulsado desde Econom\u00eda.<\/p>\n<p>Afirm\u00f3 que Corrientes se rige a partir de su \u201cpol\u00edtica salarial\u201d, donde se determinaron incrementos salariales de forma anterior a estos anuncios. \u00a0Las declaraciones se dieron tras la renuencia de varias provincias de no abonar el este bono.<\/p>\n","protected":false},"excerpt":{"rendered":"<p>As\u00ed lo afirm\u00f3 el gobernador Gustavo Vald\u00e9s en referencia al bono a empleados impulsado por el Ministerio de Econom\u00eda liderado por Sergio Massa. Hizo referencia a que Corrientes tiene su propia \u201cpol\u00edtica salarial\u201d, con anuncios de incrementos determinados\u00a0con anterioridad. El Primer Mandatario de la Provincia Gustavo Vald\u00e9s hizo declaraciones este viernes acerca de las \u00faltimas [&hellip;]<\/p>\n","protected":false},"author":2,"featured_media":18636,"comment_status":"closed","ping_status":"closed","sticky":false,"template":"","format":"standard","meta":{"footnotes":""},"categories":[79],"tags":[],"class_list":{"0":"post-18635","1":"post","2":"type-post","3":"status-publish","4":"format-standard","5":"has-post-thumbnail","7":"category-politica"},"_links":{"self":[{"href":"https:\/\/radiobitacora.com.ar\/web\/wp-json\/wp\/v2\/posts\/18635","targetHints":{"allow":["GET"]}}],"collection":[{"href":"https:\/\/radiobitacora.com.ar\/web\/wp-json\/wp\/v2\/posts"}],"about":[{"href":"https:\/\/radiobitacora.com.ar\/web\/wp-json\/wp\/v2\/types\/post"}],"author":[{"embeddable":true,"href":"https:\/\/radiobitacora.com.ar\/web\/wp-json\/wp\/v2\/users\/2"}],"replies":[{"embeddable":true,"href":"https:\/\/radiobitacora.com.ar\/web\/wp-json\/wp\/v2\/comments?post=18635"}],"version-history":[{"count":0,"href":"https:\/\/radiobitacora.com.ar\/web\/wp-json\/wp\/v2\/posts\/18635\/revisions"}],"wp:featuredmedia":[{"embeddable":true,"href":"https:\/\/radiobitacora.com.ar\/web\/wp-json\/wp\/v2\/media\/18636"}],"wp:attachment":[{"href":"https:\/\/radiobitacora.com.ar\/web\/wp-json\/wp\/v2\/media?parent=18635"}],"wp:term":[{"taxonomy":"category","embeddable":true,"href":"https:\/\/radiobitacora.com.ar\/web\/wp-json\/wp\/v2\/categories?post=18635"},{"taxonomy":"post_tag","embeddable":true,"href":"https:\/\/radiobitacora.com.ar\/web\/wp-json\/wp\/v2\/tags?post=18635"}],"curies":[{"name":"wp","href":"https:\/\/api.w.org\/{rel}","templated":true}]}}