{"id":18668,"date":"2023-09-04T08:37:01","date_gmt":"2023-09-04T11:37:01","guid":{"rendered":"https:\/\/radiobitacora.com.ar\/web\/?p=18668"},"modified":"2023-09-04T08:37:01","modified_gmt":"2023-09-04T11:37:01","slug":"una-nueva-polemica-para-milei-una-empresa-puede-contaminar-un-rio-todo-lo-que-quiera","status":"publish","type":"post","link":"https:\/\/radiobitacora.com.ar\/web\/2023\/09\/04\/una-nueva-polemica-para-milei-una-empresa-puede-contaminar-un-rio-todo-lo-que-quiera\/","title":{"rendered":"Una nueva pol\u00e9mica: para Milei &#8220;una empresa puede contaminar un r\u00edo todo lo que quiera&#8221;"},"content":{"rendered":"<p><strong>El candidato presidencial de La Libertad Avanza (LLA), Javier Milei<\/strong>, dijo que\u00a0<strong>&#8220;una empresa puede contaminar un r\u00edo todo lo que quiera&#8221;<\/strong>, afirm\u00f3 que\u00a0<strong>el valor del agua es &#8220;cero&#8221;<\/strong>\u00a0y\u00a0<strong>propuso la apropiaci\u00f3n de esos cauces por parte de intereses privados<\/strong>, lo que abri\u00f3 una nueva pol\u00e9mica sobre sus propuestas y despert\u00f3 variadas cr\u00edticas de todos los dem\u00e1s sectores pol\u00edticos.<\/p>\n<p>&#8220;Una nueva propuesta de Milei.\u00a0<strong>Adem\u00e1s de ser negacionista del cambio clim\u00e1tico ahora habla de privatizar un recurso como el agua que ya es escaso en el mundo<\/strong>, y en nuestro pa\u00eds s\u00ed tiene due\u00f1o: somos todos los argentinos y argentinas&#8221;, le respondi\u00f3 la titular de Aysa,\u00a0<strong>Malena Galmarini<\/strong>, a trav\u00e9s de su cuenta de Twitter.<\/p>\n<div class=\"twitter-tweet twitter-tweet-rendered\"><iframe id=\"twitter-widget-0\" class=\"\" title=\"Twitter Tweet\" src=\"https:\/\/platform.twitter.com\/embed\/Tweet.html?creatorScreenName=agenciatelam&amp;dnt=false&amp;embedId=twitter-widget-0&amp;features=eyJ0ZndfdGltZWxpbmVfbGlzdCI6eyJidWNrZXQiOltdLCJ2ZXJzaW9uIjpudWxsfSwidGZ3X2ZvbGxvd2VyX2NvdW50X3N1bnNldCI6eyJidWNrZXQiOnRydWUsInZlcnNpb24iOm51bGx9LCJ0ZndfdHdlZXRfZWRpdF9iYWNrZW5kIjp7ImJ1Y2tldCI6Im9uIiwidmVyc2lvbiI6bnVsbH0sInRmd19yZWZzcmNfc2Vzc2lvbiI6eyJidWNrZXQiOiJvbiIsInZlcnNpb24iOm51bGx9LCJ0ZndfZm9zbnJfc29mdF9pbnRlcnZlbnRpb25zX2VuYWJsZWQiOnsiYnVja2V0Ijoib24iLCJ2ZXJzaW9uIjpudWxsfSwidGZ3X21peGVkX21lZGlhXzE1ODk3Ijp7ImJ1Y2tldCI6InRyZWF0bWVudCIsInZlcnNpb24iOm51bGx9LCJ0ZndfZXhwZXJpbWVudHNfY29va2llX2V4cGlyYXRpb24iOnsiYnVja2V0IjoxMjA5NjAwLCJ2ZXJzaW9uIjpudWxsfSwidGZ3X3Nob3dfYmlyZHdhdGNoX3Bpdm90c19lbmFibGVkIjp7ImJ1Y2tldCI6Im9uIiwidmVyc2lvbiI6bnVsbH0sInRmd19kdXBsaWNhdGVfc2NyaWJlc190b19zZXR0aW5ncyI6eyJidWNrZXQiOiJvbiIsInZlcnNpb24iOm51bGx9LCJ0ZndfdXNlX3Byb2ZpbGVfaW1hZ2Vfc2hhcGVfZW5hYmxlZCI6eyJidWNrZXQiOiJvbiIsInZlcnNpb24iOm51bGx9LCJ0ZndfdmlkZW9faGxzX2R5bmFtaWNfbWFuaWZlc3RzXzE1MDgyIjp7ImJ1Y2tldCI6InRydWVfYml0cmF0ZSIsInZlcnNpb24iOm51bGx9LCJ0ZndfbGVnYWN5X3RpbWVsaW5lX3N1bnNldCI6eyJidWNrZXQiOnRydWUsInZlcnNpb24iOm51bGx9LCJ0ZndfdHdlZXRfZWRpdF9mcm9udGVuZCI6eyJidWNrZXQiOiJvbiIsInZlcnNpb24iOm51bGx9fQ%3D%3D&amp;frame=false&amp;hideCard=false&amp;hideThread=false&amp;id=1697785121548509311&amp;lang=es&amp;origin=https%3A%2F%2Fwww.telam.com.ar%2Fnotas%2F202309%2F638954-contaminacion-agua-milei.html&amp;sessionId=1ad2c1636ad42e0596e4b72e461a2dd7d3e52744&amp;siteScreenName=agenciatelam&amp;theme=light&amp;widgetsVersion=aaf4084522e3a%3A1674595607486&amp;width=550px\" frameborder=\"0\" scrolling=\"no\" allowfullscreen=\"allowfullscreen\" data-tweet-id=\"1697785121548509311\" data-mce-fragment=\"1\"><\/iframe><\/div>\n<p>&#8220;Mientras el mundo se preocupa por el calentamiento global, unos pocos quieren lucrar con las necesidades b\u00e1sicas de las personas. Nuestros r\u00edos se cuidan y el agua no se negocia&#8221;, asever\u00f3 la funcionaria.<\/p>\n<p>Este viernes, en declaraciones\u00a0<strong>en el cierre del Congreso Econ\u00f3mico Argentino en La Rural<\/strong>, Milei abri\u00f3 una nueva pol\u00e9mica a partir de una declaraci\u00f3n formulada en ese marco.<\/p>\n<p>&#8220;En el caso de una empresa que contamina el r\u00edo, lo que no est\u00e1 bien definido es el derecho de propiedad. Esa empresa puede contaminar el r\u00edo todo lo que quiera&#8221;, dijo en su disertaci\u00f3n y se pegunt\u00f3: &#8220;\u00bfAd\u00f3nde est\u00e1 el da\u00f1o? \u00bfD\u00f3nde est\u00e1 el problema ah\u00ed? Eso, en realidad, habla de una sociedad a la que le sobra el agua, y el precio del agua es cero&#8221;<\/p>\n<p>&#8220;El problema en realidad radica en que no hay derechos de propiedad sobre el agua, cuando falte el agua, alguien va a ver un negocio ah\u00ed y va a reclamar los derechos de propiedad. Van a ver c\u00f3mo ah\u00ed s\u00ed se termina la contaminaci\u00f3n&#8221;, agreg\u00f3 el candidato de ultraderecha, que result\u00f3 el m\u00e1s votado en las PASO.<\/p>\n<p>De esta forma, el candidato presidencial volvi\u00f3 a relativizar los efectos del cambio clim\u00e1tico, algo que ya hab\u00eda hecho durante el debate de candidatos de 2021, donde asegur\u00f3 que la tierra no se estaba calentando sino enfriando.<\/p>\n<figure class=\"mb-3\"><img decoding=\"async\" class=\" lazy \" src=\"https:\/\/www.telam.com.ar\/thumbs\/bluesteel\/advf\/imagenes\/2023\/08\/64ea7275602f9_1200.jpg\" alt=\"Alguien ver un negocio va a reclamar los derechos de propiedad sobre el agua Van a ver cmo ah s se termina la contaminacin\" width=\"100%\" height=\"100%\" \/><\/p>\n<div class=\"media-icons\"><\/div><figcaption>&#8220;Alguien ver\u00e1 un negocio va a reclamar los derechos de propiedad sobre el agua. Van a ver c\u00f3mo ah\u00ed s\u00ed se termina la contaminaci\u00f3n&#8221;.<\/figcaption><\/figure>\n<p>&nbsp;<\/p>\n<blockquote class=\"\"><p>\u201cUna empresa puede contaminar el r\u00edo todo lo que quiera. El problema radica en que no hay derechos de propiedad sobre el agua, cuando falte el agua, alguien va a ver un negocio ah\u00ed y va a reclamar los derechos de propiedad. Van a ver c\u00f3mo ah\u00ed s\u00ed se termina la contaminaci\u00f3n&#8221;<cite class=\"author\">Javier Milei<\/cite><\/p><\/blockquote>\n<p>Otro de los dirigentes que sali\u00f3 a cuestionar a Milei fue el referente del PRO Federico Pinedo.\u00a0&#8220;Entre todos debemos cuidar lo de todos: el aire, las aguas p\u00fablicas. Es lo que establecen la Constituci\u00f3n y las normas mundiales de cuidado del ambiente&#8221;, dijo Pinedo en su cuenta de Twitter.<\/p>\n<p>&#8220;Esto de mercantilizar todo es una aberraci\u00f3n. La apropiaci\u00f3n privada de los r\u00edos \u00bfser\u00e1 por la violencia?&#8221;, se pregunt\u00f3 Pinedo al final de su posteo.<\/p>\n<div class=\"twitter-tweet twitter-tweet-rendered\"><iframe id=\"twitter-widget-1\" class=\"\" title=\"Twitter Tweet\" src=\"https:\/\/platform.twitter.com\/embed\/Tweet.html?creatorScreenName=agenciatelam&amp;dnt=false&amp;embedId=twitter-widget-1&amp;features=eyJ0ZndfdGltZWxpbmVfbGlzdCI6eyJidWNrZXQiOltdLCJ2ZXJzaW9uIjpudWxsfSwidGZ3X2ZvbGxvd2VyX2NvdW50X3N1bnNldCI6eyJidWNrZXQiOnRydWUsInZlcnNpb24iOm51bGx9LCJ0ZndfdHdlZXRfZWRpdF9iYWNrZW5kIjp7ImJ1Y2tldCI6Im9uIiwidmVyc2lvbiI6bnVsbH0sInRmd19yZWZzcmNfc2Vzc2lvbiI6eyJidWNrZXQiOiJvbiIsInZlcnNpb24iOm51bGx9LCJ0ZndfZm9zbnJfc29mdF9pbnRlcnZlbnRpb25zX2VuYWJsZWQiOnsiYnVja2V0Ijoib24iLCJ2ZXJzaW9uIjpudWxsfSwidGZ3X21peGVkX21lZGlhXzE1ODk3Ijp7ImJ1Y2tldCI6InRyZWF0bWVudCIsInZlcnNpb24iOm51bGx9LCJ0ZndfZXhwZXJpbWVudHNfY29va2llX2V4cGlyYXRpb24iOnsiYnVja2V0IjoxMjA5NjAwLCJ2ZXJzaW9uIjpudWxsfSwidGZ3X3Nob3dfYmlyZHdhdGNoX3Bpdm90c19lbmFibGVkIjp7ImJ1Y2tldCI6Im9uIiwidmVyc2lvbiI6bnVsbH0sInRmd19kdXBsaWNhdGVfc2NyaWJlc190b19zZXR0aW5ncyI6eyJidWNrZXQiOiJvbiIsInZlcnNpb24iOm51bGx9LCJ0ZndfdXNlX3Byb2ZpbGVfaW1hZ2Vfc2hhcGVfZW5hYmxlZCI6eyJidWNrZXQiOiJvbiIsInZlcnNpb24iOm51bGx9LCJ0ZndfdmlkZW9faGxzX2R5bmFtaWNfbWFuaWZlc3RzXzE1MDgyIjp7ImJ1Y2tldCI6InRydWVfYml0cmF0ZSIsInZlcnNpb24iOm51bGx9LCJ0ZndfbGVnYWN5X3RpbWVsaW5lX3N1bnNldCI6eyJidWNrZXQiOnRydWUsInZlcnNpb24iOm51bGx9LCJ0ZndfdHdlZXRfZWRpdF9mcm9udGVuZCI6eyJidWNrZXQiOiJvbiIsInZlcnNpb24iOm51bGx9fQ%3D%3D&amp;frame=false&amp;hideCard=false&amp;hideThread=false&amp;id=1697932999663202433&amp;lang=es&amp;origin=https%3A%2F%2Fwww.telam.com.ar%2Fnotas%2F202309%2F638954-contaminacion-agua-milei.html&amp;sessionId=1ad2c1636ad42e0596e4b72e461a2dd7d3e52744&amp;siteScreenName=agenciatelam&amp;theme=light&amp;widgetsVersion=aaf4084522e3a%3A1674595607486&amp;width=550px\" frameborder=\"0\" scrolling=\"no\" allowfullscreen=\"allowfullscreen\" data-tweet-id=\"1697932999663202433\" data-mce-fragment=\"1\"><\/iframe><\/div>\n<p>Tambi\u00e9n desde Juntos por el Cambio, Gladys Gonz\u00e1lez, la senadora nacional por la provincia de Buenos Aires que preside la Comisi\u00f3n de Ambiente y Desarrollo Sustentable, sali\u00f3 a cuestionar a Milei.<\/p>\n<p>&#8220;Te gusta que la gente se enferme Milei? C\u00f3mo se nota que no has pisado jam\u00e1s los barrios de la gente que vive al margen de un r\u00edo contaminado. No te importa el plomo en sangre de los ni\u00f1os, ni sus enfermedades respiratorias, ni que caminen entre la basura y la mierda&#8221;; dijo la legisladora en su cuenta de Twitter.<\/p>\n<p>Y agreg\u00f3: &#8220;Y encima, vos que sab\u00e9s tanto de econom\u00eda, no entend\u00e9s que cuesta plata? La plata de los impuestos en los gastos de salud y de la p\u00e9rdida de competitividad de las empresas de las que hablas?!! Sos burro o sos un mal pibe?&#8221;.<\/p>\n<p>Desde la izquierda, la candidata presidencial Myriam Bregman expres\u00f3: &#8220;Ni c\u00f3mplices ni sometidos al extractivismo y la voracidad empresaria. Nuestras vidas valen m\u00e1s que sus ganancias. (Y lo que dice es ilegal, que agarre un librito que no muerde)&#8221;.<\/p>\n","protected":false},"excerpt":{"rendered":"<p>El candidato presidencial de La Libertad Avanza (LLA), Javier Milei, dijo que\u00a0&#8220;una empresa puede contaminar un r\u00edo todo lo que quiera&#8221;, afirm\u00f3 que\u00a0el valor del agua es &#8220;cero&#8221;\u00a0y\u00a0propuso la apropiaci\u00f3n de esos cauces por parte de intereses privados, lo que abri\u00f3 una nueva pol\u00e9mica sobre sus propuestas y despert\u00f3 variadas cr\u00edticas de todos los dem\u00e1s [&hellip;]<\/p>\n","protected":false},"author":2,"featured_media":18669,"comment_status":"closed","ping_status":"closed","sticky":false,"template":"","format":"standard","meta":{"footnotes":""},"categories":[79],"tags":[],"class_list":{"0":"post-18668","1":"post","2":"type-post","3":"status-publish","4":"format-standard","5":"has-post-thumbnail","7":"category-politica"},"_links":{"self":[{"href":"https:\/\/radiobitacora.com.ar\/web\/wp-json\/wp\/v2\/posts\/18668","targetHints":{"allow":["GET"]}}],"collection":[{"href":"https:\/\/radiobitacora.com.ar\/web\/wp-json\/wp\/v2\/posts"}],"about":[{"href":"https:\/\/radiobitacora.com.ar\/web\/wp-json\/wp\/v2\/types\/post"}],"author":[{"embeddable":true,"href":"https:\/\/radiobitacora.com.ar\/web\/wp-json\/wp\/v2\/users\/2"}],"replies":[{"embeddable":true,"href":"https:\/\/radiobitacora.com.ar\/web\/wp-json\/wp\/v2\/comments?post=18668"}],"version-history":[{"count":0,"href":"https:\/\/radiobitacora.com.ar\/web\/wp-json\/wp\/v2\/posts\/18668\/revisions"}],"wp:featuredmedia":[{"embeddable":true,"href":"https:\/\/radiobitacora.com.ar\/web\/wp-json\/wp\/v2\/media\/18669"}],"wp:attachment":[{"href":"https:\/\/radiobitacora.com.ar\/web\/wp-json\/wp\/v2\/media?parent=18668"}],"wp:term":[{"taxonomy":"category","embeddable":true,"href":"https:\/\/radiobitacora.com.ar\/web\/wp-json\/wp\/v2\/categories?post=18668"},{"taxonomy":"post_tag","embeddable":true,"href":"https:\/\/radiobitacora.com.ar\/web\/wp-json\/wp\/v2\/tags?post=18668"}],"curies":[{"name":"wp","href":"https:\/\/api.w.org\/{rel}","templated":true}]}}