{"id":18692,"date":"2023-09-05T07:52:35","date_gmt":"2023-09-05T10:52:35","guid":{"rendered":"https:\/\/radiobitacora.com.ar\/web\/?p=18692"},"modified":"2023-09-05T07:52:35","modified_gmt":"2023-09-05T10:52:35","slug":"productores-e-industriales-siguen-sin-poder-fijar-un-precio-para-la-yerba-mate","status":"publish","type":"post","link":"https:\/\/radiobitacora.com.ar\/web\/2023\/09\/05\/productores-e-industriales-siguen-sin-poder-fijar-un-precio-para-la-yerba-mate\/","title":{"rendered":"PRODUCTORES E INDUSTRIALES SIGUEN SIN PODER FIJAR UN PRECIO PARA LA YERBA MATE"},"content":{"rendered":"<h3>Representantes de productores yerbateros e industriales se volvieron a reunir junto al directorio del INYM para seguir debatiendo sobre el precio de la yerba mate, y una vez m\u00e1s no pudieron definir la nueva grilla. Se reunir\u00e1n nuevamente el pr\u00f3ximo jueves 7 de septiembre.<\/h3>\n<p>La semana pasada, las negociaciones para definir nuevos precios para la hoja verde y la yerba canchada, se volvieron a extender y pasaron a cuarto intermedio. Ser\u00e1 el pr\u00f3ximo jueves 7 de septiembre.<\/p>\n<p>\u201cSe est\u00e1n analizando las distintas propuestas, seguimos debatiendo\u201d, asegur\u00f3 el presidente del INYM, Juan Jos\u00e9 Szychowski. \u201cVeremos que sucede el 7 de septiembre\u201d, agreg\u00f3 en declaraciones a Misiones Online.<\/p>\n<p>Pese a que a\u00fan resta conocer oficialmente los precios que propondr\u00e1 la industria, representantes de cooperativas y asociaciones yerbateras ya dieron a conocer algunas de sus propuestas a trav\u00e9s de comunicados en las redes sociales o en declaraciones a la prensa.<\/p>\n<p>Las ofertas de productores yerbateros van desde disponer una cl\u00e1usula gatillo que ajuste autom\u00e1ticamente el precio de la hoja verde a fuertes subas del d\u00f3lar o la inflaci\u00f3n hasta posponer la fijaci\u00f3n hasta que la situaci\u00f3n econ\u00f3mica nacional mejore.<\/p>\n<p>Hay quienes ya proponen cifras exactas, como es el caso de productores autoconvocados que se reunieron en Ap\u00f3stoles junto a autoridades de la Federaci\u00f3n Agraria, quienes piden $262 por el kilo de la hoja verde.<\/p>\n","protected":false},"excerpt":{"rendered":"<p>Representantes de productores yerbateros e industriales se volvieron a reunir junto al directorio del INYM para seguir debatiendo sobre el precio de la yerba mate, y una vez m\u00e1s no pudieron definir la nueva grilla. Se reunir\u00e1n nuevamente el pr\u00f3ximo jueves 7 de septiembre. La semana pasada, las negociaciones para definir nuevos precios para la [&hellip;]<\/p>\n","protected":false},"author":2,"featured_media":18693,"comment_status":"closed","ping_status":"closed","sticky":false,"template":"","format":"standard","meta":{"footnotes":""},"categories":[56],"tags":[],"class_list":{"0":"post-18692","1":"post","2":"type-post","3":"status-publish","4":"format-standard","5":"has-post-thumbnail","7":"category-locales"},"_links":{"self":[{"href":"https:\/\/radiobitacora.com.ar\/web\/wp-json\/wp\/v2\/posts\/18692","targetHints":{"allow":["GET"]}}],"collection":[{"href":"https:\/\/radiobitacora.com.ar\/web\/wp-json\/wp\/v2\/posts"}],"about":[{"href":"https:\/\/radiobitacora.com.ar\/web\/wp-json\/wp\/v2\/types\/post"}],"author":[{"embeddable":true,"href":"https:\/\/radiobitacora.com.ar\/web\/wp-json\/wp\/v2\/users\/2"}],"replies":[{"embeddable":true,"href":"https:\/\/radiobitacora.com.ar\/web\/wp-json\/wp\/v2\/comments?post=18692"}],"version-history":[{"count":0,"href":"https:\/\/radiobitacora.com.ar\/web\/wp-json\/wp\/v2\/posts\/18692\/revisions"}],"wp:featuredmedia":[{"embeddable":true,"href":"https:\/\/radiobitacora.com.ar\/web\/wp-json\/wp\/v2\/media\/18693"}],"wp:attachment":[{"href":"https:\/\/radiobitacora.com.ar\/web\/wp-json\/wp\/v2\/media?parent=18692"}],"wp:term":[{"taxonomy":"category","embeddable":true,"href":"https:\/\/radiobitacora.com.ar\/web\/wp-json\/wp\/v2\/categories?post=18692"},{"taxonomy":"post_tag","embeddable":true,"href":"https:\/\/radiobitacora.com.ar\/web\/wp-json\/wp\/v2\/tags?post=18692"}],"curies":[{"name":"wp","href":"https:\/\/api.w.org\/{rel}","templated":true}]}}